{"id":611328,"date":"2025-12-20T08:22:16","date_gmt":"2025-12-20T08:22:16","guid":{"rendered":"https:\/\/www.europesays.com\/fr\/611328\/"},"modified":"2025-12-20T08:22:16","modified_gmt":"2025-12-20T08:22:16","slug":"decryptage-guerre-en-ukraine-dou-viennent-les-90-milliards-deuros-pretes-par-leurope-et-a-quoi-vont-ils-servir","status":"publish","type":"post","link":"https:\/\/www.europesays.com\/fr\/611328\/","title":{"rendered":"DECRYPTAGE. Guerre en Ukraine\u00a0: d\u2019o\u00f9 viennent les 90\u00a0milliards d\u2019euros pr\u00eat\u00e9s par l\u2019Europe et \u00e0 quoi vont-ils servir\u00a0?"},"content":{"rendered":"<p>\n                                                                    l&rsquo;essentiel<br \/>\n                                                                Apr\u00e8s une nuit de n\u00e9gociations tendues, les Vingt-Sept ont tranch\u00e9 vendredi 19\u00a0d\u00e9cembre\u00a0: un pr\u00eat de 90\u00a0milliards d\u2019euros \u00e0 taux z\u00e9ro pour soutenir l\u2019Ukraine, tout en \u00e9cartant l\u2019utilisation des avoirs russes.\n                            <\/p>\n<p>La nuit a \u00e9t\u00e9 longue pour les dirigeants europ\u00e9ens, mais les n\u00e9gociations ont fini par aboutir. Au terme d\u2019une session \u00e9prouvante entre le jeudi\u00a018 et le vendredi 19\u00a0d\u00e9cembre, les vingt-sept \u00c9tats membres sont parvenus \u00e0 un accord crucial. Le pr\u00e9sident du Conseil europ\u00e9en, Antonio Costa, a annonc\u00e9 sur le r\u00e9seau social X le d\u00e9blocage d\u2019un pr\u00eat de 90\u00a0milliards d\u2019euros pour soutenir l\u2019Ukraine sur la p\u00e9riode 2026-2027.<\/p>\n<blockquote data-class=\"twitter-tweet\">\n<p lang=\"en\" dir=\"ltr\">We have a deal.<\/p>\n<p>Decision to provide 90 billion euros of support to Ukraine for 2026-27 approved.<\/p>\n<p>We committed, we delivered.<\/p>\n<p>\u2014 Ant\u00f3nio Costa (@eucopresident) <a href=\"https:\/\/twitter.com\/eucopresident\/status\/2001833884024213533?ref_src=twsrc%5Etfw\" target=\"_blank\" rel=\"noopener\">December 19, 2025<\/a><\/p><\/blockquote>\n<p>Un pr\u00eat \u00e0 taux z\u00e9ro choisi par les Vingt-Sept<\/p>\n<p>Le recours aux avoirs russes a finalement \u00e9t\u00e9 \u00e9cart\u00e9 des discussions. Les dirigeants europ\u00e9ens n\u2019ont pas r\u00e9ussi \u00e0 lever les objections du premier ministre belge, Bart De Wever, inquiet des risques que le dispositif fait peser sur son pays, o\u00f9 est h\u00e9berg\u00e9 l\u2019essentiel des avoirs russes.<\/p>\n<p class=\"std-elt__inline\">\n        <strong>\u00c0 lire aussi :<\/strong><br \/>\n        <a href=\"https:\/\/www.ladepeche.fr\/2025\/12\/19\/guerre-en-ukraine-pourquoi-les-milliards-deuros-russes-geles-par-lunion-europeenne-nont-toujours-pas-ete-utlises-13119258.php\" target=\"_blank\" rel=\"noopener\">Guerre en Ukraine\u00a0: pourquoi les milliards d\u2019euros russes gel\u00e9s par l\u2019Union europ\u00e9enne n\u2019ont toujours pas \u00e9t\u00e9 utlis\u00e9s\u00a0?<\/a>\n    <\/p>\n<p>Les Vingt-Sept ont donc tranch\u00e9 pour un pr\u00eat \u00e0 taux z\u00e9ro. L\u2019id\u00e9e d\u2019un emprunt de l\u2019UE semblait initialement irr\u00e9alisable, car elle n\u00e9cessite l\u2019unanimit\u00e9 et le Premier ministre hongrois Viktor Orb\u00e1n, favorable \u00e0 la Russie, s\u2019y \u00e9tait oppos\u00e9. Finalement, la Hongrie, la Slovaquie et la R\u00e9publique tch\u00e8que \u2013 tout autant r\u00e9ticentes \u00e0 soutenir financi\u00e8rement l\u2019Ukraine \u2013 ont accept\u00e9 de laisser le projet se poursuivre, \u00e0 condition qu\u2019ils n\u2019aient pas d\u2019impact financier sur elles.<\/p>\n<p>L\u2019op\u00e9ration ne concerne donc que vingt-quatre membres. Concr\u00e8tement, la Commission europ\u00e9enne l\u00e8vera les fonds sur les march\u00e9s financiers, comme elle a l\u2019habitude de le faire. L\u2019Ukraine ne devra rembourser la somme que si elle obtient des r\u00e9parations de la part de la Russie, et les Europ\u00e9ens se r\u00e9servent le droit d\u2019utiliser les actifs russes pour rembourser les pr\u00eateurs. Le maintien du gel de ces avoirs a d\u2019ailleurs \u00e9t\u00e9 s\u00e9curis\u00e9 juridiquement la semaine derni\u00e8re. \u00ab\u00a0Les jeux sont faits, tout le monde est soulag\u00e9\u00a0\u00bb, a conclu le Premier ministre belge Bart De Wever au terme de ce sommet.<\/p>\n<p>Une victoire pour l\u2019Ukraine et l\u2019Europe<\/p>\n<p>Pour Kiev, l\u2019annonce de cet accord sonne comme un immense soulagement. Les enjeux financiers \u00e9taient critiques\u00a0: sans ce soutien de l\u2019Union europ\u00e9enne, l\u2019Ukraine risquait de se retrouver \u00e0 court de liquidit\u00e9s d\u00e8s le deuxi\u00e8me trimestre de l\u2019ann\u00e9e prochaine. Une situation engendr\u00e9e par le d\u00e9sengagement am\u00e9ricain, et qui aurait compromis sa capacit\u00e9 \u00e0 poursuivre le conflit face \u00e0 la Russie.<\/p>\n<p class=\"std-elt__inline\">\n        <strong>\u00c0 lire aussi :<\/strong><br \/>\n        <a href=\"https:\/\/www.ladepeche.fr\/2025\/12\/18\/vladimir-poutine-le-chef-du-kremlin-attaque-les-dirigeants-europeens-les-qualifiant-de-petits-cochons-13118629.php\" target=\"_blank\" rel=\"noopener\">Vladimir Poutine\u00a0: le chef du Kremlin attaque les dirigeants europ\u00e9ens, les qualifiant de \u00ab\u00a0petits cochons\u00a0\u00bb<\/a>\n    <\/p>\n<p>Le pr\u00e9sident Volodymyr Zelensky dispose d\u00e9sormais d\u2019une visibilit\u00e9 budg\u00e9taire pour ses d\u00e9penses militaires. Les conclusions du sommet indiquent que ces fonds devront b\u00e9n\u00e9ficier en priorit\u00e9 aux industries de d\u00e9fense ukrainiennes et europ\u00e9ennes. Leur versement sera en outre conditionn\u00e9 \u00e0 la poursuite par Kiev de ses efforts en faveur de l\u2019\u00e9tat de droit, notamment dans la lutte contre la corruption.<\/p>\n<p>L\u2019Union europ\u00e9enne ressort aussi victorieuse de ce sommet. En affichant une telle unit\u00e9, Bruxelles a entendu r\u00e9pondre aux critiques venues de Washington, o\u00f9 Donald Trump remet r\u00e9guli\u00e8rement en doute la capacit\u00e9 des Europ\u00e9ens \u00e0 assumer leur propre s\u00e9curit\u00e9. Alors que les besoins de financement de l\u2019Ukraine sont estim\u00e9s \u00e0 137\u00a0milliards d\u2019euros, l\u2019Union europ\u00e9enne prend d\u00e9sormais en charge les deux tiers de cette somme, soit 90\u00a0milliards d\u2019euros. Le reste doit \u00eatre assur\u00e9 par les autres alli\u00e9s de l\u2019Ukraine, comme la Norv\u00e8ge ou le Canada.<\/p>\n<p>Un levier europ\u00e9en dans la n\u00e9gociation<\/p>\n<p>Le chancelier allemand Friedrich Merz, qui a longtemps d\u00e9fendu l\u2019utilisation des avoirs russes, s\u2019est tout de m\u00eame f\u00e9licit\u00e9 d\u2019avoir envoy\u00e9 un \u00ab\u00a0message clair\u00a0\u00bb\u00a0\u00e0 Vladimir Poutine. \u00c0 l\u2019heure o\u00f9 les \u00c9tats-Unis tentent de n\u00e9gocier un accord de paix en Ukraine sans y associer les Europ\u00e9ens, cette d\u00e9cision permet aux Europ\u00e9ens de \u00ab\u00a0conserver l\u2019un de ses principaux leviers dans les n\u00e9gociations\u00a0\u00bb, a jug\u00e9 pour sa part Emmanuel Macron. \u201c\u00a0\u00bbl va redevenir utile de parler \u00e0 Vladimir Poutine\u00a0\u00bb, a conclu le pr\u00e9sident fran\u00e7ais.<\/p>\n<p>                                                                                                                                                                                                        <script async src=\"https:\/\/platform.twitter.com\/widgets.js\" charset=\"utf-8\"><\/script><\/p>\n","protected":false},"excerpt":{"rendered":"l&rsquo;essentiel Apr\u00e8s une nuit de n\u00e9gociations tendues, les Vingt-Sept ont tranch\u00e9 vendredi 19\u00a0d\u00e9cembre\u00a0: un pr\u00eat de 90\u00a0milliards d\u2019euros&hellip;\n","protected":false},"author":2,"featured_media":611329,"comment_status":"","ping_status":"","sticky":false,"template":"","format":"standard","meta":{"footnotes":""},"categories":[5],"tags":[11,1011,27,329,131,14,12,28],"class_list":{"0":"post-611328","1":"post","2":"type-post","3":"status-publish","4":"format-standard","5":"has-post-thumbnail","7":"category-international","8":"tag-actualites","9":"tag-fr","10":"tag-france","11":"tag-france-monde","12":"tag-guerre-en-ukraine","13":"tag-international","14":"tag-news","15":"tag-world"},"share_on_mastodon":{"url":"https:\/\/pubeurope.com\/@fr\/115750931281173957","error":""},"_links":{"self":[{"href":"https:\/\/www.europesays.com\/fr\/wp-json\/wp\/v2\/posts\/611328","targetHints":{"allow":["GET"]}}],"collection":[{"href":"https:\/\/www.europesays.com\/fr\/wp-json\/wp\/v2\/posts"}],"about":[{"href":"https:\/\/www.europesays.com\/fr\/wp-json\/wp\/v2\/types\/post"}],"author":[{"embeddable":true,"href":"https:\/\/www.europesays.com\/fr\/wp-json\/wp\/v2\/users\/2"}],"replies":[{"embeddable":true,"href":"https:\/\/www.europesays.com\/fr\/wp-json\/wp\/v2\/comments?post=611328"}],"version-history":[{"count":0,"href":"https:\/\/www.europesays.com\/fr\/wp-json\/wp\/v2\/posts\/611328\/revisions"}],"wp:featuredmedia":[{"embeddable":true,"href":"https:\/\/www.europesays.com\/fr\/wp-json\/wp\/v2\/media\/611329"}],"wp:attachment":[{"href":"https:\/\/www.europesays.com\/fr\/wp-json\/wp\/v2\/media?parent=611328"}],"wp:term":[{"taxonomy":"category","embeddable":true,"href":"https:\/\/www.europesays.com\/fr\/wp-json\/wp\/v2\/categories?post=611328"},{"taxonomy":"post_tag","embeddable":true,"href":"https:\/\/www.europesays.com\/fr\/wp-json\/wp\/v2\/tags?post=611328"}],"curies":[{"name":"wp","href":"https:\/\/api.w.org\/{rel}","templated":true}]}}