{"id":611333,"date":"2025-12-20T08:25:17","date_gmt":"2025-12-20T08:25:17","guid":{"rendered":"https:\/\/www.europesays.com\/fr\/611333\/"},"modified":"2025-12-20T08:25:17","modified_gmt":"2025-12-20T08:25:17","slug":"comment-la-manufacture-de-jean-prepare-le-rush-des-fetes","status":"publish","type":"post","link":"https:\/\/www.europesays.com\/fr\/611333\/","title":{"rendered":"comment la Manufacture de Jean pr\u00e9pare le rush des f\u00eates"},"content":{"rendered":"<p>\u00c0 la Manufacture de Jean \u00e0 Unieux, la p\u00e9riode de No\u00ebl repr\u00e9sente les plus grosses ventes de l\u2019ann\u00e9e, aussi les employ\u00e9s s\u2019organisent au mieux.<\/p>\n<p>\u00ab\u00a0Notre quinzaine de salari\u00e9s, aussi bien \u00e0 l\u2019atelier qu\u2019en magasin, travaille de concert afin que les journ\u00e9es soient moins lourdes avec des horaires un peu plus d\u00e9cal\u00e9s que les jours ordinaires, mais l\u2019activit\u00e9 est intense. Heureusement, nos \u00e9quipes sont stables, bien impliqu\u00e9es et conscientes de l\u2019importance de cette p\u00e9riode. Tout doit \u00eatre bien cadr\u00e9, car le nombre des commandes est multipli\u00e9 par vingt par rapport aux commandes habituelles des dimanches. Le jour de l&rsquo;An, c\u2019est diff\u00e9rent, on travaille tr\u00e8s bien mais c\u2019est un peu plus calme\u00a0\u00bb explique \u00c9milien Deygas, cog\u00e9rant de la boutique avec Julien Fistre.<\/p>\n<p>\u00ab&amp;nbs&#8230;                        <\/p>\n","protected":false},"excerpt":{"rendered":"\u00c0 la Manufacture de Jean \u00e0 Unieux, la p\u00e9riode de No\u00ebl repr\u00e9sente les plus grosses ventes de l\u2019ann\u00e9e,&hellip;\n","protected":false},"author":2,"featured_media":611334,"comment_status":"","ping_status":"","sticky":false,"template":"","format":"standard","meta":{"footnotes":""},"categories":[9653],"tags":[1111,11,2430,4406,33,7539,1777,674,10282,10283,1011,27,12,25,4001],"class_list":{"0":"post-611333","1":"post","2":"type-post","3":"status-publish","4":"format-standard","5":"has-post-thumbnail","7":"category-saint-etienne","8":"tag-actu","9":"tag-actualites","10":"tag-auvergne-rhone-alpes","11":"tag-commerce-et-services","12":"tag-economie","13":"tag-edition-loire-sud","14":"tag-eu","15":"tag-europe","16":"tag-firminy","17":"tag-firminy-ville","18":"tag-fr","19":"tag-france","20":"tag-news","21":"tag-republique-francaise","22":"tag-saint-etienne"},"share_on_mastodon":{"url":"https:\/\/pubeurope.com\/@fr\/115750943080967148","error":""},"_links":{"self":[{"href":"https:\/\/www.europesays.com\/fr\/wp-json\/wp\/v2\/posts\/611333","targetHints":{"allow":["GET"]}}],"collection":[{"href":"https:\/\/www.europesays.com\/fr\/wp-json\/wp\/v2\/posts"}],"about":[{"href":"https:\/\/www.europesays.com\/fr\/wp-json\/wp\/v2\/types\/post"}],"author":[{"embeddable":true,"href":"https:\/\/www.europesays.com\/fr\/wp-json\/wp\/v2\/users\/2"}],"replies":[{"embeddable":true,"href":"https:\/\/www.europesays.com\/fr\/wp-json\/wp\/v2\/comments?post=611333"}],"version-history":[{"count":0,"href":"https:\/\/www.europesays.com\/fr\/wp-json\/wp\/v2\/posts\/611333\/revisions"}],"wp:featuredmedia":[{"embeddable":true,"href":"https:\/\/www.europesays.com\/fr\/wp-json\/wp\/v2\/media\/611334"}],"wp:attachment":[{"href":"https:\/\/www.europesays.com\/fr\/wp-json\/wp\/v2\/media?parent=611333"}],"wp:term":[{"taxonomy":"category","embeddable":true,"href":"https:\/\/www.europesays.com\/fr\/wp-json\/wp\/v2\/categories?post=611333"},{"taxonomy":"post_tag","embeddable":true,"href":"https:\/\/www.europesays.com\/fr\/wp-json\/wp\/v2\/tags?post=611333"}],"curies":[{"name":"wp","href":"https:\/\/api.w.org\/{rel}","templated":true}]}}