{"id":611342,"date":"2025-12-20T08:30:22","date_gmt":"2025-12-20T08:30:22","guid":{"rendered":"https:\/\/www.europesays.com\/fr\/611342\/"},"modified":"2025-12-20T08:30:22","modified_gmt":"2025-12-20T08:30:22","slug":"le-conducteur-en-detention-jusqua-son-proces-en-fevrier-2","status":"publish","type":"post","link":"https:\/\/www.europesays.com\/fr\/611342\/","title":{"rendered":"le conducteur en d\u00e9tention jusqu&rsquo;\u00e0 son proc\u00e8s en f\u00e9vrier"},"content":{"rendered":"<p>Le conducteur ayant refus\u00e9 d&rsquo;obtemp\u00e9rer \u00e0 Toulon mercredi et qui a bless\u00e9 un policier dans sa fuite, a \u00e9t\u00e9 plac\u00e9 en d\u00e9tention dans l&rsquo;attente de son proc\u00e8s le 13 f\u00e9vrier, a annonc\u00e9 le procureur Rapha\u00ebl Balland vendredi.<\/p>\n<p>L&rsquo;autre enqu\u00eate, de l&rsquo;IGPN &#8211; la police des polices &#8211; concernant les deux policiers qui ont gri\u00e8vement bless\u00e9 la passag\u00e8re du v\u00e9hicule, en tirant \u00e0 20 reprises, \u00ab\u00a0devrait prendre encore plusieurs semaines\u00a0\u00bb, selon le communiqu\u00e9 du parquet de Toulon.<\/p>\n<p>Les faits se sont produits mercredi soir, lorsque <a href=\"https:\/\/maritima.fr\/actualites\/faits-divers\/region-sud\/10563\/refus-dobtemperer-a-toulon-une-passagere-blessee-par-des-tirs-policiers\" target=\"_blank\" rel=\"noopener\">les policiers ont tent\u00e9 d&rsquo;interpeller un conducteur apr\u00e8s une infraction routi\u00e8re<\/a>.<\/p>\n<p>Il a pris la fuite et a percut\u00e9 et fait chuter au sol un des policiers qui a \u00e9t\u00e9 l\u00e9g\u00e8rement bless\u00e9 \u00e0 la jambe, selon le r\u00e9cit fait par les quatre policiers sur place. Deux policiers, dont celui qui \u00e9tait bless\u00e9, ont alors ouvert le feu en direction du v\u00e9hicule, avant de le suivre \u00e0 pied et de tirer \u00e0 nouveau sur cette voiture anglaise, avec le volant \u00e0 droite.<\/p>\n<p>Selon le parquet de Toulon, les investigations ont permis de retracer le p\u00e9riple du chauffard et de confirmer \u00ab\u00a0la dangerosit\u00e9 de sa conduite\u00a0\u00bb. N\u00e9anmoins, \u00ab\u00a0elles n&rsquo;ont pas permis d&rsquo;\u00e9tablir qu&rsquo;il avait eu l&rsquo;intention de porter atteinte \u00e0 la vie du policier tomb\u00e9 \u00e0 terre\u00a0\u00bb. C&rsquo;est pourquoi le parquet n&rsquo;a retenu \u00e0 son encontre que le d\u00e9lit de violence avec arme, en l&rsquo;occurrence la voiture.<\/p>\n<p>L&rsquo;homme de 44 ans sera jug\u00e9 par le tribunal correctionnel de Toulon le 13 f\u00e9vrier.<\/p>\n<p>Il r\u00e9pondra \u00e9galement des chefs de conduite en \u00e9tat alcoolique, refus d&rsquo;obtemp\u00e9rer aggrav\u00e9, non-assistance \u00e0 personne en p\u00e9ril, -sa compagne qu&rsquo;il avait laiss\u00e9e bless\u00e9e dans la voiture-, refus de se soumettre au d\u00e9pistage de produits stup\u00e9fiants dans le sang et vol avec effraction du v\u00e9hicule.<\/p>\n<p>\u00ab\u00a0\u00c9tant en r\u00e9cidive l\u00e9gale, il encourt au maximum une peine de 14 ans d&#8217;emprisonnement\u00a0\u00bb, a pr\u00e9cis\u00e9 le parquet.<\/p>\n<p>L&rsquo;\u00e9tat de sa compagne, gri\u00e8vement bless\u00e9e par deux balles tir\u00e9es par les policiers, <a href=\"https:\/\/maritima.fr\/actualites\/faits-divers\/region-sud\/10588\/refus-dobtemperer-a-toulon-pas-de-pronostic-vital-engage-pour-la-passagere-grievement-blessee-par-des-tirs-policiers\" target=\"_blank\" rel=\"noopener\">\u00ab\u00a0s&rsquo;est am\u00e9lior\u00e9\u00a0\u00bb selon le parquet<\/a>. Elle s&rsquo;est vue prescrire 90 jours d&rsquo;incapacit\u00e9 totale de travail (ITT).<\/p>\n<p>Les deux policiers, qui avaient \u00e9t\u00e9 plac\u00e9s en garde \u00e0 vue imm\u00e9diatement apr\u00e8s les faits, sont ressortis dans la matin\u00e9e de jeudi.<\/p>\n<p>\u00a0<\/p>\n<p>\u00a9 Agence France-Presse<\/p>\n","protected":false},"excerpt":{"rendered":"Le conducteur ayant refus\u00e9 d&rsquo;obtemp\u00e9rer \u00e0 Toulon mercredi et qui a bless\u00e9 un policier dans sa fuite, a&hellip;\n","protected":false},"author":2,"featured_media":133708,"comment_status":"","ping_status":"","sticky":false,"template":"","format":"standard","meta":{"footnotes":""},"categories":[9619],"tags":[1111,11,10929,1777,674,1011,27,12,1072,882,2852,25,2310,7506],"class_list":{"0":"post-611342","1":"post","2":"type-post","3":"status-publish","4":"format-standard","5":"has-post-thumbnail","7":"category-toulon","8":"tag-actu","9":"tag-actualites","10":"tag-automobiles","11":"tag-eu","12":"tag-europe","13":"tag-fr","14":"tag-france","15":"tag-news","16":"tag-police","17":"tag-provence-alpes-cote-dazur","18":"tag-refus-dobtemperer","19":"tag-republique-francaise","20":"tag-toulon","21":"tag-var"},"share_on_mastodon":{"url":"https:\/\/pubeurope.com\/@fr\/115750962682456641","error":""},"_links":{"self":[{"href":"https:\/\/www.europesays.com\/fr\/wp-json\/wp\/v2\/posts\/611342","targetHints":{"allow":["GET"]}}],"collection":[{"href":"https:\/\/www.europesays.com\/fr\/wp-json\/wp\/v2\/posts"}],"about":[{"href":"https:\/\/www.europesays.com\/fr\/wp-json\/wp\/v2\/types\/post"}],"author":[{"embeddable":true,"href":"https:\/\/www.europesays.com\/fr\/wp-json\/wp\/v2\/users\/2"}],"replies":[{"embeddable":true,"href":"https:\/\/www.europesays.com\/fr\/wp-json\/wp\/v2\/comments?post=611342"}],"version-history":[{"count":0,"href":"https:\/\/www.europesays.com\/fr\/wp-json\/wp\/v2\/posts\/611342\/revisions"}],"wp:featuredmedia":[{"embeddable":true,"href":"https:\/\/www.europesays.com\/fr\/wp-json\/wp\/v2\/media\/133708"}],"wp:attachment":[{"href":"https:\/\/www.europesays.com\/fr\/wp-json\/wp\/v2\/media?parent=611342"}],"wp:term":[{"taxonomy":"category","embeddable":true,"href":"https:\/\/www.europesays.com\/fr\/wp-json\/wp\/v2\/categories?post=611342"},{"taxonomy":"post_tag","embeddable":true,"href":"https:\/\/www.europesays.com\/fr\/wp-json\/wp\/v2\/tags?post=611342"}],"curies":[{"name":"wp","href":"https:\/\/api.w.org\/{rel}","templated":true}]}}