{"id":611343,"date":"2025-12-20T08:32:20","date_gmt":"2025-12-20T08:32:20","guid":{"rendered":"https:\/\/www.europesays.com\/fr\/611343\/"},"modified":"2025-12-20T08:32:20","modified_gmt":"2025-12-20T08:32:20","slug":"volotea-sinstalle-et-annonce-quatre-nouvelles-lignes","status":"publish","type":"post","link":"https:\/\/www.europesays.com\/fr\/611343\/","title":{"rendered":"Volotea s\u2019installe et annonce quatre nouvelles lignes"},"content":{"rendered":"<p><img decoding=\"async\" class=\"\" style=\"width:100%\" src=\"https:\/\/www.europesays.com\/fr\/wp-content\/uploads\/2025\/12\/montpellier_aeroport1766132605959.jpg\" alt=\"Montpellier\"\/><\/p>\n<p>Cr\u00e9dit : A\u00e9roport de Montpellier<\/p>\n<p style=\"text-align: justify;\">Pr\u00e9sente \u00e0 Montpellier depuis plus de treize ans, <strong>Volotea franchit une nouvelle \u00e9tape en y installant sa 11\u1d49 base en France. <\/strong>Concr\u00e8tement, cela signifie qu\u2019un avion sera d\u00e9sormais bas\u00e9 sur place, <strong>permettant davantage de vols<\/strong>, plus de r\u00e9gularit\u00e9 et de nouvelles opportunit\u00e9s de voyage au d\u00e9part de l\u2019H\u00e9rault.<\/p>\n<p style=\"text-align: justify;\">\u00a0<\/p>\n<p><strong>Un r\u00e9seau d\u00e9j\u00e0 bien fourni<\/strong><\/p>\n<p style=\"text-align: justify;\">\u00a0<\/p>\n<p style=\"text-align: justify;\">Avant m\u00eame cette annonce, Volotea proposait d\u00e9j\u00e0 huit lignes au d\u00e9part de Montpellier, majoritairement vers des villes fran\u00e7aises comme <strong>Ajaccio, Brest, Caen, Lille, Nantes, Rennes ou Strasbourg<\/strong>, sans oublier <strong>Minorque<\/strong>, desservie depuis 2024. R\u00e9sultat : pr\u00e8s de 3 millions de passagers transport\u00e9s depuis le premier vol op\u00e9r\u00e9 \u00e0 Montpellier.<\/p>\n<p style=\"text-align: justify;\">\u00a0<\/p>\n<p><strong>Quatre nouvelles destinations d\u00e8s novembre 2026<\/strong><\/p>\n<p style=\"text-align: justify;\">\u00a0<\/p>\n<p style=\"text-align: justify;\">Avec l\u2019arriv\u00e9e de cette base, la compagnie lance quatre nouvelles lignes, id\u00e9ales aussi bien pour les escapades loisirs que les d\u00e9placements familiaux :<\/p>\n<ul style=\"text-align: justify;\">\n<li><strong>Bordeaux <\/strong>: d\u00e8s le 6 novembre 2026, avec deux vols par semaine (vendredi et dimanche)<\/li>\n<li><strong>Madrid <\/strong>: \u00e0 partir du 6 novembre 2026, deux vols hebdomadaires (lundi et vendredi)<\/li>\n<li><strong>Tenerife Sud<\/strong> : d\u00e8s le 8 novembre 2026, chaque dimanche<\/li>\n<li><strong>Lanzarote <\/strong>: \u00e0 compter du 7 novembre 2026, tous les samedis<\/li>\n<\/ul>\n<p style=\"text-align: justify;\">De quoi \u00e9largir les horizons sans passer par les grands hubs.<\/p>\n<p style=\"text-align: justify;\">\u00a0<\/p>\n<p><strong>Et ce n\u2019est qu\u2019un d\u00e9but<\/strong><\/p>\n<p style=\"text-align: justify;\">\u00a0<\/p>\n<p style=\"text-align: justify;\">Volotea ne compte pas s\u2019arr\u00eater l\u00e0. <strong>Un deuxi\u00e8me avion bas\u00e9 est d\u00e9j\u00e0 pr\u00e9vu \u00e0 partir de 2027<\/strong>, avec \u00e0 la cl\u00e9 plus de fr\u00e9quences sur les lignes existantes et de nouvelles destinations \u00e0 venir. L\u2019objectif : r\u00e9pondre aux besoins des habitants de Montpellier et de sa r\u00e9gion, que ce soit pour les loisirs, les visites familiales ou les courts s\u00e9jours.<\/p>\n<p style=\"text-align: justify;\">Pour l\u2019a\u00e9roport Montpellier M\u00e9diterran\u00e9e, cette implantation confirme son r\u00f4le cl\u00e9 dans le d\u00e9veloppement \u00e9conomique et touristique du territoire, tout en compl\u00e9tant l\u2019offre \u00e0 bas tarifs d\u00e9j\u00e0 propos\u00e9e par les compagnies pr\u00e9sentes.<\/p>\n","protected":false},"excerpt":{"rendered":"Cr\u00e9dit : A\u00e9roport de Montpellier Pr\u00e9sente \u00e0 Montpellier depuis plus de treize ans, Volotea franchit une nouvelle \u00e9tape&hellip;\n","protected":false},"author":2,"featured_media":611344,"comment_status":"","ping_status":"","sticky":false,"template":"","format":"standard","meta":{"footnotes":""},"categories":[9599],"tags":[1111,11,663,72235,1997,18304,20657,72243,123,1777,674,1011,27,72242,53056,9471,2208,12,72236,2680,72241,72237,25,72238,72240,11756,72239,8692],"class_list":{"0":"post-611343","1":"post","2":"type-post","3":"status-publish","4":"format-standard","5":"has-post-thumbnail","7":"category-montpellier","8":"tag-actu","9":"tag-actualites","10":"tag-aeroport","11":"tag-base-permanente","12":"tag-bordeaux","13":"tag-destinations","14":"tag-developpement-economique","15":"tag-escapades-loisirs","16":"tag-espagne","17":"tag-eu","18":"tag-europe","19":"tag-fr","20":"tag-france","21":"tag-frequences-de-vol","22":"tag-lanzarote","23":"tag-madrid","24":"tag-montpellier","25":"tag-news","26":"tag-nouvelles-lignes","27":"tag-occitanie","28":"tag-offre-a-bas-tarifs","29":"tag-passagers-transportes","30":"tag-republique-francaise","31":"tag-tenerife-sud","32":"tag-touristique","33":"tag-volotea","34":"tag-vols-hebdomadaires","35":"tag-voyageurs"},"share_on_mastodon":{"url":"https:\/\/pubeurope.com\/@fr\/115750971365024255","error":""},"_links":{"self":[{"href":"https:\/\/www.europesays.com\/fr\/wp-json\/wp\/v2\/posts\/611343","targetHints":{"allow":["GET"]}}],"collection":[{"href":"https:\/\/www.europesays.com\/fr\/wp-json\/wp\/v2\/posts"}],"about":[{"href":"https:\/\/www.europesays.com\/fr\/wp-json\/wp\/v2\/types\/post"}],"author":[{"embeddable":true,"href":"https:\/\/www.europesays.com\/fr\/wp-json\/wp\/v2\/users\/2"}],"replies":[{"embeddable":true,"href":"https:\/\/www.europesays.com\/fr\/wp-json\/wp\/v2\/comments?post=611343"}],"version-history":[{"count":0,"href":"https:\/\/www.europesays.com\/fr\/wp-json\/wp\/v2\/posts\/611343\/revisions"}],"wp:featuredmedia":[{"embeddable":true,"href":"https:\/\/www.europesays.com\/fr\/wp-json\/wp\/v2\/media\/611344"}],"wp:attachment":[{"href":"https:\/\/www.europesays.com\/fr\/wp-json\/wp\/v2\/media?parent=611343"}],"wp:term":[{"taxonomy":"category","embeddable":true,"href":"https:\/\/www.europesays.com\/fr\/wp-json\/wp\/v2\/categories?post=611343"},{"taxonomy":"post_tag","embeddable":true,"href":"https:\/\/www.europesays.com\/fr\/wp-json\/wp\/v2\/tags?post=611343"}],"curies":[{"name":"wp","href":"https:\/\/api.w.org\/{rel}","templated":true}]}}