{"id":611347,"date":"2025-12-20T08:34:11","date_gmt":"2025-12-20T08:34:11","guid":{"rendered":"https:\/\/www.europesays.com\/fr\/611347\/"},"modified":"2025-12-20T08:34:11","modified_gmt":"2025-12-20T08:34:11","slug":"rouen-un-vehicule-prend-feu-apres-un-accident-sur-le-pont-mathilde","status":"publish","type":"post","link":"https:\/\/www.europesays.com\/fr\/611347\/","title":{"rendered":"Rouen. Un v\u00e9hicule prend feu apr\u00e8s un accident sur le pont Mathilde"},"content":{"rendered":"<p melodystyle=\"texte\">Un accident a eu lieu vendredi 19 d\u00e9cembre sur la N28 au niveau du pont Mathilde \u00e0 Rouen, dans le sens Abbeville-Rouen. Selon les pompiers, trois v\u00e9hicules sont impliqu\u00e9s dans cet accident. L&rsquo;un d&rsquo;eux a pris feu.<\/p>\n<p>La police sur place<\/p>\n<p melodystyle=\"texte\">Les soldats du feu sont intervenus et ont \u00e9teint l&rsquo;incendie \u00e0 l&rsquo;aide d&rsquo;une lance. Heureusement, aucune personne n&rsquo;a \u00e9t\u00e9 bless\u00e9e. La police nationale s&rsquo;est aussi rendue sur place.<\/p>\n","protected":false},"excerpt":{"rendered":"Un accident a eu lieu vendredi 19 d\u00e9cembre sur la N28 au niveau du pont Mathilde \u00e0 Rouen,&hellip;\n","protected":false},"author":2,"featured_media":611348,"comment_status":"","ping_status":"","sticky":false,"template":"","format":"standard","meta":{"footnotes":""},"categories":[9587],"tags":[1111,11,1777,674,1011,27,12,5161,25,9590],"class_list":{"0":"post-611347","1":"post","2":"type-post","3":"status-publish","4":"format-standard","5":"has-post-thumbnail","7":"category-rouen","8":"tag-actu","9":"tag-actualites","10":"tag-eu","11":"tag-europe","12":"tag-fr","13":"tag-france","14":"tag-news","15":"tag-normandie","16":"tag-republique-francaise","17":"tag-rouen"},"share_on_mastodon":{"url":"https:\/\/pubeurope.com\/@fr\/115750978606694756","error":""},"_links":{"self":[{"href":"https:\/\/www.europesays.com\/fr\/wp-json\/wp\/v2\/posts\/611347","targetHints":{"allow":["GET"]}}],"collection":[{"href":"https:\/\/www.europesays.com\/fr\/wp-json\/wp\/v2\/posts"}],"about":[{"href":"https:\/\/www.europesays.com\/fr\/wp-json\/wp\/v2\/types\/post"}],"author":[{"embeddable":true,"href":"https:\/\/www.europesays.com\/fr\/wp-json\/wp\/v2\/users\/2"}],"replies":[{"embeddable":true,"href":"https:\/\/www.europesays.com\/fr\/wp-json\/wp\/v2\/comments?post=611347"}],"version-history":[{"count":0,"href":"https:\/\/www.europesays.com\/fr\/wp-json\/wp\/v2\/posts\/611347\/revisions"}],"wp:featuredmedia":[{"embeddable":true,"href":"https:\/\/www.europesays.com\/fr\/wp-json\/wp\/v2\/media\/611348"}],"wp:attachment":[{"href":"https:\/\/www.europesays.com\/fr\/wp-json\/wp\/v2\/media?parent=611347"}],"wp:term":[{"taxonomy":"category","embeddable":true,"href":"https:\/\/www.europesays.com\/fr\/wp-json\/wp\/v2\/categories?post=611347"},{"taxonomy":"post_tag","embeddable":true,"href":"https:\/\/www.europesays.com\/fr\/wp-json\/wp\/v2\/tags?post=611347"}],"curies":[{"name":"wp","href":"https:\/\/api.w.org\/{rel}","templated":true}]}}