{"id":611351,"date":"2025-12-20T08:37:12","date_gmt":"2025-12-20T08:37:12","guid":{"rendered":"https:\/\/www.europesays.com\/fr\/611351\/"},"modified":"2025-12-20T08:37:12","modified_gmt":"2025-12-20T08:37:12","slug":"grenoble-la-mairie-sactive-contre-linsecurite-dans-ce-secteur-lopposition-fulmine","status":"publish","type":"post","link":"https:\/\/www.europesays.com\/fr\/611351\/","title":{"rendered":"Grenoble. La mairie s&rsquo;active contre l&rsquo;ins\u00e9curit\u00e9 dans ce secteur, l&rsquo;opposition fulmine"},"content":{"rendered":"<p>                    Par<br \/>\n        <strong><br \/>\n            <a href=\"https:\/\/actu.fr\/auteur\/julien-sournies\" title=\"Consulter tous les articles de Julien Sournies\" target=\"_blank\" rel=\"noopener\">Julien Sournies<\/a><br \/>\n                    <\/strong><\/p>\n<p>        Publi\u00e9 le<\/p>\n<p>            20 d\u00e9c. 2025 \u00e0 8h32        <\/p>\n<p>C\u2019est un dossier br\u00fblant qui a cristallis\u00e9 les tensions lors du dernier conseil municipal \u00e0 <a href=\"https:\/\/actu.fr\/grenoble\/\" target=\"_blank\" rel=\"noopener\">Grenoble<\/a> (<a href=\"https:\/\/actu.fr\/auvergne-rhone-alpes\/isere_38\" target=\"_blank\" rel=\"noopener\">Is\u00e8re<\/a>). La <strong>place Saint-Bruno<\/strong> et alentour, th\u00e9\u00e2tre de <a href=\"https:\/\/actu.fr\/auvergne-rhone-alpes\/grenoble_38185\/grenoble-une-fusillade-eclate-dans-ce-quartier-un-homme-de-24-ans-entre-la-vie-et-la-mort_63581821.html\" target=\"_blank\" rel=\"noopener\">r\u00e8glements de compte parfois sanglants<\/a> et lieu de r\u00e9sidence d\u2019un point de deal particuli\u00e8rement juteux, pose r\u00e9guli\u00e8rement <a href=\"https:\/\/actu.fr\/auvergne-rhone-alpes\/grenoble_38185\/grenoble-dans-ce-quartier-gangrene-par-l-insecurite-les-habitants-veulent-retrouver-leur-tranquillite_62978079.html\" target=\"_blank\" rel=\"noopener\">probl\u00e8me \u00e0 ses habitants depuis plusieurs ann\u00e9es<\/a>.<br \/>Apr\u00e8s avoir d\u00e9clench\u00e9 un atelier d\u2019inititative citoyenne en juin dernier visant \u00e0 transformer ladite place afin de <strong>diminuer les nuisances li\u00e9es au trafic<\/strong>, la municipalit\u00e9 a pr\u00e9sent\u00e9, ce lundi 15\u00a0d\u00e9cembre, les dix pistes d\u2019action qui permettront, \u00e0 terme, de \u00ab\u2009reconqu\u00e9rir l\u2019espace public\u2009\u00bb.<\/p>\n<p>    <a href=\"https:\/\/www.google.com\/maps\/embed?pb=!1m14!1m8!1m3!1d4034.945388664786!2d5.713752!3d45.186838!3m2!1i1024!2i768!4f13.1!3m3!1m2!1s0x478af48303891329%3A0xbfb949b748bb8f1a!2sPl.%20Saint-Bruno%2C%2038000%20Grenoble!5e1!3m2!1sfr!2sfr!4v1766151586518!5m2!1sfr!2sfr\" title=\"Ouvrie le lien\" target=\"_blank\" rel=\"noopener\">Cliquez ici pour visualiser le contenu<\/a><\/p>\n<p>Plusieurs \u00e9tudes prochainement lanc\u00e9es<\/p>\n<p class=\" wall-content\">Dans le d\u00e9tail, ces dix axes de travail s\u2019articulent autour de trois lignes directrices\u2009: le r\u00e9am\u00e9nagement de la place et le cadre de vie\u2009; la tranquillit\u00e9 publique, s\u00e9curit\u00e9 et pr\u00e9vention\u2009; la propret\u00e9 et l\u2019animation du quartier.<\/p>\n<p class=\" wall-content\">Parmi les pistes d\u2019actions \u00e9voqu\u00e9es pour \u00ab\u2009\u00e9loigner le trafic\u2009\u00bb, la majorit\u00e9 envisage de mettre en \u0153uvre une \u00e9tude des circulations et du stationnement, d\u2019\u00e9tudier la pertinence de <strong>l\u2019augmentation du nombre de cam\u00e9ras de vid\u00e9o-surveillance<\/strong> ou encore de mettre prochainement en place un arr\u00eat\u00e9 <strong>interdisant les trottinettes<\/strong> sur les rues Quinet et Nursery.<\/p>\n<p class=\" wall-content\">Comme le rappelle Maud Tavel, adjointe en charge de la tranquillit\u00e9 publique, ces mesures viendront ainsi compl\u00e9ter celles d\u00e9j\u00e0 existantes, telles que \u00ab\u2009l\u2019embellissement de la place au travers d\u2019un budget participatif\u2009\u00bb ou la mise en \u0153uvre d\u2019un \u00ab\u2009arr\u00eat\u00e9 municipal interdisant le stationnement aux alentours de la place les lundis\u2009\u00bb.<\/p>\n<p>\u00ab\u2009Vous h\u00e9sitez encore \u00e0 assumer pleinement la reprise de l\u2019espace public\u2009\u00bb<\/p>\n<p class=\" wall-content\">Une multitude de propositions qui ont toutefois du mal \u00e0 convaincre l\u2019opposition municipale. En cause\u2009? <strong>Une r\u00e9action \u00ab\u2009tardive\u2009\u00bb<\/strong> de la majorit\u00e9 municipale face \u00e0 des \u00ab\u2009constats des habitants [qui] ont \u00e9t\u00e9 relativis\u00e9s, minimis\u00e9s voire ni\u00e9s pendant trop longtemps\u2009\u00bb, a d\u2019abord lanc\u00e9 la conseill\u00e8re municipale \u00c9milie Chalas (Nouveau regard).<\/p>\n<p class=\" wall-content\">Et celle-ci d\u2019ajouter\u2009: \u00ab\u2009Je reste toutefois dubitative sur le fait qu\u2019il a fallu une interpellation citoyenne afin que vous r\u00e9alisiez la situation \u00e0 Saint-Bruno. Tout un chacun, sait que depuis des ann\u00e9es, le quartier a bascul\u00e9. Depuis 2014, rien n\u2019a chang\u00e9. Il a fallu la fin de ce mandat pour vous entendre et que vous vous engagiez.\u2009\u00bb<\/p>\n<p>Votre r\u00e9gion, votre actu !<\/p>\n<p>Recevez chaque jour les infos qui comptent pour vous.<\/p>\n<p>\t<a href=\"https:\/\/actu.fr\/newsletter\" class=\"ac-btn ac-btn--corner ac-btn--medium ac-btn--blue800\" target=\"_blank\" rel=\"noopener\">S&rsquo;incrire<\/a><\/p>\n<blockquote class=\"ac-article-quote wall-content\">\n<p>Vous h\u00e9sitez encore \u00e0 assumer pleinement la reprise de l\u2019espace public. Les habitants attendent une autorit\u00e9 municipale plus affirm\u00e9e. La s\u00e9curit\u00e9 reste trait\u00e9e comme un sujet p\u00e9riph\u00e9rique, inconfortable, alors qu\u2019elle est centrale. Cette d\u00e9lib\u00e9ration est une \u00e9tape, pas un tournant.<\/p>\n<p>    <strong>Emilie Chalas<\/strong><br \/>\n        Conseill\u00e8re municipale d&rsquo;opposition    <\/p><\/blockquote>\n<p>\u00ab\u2009La majorit\u00e9 municipale est gonfl\u00e9e\u2009\u00bb<\/p>\n<p class=\" wall-content\">Pour l\u2019ancien maire et candidat aux prochaines \u00e9lections municipales, Alain Carigon, le constat est d\u2019autant plus critique. \u00ab\u00a0\u00c0 trois mois des \u00e9lections, vous demandez au conseil municipal de voter un document vague\u00a0\u00bb, a-t-il tanc\u00e9, avant d\u2019ajouter\u2009: \u00ab\u2009La majorit\u00e9 municipale est <strong>gonfl\u00e9e<\/strong>. Il faut dire ce qu\u2019il est.\u00a0\u00bb<\/p>\n<p class=\" wall-content\">\u00ab Vous \u00e9crivez que vous allez \u00e9tudier, avec la police nationale, la pertinence de l\u2019augmentation du nombre de cam\u00e9ras sur la place. Il y en a deux, dont une ne voit rien. Est-ce que vous \u00eates s\u00fbr de ne pas aller pas trop vite\u2009?\u00a0\u00bb, a-t-il poursuivi avec ironie, regrettant par ailleurs \u00ab\u00a0l\u2019immobilisme\u00a0\u00bb de la municipalit\u00e9 face au diagnostic des forces de l\u2019ordre, lequel pr\u00e9conise, entre autres, la pr\u00e9sence de \u00ab\u00a0sept cam\u00e9ras de vid\u00e9o-surveillance sur la place\u00a0\u00bb.<\/p>\n<p class=\" wall-content\">Et ce dernier de conclure\u2009: \u00ab\u2009Cette tromperie du quartier a et aura des cons\u00e9quences <strong>dramatiques<\/strong> pour ces enfants.\u2009\u00bb<\/p>\n<p class=\" wall-content\">Personnalisez votre actualit\u00e9 en ajoutant vos villes et m\u00e9dias en favori avec <a href=\"https:\/\/moncompte.actu.fr\" title=\"D\u00e9couvez Mon Actu\" rel=\"nofollow noopener\" data-trk=\"{&quot;cta&quot;:{&quot;action&quot;:&quot;https:\\\/\\\/moncompte.actu.fr&quot;,&quot;category&quot;:&quot;mon compte&quot;,&quot;from&quot;:&quot;article footer&quot;,&quot;name&quot;:&quot;Mon actu&quot;,&quot;type&quot;:&quot;cta&quot;}}\" target=\"_blank\">Mon Actu<\/a>.<\/p>\n","protected":false},"excerpt":{"rendered":"Par Julien Sournies Publi\u00e9 le 20 d\u00e9c. 2025 \u00e0 8h32 C\u2019est un dossier br\u00fblant qui a cristallis\u00e9 les&hellip;\n","protected":false},"author":2,"featured_media":611352,"comment_status":"","ping_status":"","sticky":false,"template":"","format":"standard","meta":{"footnotes":""},"categories":[9566],"tags":[1111,11,2430,1052,1777,674,1011,27,2731,2825,12,25,104],"class_list":{"0":"post-611351","1":"post","2":"type-post","3":"status-publish","4":"format-standard","5":"has-post-thumbnail","7":"category-grenoble","8":"tag-actu","9":"tag-actualites","10":"tag-auvergne-rhone-alpes","11":"tag-drogue","12":"tag-eu","13":"tag-europe","14":"tag-fr","15":"tag-france","16":"tag-grenoble","17":"tag-insecurite","18":"tag-news","19":"tag-republique-francaise","20":"tag-societe"},"share_on_mastodon":{"url":"https:\/\/pubeurope.com\/@fr\/115750990261762102","error":""},"_links":{"self":[{"href":"https:\/\/www.europesays.com\/fr\/wp-json\/wp\/v2\/posts\/611351","targetHints":{"allow":["GET"]}}],"collection":[{"href":"https:\/\/www.europesays.com\/fr\/wp-json\/wp\/v2\/posts"}],"about":[{"href":"https:\/\/www.europesays.com\/fr\/wp-json\/wp\/v2\/types\/post"}],"author":[{"embeddable":true,"href":"https:\/\/www.europesays.com\/fr\/wp-json\/wp\/v2\/users\/2"}],"replies":[{"embeddable":true,"href":"https:\/\/www.europesays.com\/fr\/wp-json\/wp\/v2\/comments?post=611351"}],"version-history":[{"count":0,"href":"https:\/\/www.europesays.com\/fr\/wp-json\/wp\/v2\/posts\/611351\/revisions"}],"wp:featuredmedia":[{"embeddable":true,"href":"https:\/\/www.europesays.com\/fr\/wp-json\/wp\/v2\/media\/611352"}],"wp:attachment":[{"href":"https:\/\/www.europesays.com\/fr\/wp-json\/wp\/v2\/media?parent=611351"}],"wp:term":[{"taxonomy":"category","embeddable":true,"href":"https:\/\/www.europesays.com\/fr\/wp-json\/wp\/v2\/categories?post=611351"},{"taxonomy":"post_tag","embeddable":true,"href":"https:\/\/www.europesays.com\/fr\/wp-json\/wp\/v2\/tags?post=611351"}],"curies":[{"name":"wp","href":"https:\/\/api.w.org\/{rel}","templated":true}]}}