{"id":611353,"date":"2025-12-20T08:38:19","date_gmt":"2025-12-20T08:38:19","guid":{"rendered":"https:\/\/www.europesays.com\/fr\/611353\/"},"modified":"2025-12-20T08:38:19","modified_gmt":"2025-12-20T08:38:19","slug":"grenoble-ce-bon-plan-du-smmag-pour-aller-skier-dans-les-alpes-sans-se-ruiner","status":"publish","type":"post","link":"https:\/\/www.europesays.com\/fr\/611353\/","title":{"rendered":"Grenoble. Ce bon plan du SMMAG pour aller skier dans les Alpes sans se ruiner"},"content":{"rendered":"<p>                    Par<br \/>\n        <strong><br \/>\n            <a href=\"https:\/\/actu.fr\/auteur\/lisa-rodrigues\" title=\"Consulter tous les articles de Lisa Rodrigues\" target=\"_blank\" rel=\"noopener\">Lisa Rodrigues<\/a><br \/>\n                    <\/strong><\/p>\n<p>        Publi\u00e9 le<\/p>\n<p>            20 d\u00e9c. 2025 \u00e0 8h02        <\/p>\n<p>Cela fait maintenant cinq ans que le SMMAG, le syndicat en charge des mobilit\u00e9s \u00e0 <a href=\"https:\/\/actu.fr\/auvergne-rhone-alpes\/grenoble_38185\" target=\"_blank\" rel=\"noopener\">Grenoble<\/a> et son agglom\u00e9ration, propose un dispositif particulier pour aller skier dans les stations is\u00e9roises sans se ruiner.<\/p>\n<p class=\" wall-content\">Baptis\u00e9 \u00ab\u00a0Destinations neige\u00a0\u00bb, il permet de <strong>rejoindre les pistes de Belledonne et de Chartreuse<\/strong> gr\u00e2ce au r\u00e9seau de transport grenoblois, \u00e0 partir du samedi 20 d\u00e9cembre et jusqu\u2019au lundi 6 avril 2026.<\/p>\n<p>Quatre stations desservies<\/p>\n<p class=\" wall-content\">Au total, ce sont <strong>7 lignes de bus<\/strong> qui sont instaur\u00e9es pour la saison, desservant quatre stations sur 5 arr\u00eats : <a href=\"https:\/\/actu.fr\/auvergne-rhone-alpes\/chamrousse_38567\" target=\"_blank\" rel=\"noopener\">Chamrousse<\/a>, Col de Porte, Les 7 Laux-Prapoutel, Les 7 Laux-Le Pleynet et <a href=\"https:\/\/actu.fr\/auvergne-rhone-alpes\/allevard_38006\/alpes-cette-station-de-ski-sous-la-neige-est-meconnue-du-grand-public_60700744.html\" target=\"_blank\" rel=\"noopener\">Le Collet d\u2019Allevard<\/a>.\u00a0<\/p>\n<p class=\" wall-content\">Sur la saison 2024-2025, <strong>59 164 voyages ont \u00e9t\u00e9 comptabilis\u00e9s<\/strong> sur l\u2019ensemble de ces lignes, soit une augmentation de la fr\u00e9quentation de 24%, se r\u00e9jouit le SMMAG dans un communiqu\u00e9.\u00a0<\/p>\n<blockquote class=\"ac-article-quote wall-content\">\n<p>D\u2019ann\u00e9e en ann\u00e9e, ce dispositif s\u2019est install\u00e9 dans le paysage des d\u00e9placements pour devenir un r\u00e9el moyen de transport alternatif et d\u00e9carbon\u00e9 \u00e0 la montagne, puisqu\u2019il est largement pl\u00e9biscit\u00e9 par le plus grand nombre.<\/p>\n<p>    <strong>SMMAG<\/strong>\n            <\/p><\/blockquote>\n<p class=\" wall-content\">Les d\u00e9parts se font essentiellement depuis la gare de Grenoble, mais il est aussi possible de r\u00e9cup\u00e9rer les lignes de bus \u00e0 l\u2019arr\u00eat \u00ab\u00a0Grenoble Notre-Dame Mus\u00e9e\u00a0\u00bb, \u00e0 <a href=\"https:\/\/actu.fr\/auvergne-rhone-alpes\/saint-martin-d-heres_38421\" target=\"_blank\" rel=\"noopener\">Saint-Martin-d\u2019H\u00e8res<\/a> ou \u00e0 la gare de Gi\u00e8res.<\/p>\n<p>Un aller-retour d\u00e8s 6 \u20ac<\/p>\n<p class=\" wall-content\">C\u00f4t\u00e9 tarif, le dispositif propose <strong>une \u00ab\u00a0tarification sp\u00e9ciale\u00a0\u00bb<\/strong>. Les abonn\u00e9s MR\u00e9so peuvent b\u00e9n\u00e9ficier d\u2019un \u00ab\u00a0acc\u00e8s illimit\u00e9 aux lignes Destinations neige\u00a0\u00bb (hors abonnement sur-mesure et intra-Voironnais), mais un simple ticket n\u2019est pas utilisable.\u00a0<\/p>\n<p>Votre r\u00e9gion, votre actu !<\/p>\n<p>Recevez chaque jour les infos qui comptent pour vous.<\/p>\n<p>\t<a href=\"https:\/\/actu.fr\/newsletter\" class=\"ac-btn ac-btn--corner ac-btn--medium ac-btn--blue800\" target=\"_blank\" rel=\"noopener\">S&rsquo;incrire<\/a><\/p>\n<p class=\" wall-content\">Le trajet est gratuit pour les moins de 3 ans.<\/p>\n<p class=\" wall-content\">Depuis la M\u00e9tropole de Grenoble, comptez <strong>entre 6 et 12 \u20ac l\u2019aller-retour<\/strong>, suivant la station souhait\u00e9e. Depuis le Gr\u00e9sivaudan, c\u2019est 6 \u20ac l\u2019aller-retour.<\/p>\n<p>Des offres sur les forfaits de ski<\/p>\n<p class=\" wall-content\">Des r\u00e9ductions de -20% sont possibles sur le forfait de ski en station, sur pr\u00e9sentation de son ticket.<\/p>\n<p class=\" wall-content\">\u00c0 noter que sur deux lignes, la N93 \u00e0 destination de Chamrousse et la N94 \u00e0 destination de Les 7 Laux-Prapoutel, un <strong>ticket combin\u00e9 bus et forfait de ski<\/strong> sur une journ\u00e9e est possible : 40,50 \u20ac pour Chamrousse et 39 \u20ac pour Les 7 Laux-Prapoutel.<\/p>\n<p class=\" wall-content\">Personnalisez votre actualit\u00e9 en ajoutant vos villes et m\u00e9dias en favori avec <a href=\"https:\/\/moncompte.actu.fr\" title=\"D\u00e9couvez Mon Actu\" rel=\"nofollow noopener\" data-trk=\"{&quot;cta&quot;:{&quot;action&quot;:&quot;https:\\\/\\\/moncompte.actu.fr&quot;,&quot;category&quot;:&quot;mon compte&quot;,&quot;from&quot;:&quot;article footer&quot;,&quot;name&quot;:&quot;Mon actu&quot;,&quot;type&quot;:&quot;cta&quot;}}\" target=\"_blank\">Mon Actu<\/a>.<\/p>\n","protected":false},"excerpt":{"rendered":"Par Lisa Rodrigues Publi\u00e9 le 20 d\u00e9c. 2025 \u00e0 8h02 Cela fait maintenant cinq ans que le SMMAG,&hellip;\n","protected":false},"author":2,"featured_media":611354,"comment_status":"","ping_status":"","sticky":false,"template":"","format":"standard","meta":{"footnotes":""},"categories":[9566],"tags":[1111,11,2430,677,1777,674,1011,27,2731,1305,12,25,8194],"class_list":{"0":"post-611353","1":"post","2":"type-post","3":"status-publish","4":"format-standard","5":"has-post-thumbnail","7":"category-grenoble","8":"tag-actu","9":"tag-actualites","10":"tag-auvergne-rhone-alpes","11":"tag-bons-plans","12":"tag-eu","13":"tag-europe","14":"tag-fr","15":"tag-france","16":"tag-grenoble","17":"tag-lifestyle","18":"tag-news","19":"tag-republique-francaise","20":"tag-transport-de-lagglomeration-grenobloise-tag"},"share_on_mastodon":{"url":"https:\/\/pubeurope.com\/@fr\/115750994167616636","error":""},"_links":{"self":[{"href":"https:\/\/www.europesays.com\/fr\/wp-json\/wp\/v2\/posts\/611353","targetHints":{"allow":["GET"]}}],"collection":[{"href":"https:\/\/www.europesays.com\/fr\/wp-json\/wp\/v2\/posts"}],"about":[{"href":"https:\/\/www.europesays.com\/fr\/wp-json\/wp\/v2\/types\/post"}],"author":[{"embeddable":true,"href":"https:\/\/www.europesays.com\/fr\/wp-json\/wp\/v2\/users\/2"}],"replies":[{"embeddable":true,"href":"https:\/\/www.europesays.com\/fr\/wp-json\/wp\/v2\/comments?post=611353"}],"version-history":[{"count":0,"href":"https:\/\/www.europesays.com\/fr\/wp-json\/wp\/v2\/posts\/611353\/revisions"}],"wp:featuredmedia":[{"embeddable":true,"href":"https:\/\/www.europesays.com\/fr\/wp-json\/wp\/v2\/media\/611354"}],"wp:attachment":[{"href":"https:\/\/www.europesays.com\/fr\/wp-json\/wp\/v2\/media?parent=611353"}],"wp:term":[{"taxonomy":"category","embeddable":true,"href":"https:\/\/www.europesays.com\/fr\/wp-json\/wp\/v2\/categories?post=611353"},{"taxonomy":"post_tag","embeddable":true,"href":"https:\/\/www.europesays.com\/fr\/wp-json\/wp\/v2\/tags?post=611353"}],"curies":[{"name":"wp","href":"https:\/\/api.w.org\/{rel}","templated":true}]}}