{"id":611359,"date":"2025-12-20T08:42:04","date_gmt":"2025-12-20T08:42:04","guid":{"rendered":"https:\/\/www.europesays.com\/fr\/611359\/"},"modified":"2025-12-20T08:42:04","modified_gmt":"2025-12-20T08:42:04","slug":"droit-de-reponse-de-mohamed-ali-zahi","status":"publish","type":"post","link":"https:\/\/www.europesays.com\/fr\/611359\/","title":{"rendered":"droit de r\u00e9ponse de Mohamed Ali Zahi"},"content":{"rendered":"<p>    <img loading=\"lazy\" width=\"1800\" height=\"900\" src=\"https:\/\/www.europesays.com\/fr\/wp-content\/uploads\/2025\/11\/jeanne-callthepolice.jpg\" class=\"attachment-full size-full\" alt=\"\" id=\"imageLove\" decoding=\"async\"  \/><\/p>\n<p id=\"breadcrumbs\"><a href=\"https:\/\/pokaa.fr\/\" target=\"_blank\" rel=\"noopener\">Accueil<\/a> \/ <a href=\"https:\/\/pokaa.fr\/categories\/actu\/\" target=\"_blank\" rel=\"noopener\">Info locale<\/a> \/ Enqu\u00eate sur le Wagon Souk : droit de r\u00e9ponse de Mohamed Ali Zahi<\/p>\n<p>                    Info locale<\/p>\n<p>Le texte de r\u00e9ponse \u00e0 l\u2019article POKAA : \u00ab Accusations de violences et fermeture administrative : \u00e0 Strasbourg, le Wagon Souk d\u00e9raille \u00bb, publi\u00e9 par Monsieur Martin SAVAIL, le 18 septembre 2025, est le suivant :<\/p>\n<p>\u00ab Dans l\u2019article publi\u00e9 le 18 septembre 2025 et intitul\u00e9 \u00ab Accusations de violences et fermeture administrative : \u00e0 Strasbourg, le Wagon Souk d\u00e9raille \u00bb, plusieurs passages faisant directement r\u00e9f\u00e9rence \u00e0 Monsieur Mohamed Ali ZAHI, pr\u00e9sident de l\u2019Association SAUVER LE MONDE, ainsi qu\u2019aux activit\u00e9s de ladite Association, n\u00e9cessitent \u00e0 ce qu\u2019il y soit r\u00e9pondu par ces derniers.<\/p>\n<p>L\u2019article laisse malheureusement entendre \u00e0 l\u2019existence d\u2019une culpabilit\u00e9 de fait de Monsieur ZAHI ainsi que de l\u2019Association SAUVER LE MONDE.<\/p>\n<p>En effet, aucune d\u00e9cision judiciaire d\u00e9finitive n\u2019a \u00e9t\u00e9 rendue \u00e0 ce jour \u00e0 l\u2019encontre de Monsieur ZZAHI ou \u00e0 l\u2019encontre de l\u2019Association. Les mises en cause \u00e9voqu\u00e9es \u2014 saisies, contr\u00f4les, accusations \u2014 font objet encore en cours, sous le sceau du secret de l\u2019enqu\u00eate.<\/p>\n<p>Pr\u00e9senter ces accusations comme des faits \u00e9tablis, sans verdict, constitue une atteinte \u00e0 la pr\u00e9somption d\u2019innocence.<\/p>\n<p>Il y est fait r\u00e9f\u00e9rence \u00e0 la vente d\u2019alcools forts sans licence, \u00e0 la possession de tabac \u00e0 narguil\u00e9, \u00e0 des irr\u00e9gularit\u00e9s suppos\u00e9es en mati\u00e8re de s\u00e9curit\u00e9 incendie, ainsi qu\u2019\u00e0 des \u00ab dysfonctionnements majeurs \u00bb ayant justifi\u00e9 un arr\u00eat\u00e9 de fermeture administrative. Si un contr\u00f4le a bien \u00e9t\u00e9 effectu\u00e9, les conclusions d\u00e9finitives ne sont pas rendues publiques. En l\u2019absence d\u2019une sanction judiciaire ou administrative confirm\u00e9e, il est pr\u00e9matur\u00e9 de pr\u00e9senter ces \u00e9l\u00e9ments comme des fautes av\u00e9r\u00e9es imputables \u00e0 Monsieur ZAHI, \u00e0 l\u2019Association ou \u00e0 la gestion du lieu.<\/p>\n<p>Affirmer notamment qu\u2019il existait un environnement de \u00ab peur permanente \u00bb ou un \u00ab climat de terreur \u00bb au WAGON SOUK revient \u00e0 transformer des accusations \u2014 encore sous examen \u2014 en certitudes, alors que la pr\u00e9somption d\u2019innocence devrait \u00eatre de principe.<\/p>\n<p>Monsieur ZAHI et l\u2019Association SAUVER LE MONDE regrettent que le pr\u00e9sent article, en reliant leur nom \u00e0 des \u00e9v\u00e8nements n\u2019ayant fait objet d\u2019aucune d\u00e9cision d\u00e9finitive, puisse semer la confusion aupr\u00e8s du public et nuire \u00e0 la confiance construite depuis des ann\u00e9es aupr\u00e8s de ses partenaires, b\u00e9n\u00e9voles et b\u00e9n\u00e9ficiaires.<\/p>\n<p>Ils s\u2019opposent fermement \u00e0 toute pr\u00e9sentation de nature \u00e0 jeter un discr\u00e9dit injustifi\u00e9 sur leur engagement et leurs activit\u00e9s et tiennent \u00e0 rappeler l\u2019imp\u00e9ratif respect du droit \u00e0 la vie priv\u00e9e ainsi que de la pr\u00e9somption d\u2019innocence.<\/p>\n<p>Association SAUVER LE MONDE,<br \/>Monsieur Mohamed Ali ZAHI, pr\u00e9sident de l\u2019Association SAUVER LE MONDE \u00bb<\/p>\n","protected":false},"excerpt":{"rendered":"Accueil \/ Info locale \/ Enqu\u00eate sur le Wagon Souk : droit de r\u00e9ponse de Mohamed Ali Zahi&hellip;\n","protected":false},"author":2,"featured_media":401077,"comment_status":"","ping_status":"","sticky":false,"template":"","format":"standard","meta":{"footnotes":""},"categories":[2820],"tags":[1111,11,72244,1777,674,1011,27,775,72245,12,25,640,15198],"class_list":{"0":"post-611359","1":"post","2":"type-post","3":"status-publish","4":"format-standard","5":"has-post-thumbnail","7":"category-strasbourg","8":"tag-actu","9":"tag-actualites","10":"tag-droit-de-reponse","11":"tag-eu","12":"tag-europe","13":"tag-fr","14":"tag-france","15":"tag-grand-est","16":"tag-mohamed-ali-zahi","17":"tag-news","18":"tag-republique-francaise","19":"tag-strasbourg","20":"tag-wagon-souk"},"share_on_mastodon":{"url":"https:\/\/pubeurope.com\/@fr\/115751010739143305","error":""},"_links":{"self":[{"href":"https:\/\/www.europesays.com\/fr\/wp-json\/wp\/v2\/posts\/611359","targetHints":{"allow":["GET"]}}],"collection":[{"href":"https:\/\/www.europesays.com\/fr\/wp-json\/wp\/v2\/posts"}],"about":[{"href":"https:\/\/www.europesays.com\/fr\/wp-json\/wp\/v2\/types\/post"}],"author":[{"embeddable":true,"href":"https:\/\/www.europesays.com\/fr\/wp-json\/wp\/v2\/users\/2"}],"replies":[{"embeddable":true,"href":"https:\/\/www.europesays.com\/fr\/wp-json\/wp\/v2\/comments?post=611359"}],"version-history":[{"count":0,"href":"https:\/\/www.europesays.com\/fr\/wp-json\/wp\/v2\/posts\/611359\/revisions"}],"wp:featuredmedia":[{"embeddable":true,"href":"https:\/\/www.europesays.com\/fr\/wp-json\/wp\/v2\/media\/401077"}],"wp:attachment":[{"href":"https:\/\/www.europesays.com\/fr\/wp-json\/wp\/v2\/media?parent=611359"}],"wp:term":[{"taxonomy":"category","embeddable":true,"href":"https:\/\/www.europesays.com\/fr\/wp-json\/wp\/v2\/categories?post=611359"},{"taxonomy":"post_tag","embeddable":true,"href":"https:\/\/www.europesays.com\/fr\/wp-json\/wp\/v2\/tags?post=611359"}],"curies":[{"name":"wp","href":"https:\/\/api.w.org\/{rel}","templated":true}]}}