{"id":611362,"date":"2025-12-20T08:44:14","date_gmt":"2025-12-20T08:44:14","guid":{"rendered":"https:\/\/www.europesays.com\/fr\/611362\/"},"modified":"2025-12-20T08:44:14","modified_gmt":"2025-12-20T08:44:14","slug":"quand-la-voix-des-lecteurs-montre-la-voie","status":"publish","type":"post","link":"https:\/\/www.europesays.com\/fr\/611362\/","title":{"rendered":"quand la voix des lecteurs montre la voie"},"content":{"rendered":"<p class=\"fs-5 \">En 2014, Nice-Matin vit l\u2019une des p\u00e9riodes les plus chahut\u00e9es de son histoire. Entra\u00een\u00e9e dans sa chute par l\u2019ex-empire Hersant, l\u2019entreprise est convoit\u00e9e par des repreneurs qui pr\u00e9tendent la \u00ab\u00a0revitaliser\u00a0\u00bb en licenciant la moiti\u00e9 du personnel. Ainsi na\u00eet le projet de reprise port\u00e9 par les salari\u00e9s\u2026 et, incidemment, l\u2019association des lecteurs.<\/p>\n<p class=\"fs-5 \">\u00ab\u00a0En pr\u00e9parant le dossier visant \u00e0 transformer le journal en Soci\u00e9t\u00e9 coop\u00e9rative d\u2019int\u00e9r\u00eat collectif (Scic), Jean-Fran\u00e7ois Roubaud s\u2019est aper\u00e7u que ce statut impliquait une repr\u00e9sentation des salari\u00e9s au conseil de surveillance, explique Fran\u00e7ois Rosso, ancien chef du service Reportage. Il m\u2019a contact\u00e9 pour savoir si j\u2019accepterais, de toute urgence, de cr\u00e9er cette association.\u2005\u00a0\u00bb<\/p>\n<p class=\"fs-5 \">Entre les deux hommes, le contact est facile. Ils se connaissent depuis leurs premiers papiers dans les ann\u00e9es quatre-vingt. Surtout, en sollicitant Rosso, Roubaud sait qu\u2019il touche l\u2019une des figures les plus respect\u00e9es du journal.<\/p>\n<p>        <img decoding=\"async\" src=\"https:\/\/www.europesays.com\/fr\/wp-content\/uploads\/2025\/12\/ARTBLOCKVIEW-10656174-1128-752-9a3ec25_upload-1-s4iwobxu8znk-image-rosso-large.jpg\" class=\"figure-img img-fluid rounded\" alt=\"1945-2025 : Nice-Matin c\u00e9l\u00e8bre ses 80 ans Le 15 septembre 1945, le premier num\u00e9ro de Nice-Matin voyait le jour. 80 ans et plus de 28 000 num\u00e9ros plus tard, le quotidien souffle cette ann\u00e9e sa 80e bougie. Pour marquer cet anniversaire historique, Nice-Matin vous a pr\u00e9par\u00e9 une ann\u00e9e pleine de souvenirs, d\u2019\u00e9v\u00e9nements et de surprises.pascal primi et francois rosso\"\/><\/p>\n<p>                                    1945-2025 : Nice-Matin c\u00e9l\u00e8bre ses 80 ans Le 15 septembre 1945, le premier num\u00e9ro de Nice-Matin voyait le jour. 80 ans et plus de 28 000 num\u00e9ros plus tard, le quotidien souffle cette ann\u00e9e sa 80e bougie. Pour marquer cet anniversaire historique, Nice-Matin vous a pr\u00e9par\u00e9 une ann\u00e9e pleine de souvenirs, d\u2019\u00e9v\u00e9nements et de surprises.pascal primi et francois rosso <br \/>Patrice Lapoirie \/ Nice Matin<\/p>\n<p class=\"fs-5 \">\u00ab\u00a0Je n\u2019ai pas vraiment h\u00e9sit\u00e9, sourit l\u2019int\u00e9ress\u00e9. M\u00eame si, \u00e0 l\u2019\u00e9poque, j\u2019avais quitt\u00e9 le journal depuis huit ans.\u2005\u00a0\u00bb En quelques coups de fil, il structure le bureau de la future association dont il prend la pr\u00e9sidence. \u00c0 ce titre, il voit affluer les ch\u00e8ques des lecteurs invit\u00e9s \u00e0 soutenir le projet Scic. \u00ab\u00a0C\u2019\u00e9tait impressionnant, siffle l\u2019ancien journaliste. J\u2019ai pu mesurer, \u00e0 ce moment-l\u00e0, la force du lien qui unit Nice-Matin aux Azur\u00e9ens. Sans cela, notre pari \u00e9tait mort-n\u00e9.\u2005\u00a0\u00bb<\/p>\n<p class=\"fs-5 \">La suite appartient \u00e0 l\u2019histoire\u00a0: le 7 novembre 2014, le tribunal de commerce de Nice attribue le quotidien aux salari\u00e9s. L\u2019association, d\u00e8s lors, va pouvoir prendre toute sa place (1).<\/p>\n<p class=\"fs-5 \">\u00ab\u00a0Je me suis attach\u00e9 \u00e0 porter la voix de ceux qui nous lisent, nous critiquent et, en m\u00eame temps, nous adorent, sourit Fran\u00e7ois Rosso. Dire cela est une \u00e9vidence, mais leurs remarques sont souvent frapp\u00e9es au coin du bon sens.\u2005\u00a0\u00bb<\/p>\n<p>                                                                                \u00ab\u00a0Des personnes passionn\u00e9es\u00a0\u00bb<\/p>\n<p class=\"fs-5 \">En 2021, il c\u00e8de sa place \u00e0 Dominique Pedinielli. \u00ab\u00a0Mon parcours est radicalement diff\u00e9rent, l\u00e2che-t-elle en riant. J\u2019ai commenc\u00e9 ma vie professionnelle en enseignant le droit \u00e0 la facult\u00e9 de Toulon. En 1981, j\u2019ai \u00e9t\u00e9 happ\u00e9e par l\u2019aventure des radios libres. J\u2019en ai cr\u00e9\u00e9 une avec des copains, Mistral FM, qui existe toujours aujourd\u2019hui.\u2005\u00a0\u00bb <\/p>\n<p class=\"fs-5 \">En 1986, elle obtient sa carte de presse et s\u2019impose, cr\u00e2nement, dans le paysage m\u00e9diatique face aux deux poids lourds de l\u2019\u00e9poque\u00a0: Le Var- Nice-Matin et Var-matin R\u00e9publique.<\/p>\n<p class=\"fs-5 \">\u00ab\u00a0Avec Nice-Matin, \u00e7a s\u2019est toujours bien pass\u00e9, se souvient-elle. C\u2019\u00e9tait plus compliqu\u00e9 avec les journalistes de Gaston Defferre (2) qui d\u00e9fendaient bec et ongles leur pr\u00e9 carr\u00e9.\u2005\u00a0\u00bb<\/p>\n<p class=\"fs-5 \">En 2014, elle avait \u00e9t\u00e9 l\u2019une des premi\u00e8res \u00e0 \u00ab\u00a0mettre au pot\u00a0\u00bb pour assurer la p\u00e9rennit\u00e9 du journal. Sept ans plus tard, elle donne de sa personne et de son temps pour faire vivre la communaut\u00e9 des lecteurs. \u00ab\u00a0Des personnes r\u00e9ellement passionn\u00e9es, r\u00e9sume-t-elle. C\u2019est ce qui rend cette t\u00e2che int\u00e9ressante.\u2005\u00a0\u00bb<\/p>\n<p class=\"fs-5 \">\u00ab\u00a0Ma routine n\u2019a jamais chang\u00e9, conclut-elle en clignant de l\u2019\u0153il. Tous les matins, o\u00f9 que je sois, je commence ma journ\u00e9e en lisant Var-matin, Nice-Matin et Corse-Matin. C\u2019est pour cela que j\u2019ai accept\u00e9 de succ\u00e9der \u00e0 Fran\u00e7ois\u00a0; parce que je sais ce que repr\u00e9sente ce journal pour tellement de gens\u00a0!\u2005\u00a0\u00bb<\/p>\n<p class=\"fs-6\">1. Contact\u00a0: ALNMVM BP 54215, 06131 Grasse Cedex. Mail\u00a0: assolecteursnmvm@gmail.com<br \/>2. Maire de Marseille de 1953 \u00e0 sa mort en 1986, propri\u00e9taire des quotidiens Le Proven\u00e7al, Le M\u00e9ridional et Var-matin R\u00e9publique rachet\u00e9s par Hachette en 1987.<\/p>\n<p>                                                                                Rosso, charismatique et bienveillant<\/p>\n<p class=\"fs-5 \">Le parcours de Fran\u00e7ois Rosso \u00e0 Nice-Matin commence par un refus d\u2019obstacle. \u00ab\u00a0Je suis arriv\u00e9 au journalisme assez tard apr\u00e8s une ma\u00eetrise de Droit, par hasard et par la petite porte, r\u00e9sume-t-il. En 1982, je travaillais \u00e0 la mairie de La Colle. Le correspondant local est d\u00e9c\u00e9d\u00e9\u00a0; j\u2019ai pris sa place.\u2005\u00a0\u00bb<\/p>\n<p class=\"fs-5 \">Le jeune homme \u00ab\u00a0chope le virus\u00a0\u00bb. En mai 1983, il obtient un stage de pr\u00e9-embauche \u00e0 la locale de Nice. On lui offre d\u2019\u00eatre titularis\u00e9\u2026 \u00e0 Draguignan. Il refuse. \u00ab\u00a0En d\u00e9cembre, le directeur de la r\u00e9daction, Georges Mars, m\u2019a fait une seconde proposition \u2013 en me pr\u00e9cisant fermement qu\u2019il n\u2019y en aurait pas de troisi\u00e8me. C\u2019est comme \u00e7a que j\u2019ai obtenu mon premier poste \u00e0 Cagnes-sur-Mer.\u00a0\u00bb<\/p>\n<p class=\"fs-5 \">Le r\u00e9dacteur entame alors un tour des services qui le conduit de Vence \u00e0 Cannes en passant par Grasse, Antibes, les \u00ab\u00a0infos g\u00e9n\u00e9\u00a0\u00bb et\u2026 Draguignan.<\/p>\n<p>        <img decoding=\"async\" src=\"https:\/\/www.europesays.com\/fr\/wp-content\/uploads\/2025\/12\/ARTBLOCKVIEW-10656174-1128-752-8034fe6_upload-1-yhvou1jmby40-rcaxxq417-pl-nice-mat-38037124-large.jp.jpeg\" class=\"figure-img img-fluid rounded\" alt=\"Fran\u00e7ois Rosso et sa compagne, Pascale Primi, \u00e9galement ancienne journaliste \u00e0 \u00ab\u00a0Nice-Matin\u00a0\u00bb.\"\/><\/p>\n<p>                                    Fran\u00e7ois Rosso et sa compagne, Pascale Primi, \u00e9galement ancienne journaliste \u00e0 \u00ab\u00a0Nice-Matin\u00a0\u00bb. <br \/>Patrice Lapoirie \/ Nice Matin<\/p>\n<p class=\"fs-5 \">Huit ans apr\u00e8s ses premiers articles, il est nomm\u00e9 chef d\u2019agence, r\u00e9put\u00e9 autant pour sa rigueur et son talent de plume que pour ses coups de sang \u2013 aussi brefs que redoutables.<\/p>\n<p class=\"fs-5 \">L\u2019auteur de ces lignes, qui a travaill\u00e9 sous ses ordres \u00e0 la fin des ann\u00e9es quatre-vingt-dix, peut en t\u00e9moigner\u00a0: Fran\u00e7ois Rosso, d\u00e8s cette \u00e9poque, fait l\u2019unanimit\u00e9. Excellent p\u00e9dagogue, leader bienveillant et charismatique, il sait \u00e0 la fois trouver les infos, jauger de leur int\u00e9r\u00eat et les r\u00e9diger brillamment, trois qualit\u00e9s rarement r\u00e9unies chez un seul journaliste.<\/p>\n<p class=\"fs-5 \">Il est \u00e9galement l\u2019un des seuls, sous l\u2019\u00e8re Bavastro, qui n\u2019h\u00e9site pas \u00e0 rembarrer les \u00e9lus trop intrusifs \u2013 quelle que soit leur \u00e9tiquette politique. Un ancien maire azur\u00e9en, trait\u00e9 de \u00ab\u00a0roitelet\u00a0\u00bb parce qu\u2019il pr\u00e9tendait dicter le choix d\u2019un correspondant dans sa commune, s\u2019en souvient encore.<\/p>\n<p class=\"fs-5 \">\u00ab\u00a0Je n\u2019ai jamais vraiment eu le sens de la hi\u00e9rarchie, confesse-t-il en rigolant. M\u00eame avec le \u2018\u2018Vieux\u2019\u2019 [Michel Bavastro, le patron du journal, Ndlr], je m\u2019effor\u00e7ais d\u2019avoir des rapports normaux, alors que cet homme terrorisait tout le monde.\u2005\u00a0\u00bb<\/p>\n<p class=\"fs-5 \">Rosso termine sa carri\u00e8re \u00e0 Nice-Matin \u00e0 la t\u00eate du service Reportage. \u00ab\u00a0Je suis parti en 2008, bien avant l\u2019\u00e2ge de la retraite, pour de nouvelles aventures, conclut-il. Je n\u2019aurais jamais cru que j\u2019y reviendrai, six ans plus tard, dans des conditions aussi improbables.\u00a0\u00bb<\/p>\n","protected":false},"excerpt":{"rendered":"En 2014, Nice-Matin vit l\u2019une des p\u00e9riodes les plus chahut\u00e9es de son histoire. Entra\u00een\u00e9e dans sa chute par&hellip;\n","protected":false},"author":2,"featured_media":611363,"comment_status":"","ping_status":"","sticky":false,"template":"","format":"standard","meta":{"footnotes":""},"categories":[2819],"tags":[55033,1111,11,1777,674,1011,27,12,2401,882,25],"class_list":{"0":"post-611362","1":"post","2":"type-post","3":"status-publish","4":"format-standard","5":"has-post-thumbnail","7":"category-nice","8":"tag-80-ans-de-nice-matin","9":"tag-actu","10":"tag-actualites","11":"tag-eu","12":"tag-europe","13":"tag-fr","14":"tag-france","15":"tag-news","16":"tag-nice","17":"tag-provence-alpes-cote-dazur","18":"tag-republique-francaise"},"share_on_mastodon":{"url":"https:\/\/pubeurope.com\/@fr\/115751018848573017","error":""},"_links":{"self":[{"href":"https:\/\/www.europesays.com\/fr\/wp-json\/wp\/v2\/posts\/611362","targetHints":{"allow":["GET"]}}],"collection":[{"href":"https:\/\/www.europesays.com\/fr\/wp-json\/wp\/v2\/posts"}],"about":[{"href":"https:\/\/www.europesays.com\/fr\/wp-json\/wp\/v2\/types\/post"}],"author":[{"embeddable":true,"href":"https:\/\/www.europesays.com\/fr\/wp-json\/wp\/v2\/users\/2"}],"replies":[{"embeddable":true,"href":"https:\/\/www.europesays.com\/fr\/wp-json\/wp\/v2\/comments?post=611362"}],"version-history":[{"count":0,"href":"https:\/\/www.europesays.com\/fr\/wp-json\/wp\/v2\/posts\/611362\/revisions"}],"wp:featuredmedia":[{"embeddable":true,"href":"https:\/\/www.europesays.com\/fr\/wp-json\/wp\/v2\/media\/611363"}],"wp:attachment":[{"href":"https:\/\/www.europesays.com\/fr\/wp-json\/wp\/v2\/media?parent=611362"}],"wp:term":[{"taxonomy":"category","embeddable":true,"href":"https:\/\/www.europesays.com\/fr\/wp-json\/wp\/v2\/categories?post=611362"},{"taxonomy":"post_tag","embeddable":true,"href":"https:\/\/www.europesays.com\/fr\/wp-json\/wp\/v2\/tags?post=611362"}],"curies":[{"name":"wp","href":"https:\/\/api.w.org\/{rel}","templated":true}]}}