{"id":611364,"date":"2025-12-20T08:45:19","date_gmt":"2025-12-20T08:45:19","guid":{"rendered":"https:\/\/www.europesays.com\/fr\/611364\/"},"modified":"2025-12-20T08:45:19","modified_gmt":"2025-12-20T08:45:19","slug":"bienvenue-au-paradis-des-boissons-de-la-place-massena","status":"publish","type":"post","link":"https:\/\/www.europesays.com\/fr\/611364\/","title":{"rendered":"bienvenue au \u00ab paradis des boissons \u00bb de la place Mass\u00e9na"},"content":{"rendered":"<p><strong>Sur la place Mass\u00e9na, un chalet est rep\u00e9r\u00e9 presque instinctivement par les passants. Depuis pr\u00e8s de trois d\u00e9cennies, Le Rendez-vous, stand d\u00e9di\u00e9 aux boissons chaudes et festives, accompagne les hivers ni\u00e7ois.\u00a0<\/strong><\/p>\n<p>\u00c0 la man\u0153uvre, Nicole Oppodisano, figure bien connue du march\u00e9. \u00ab\u00a0On est l\u00e0 depuis vingt-cinq ans\u2026 enfin plut\u00f4t vingt-sept ans exactement\u00a0\u00bb corrige-t-elle. Un d\u00e9tail qui en dit long sur l\u2019ancrage du chalet, l\u2019un des pionniers de la place Mass\u00e9na.<\/p>\n<p>En son sein, tout tourne autour du verre que l\u2019on tient entre ses mains. Le vin chaud, pr\u00e9par\u00e9 sp\u00e9cialement pour No\u00ebl, est relev\u00e9 d\u2019\u00e9pices soigneusement dos\u00e9es, pens\u00e9 comme une boisson de saison que l\u2019on ne retrouve qu\u2019\u00e0 cette p\u00e9riode de l\u2019ann\u00e9e. <\/p>\n<p><a href=\"https:\/\/espacelympia.departement06.fr\/agenda\/brigitte-mylene-et-michele-les-petites-cheries-de-la-cote-dazur\" data-wpel-link=\"external\" target=\"_blank\" rel=\"external noopener noreferrer\"><img loading=\"lazy\" decoding=\"async\" width=\"300\" height=\"300\" src=\"https:\/\/www.europesays.com\/fr\/wp-content\/uploads\/2025\/12\/APWeb_LPC_300x300_YB_300-x-300.jpg\" alt=\"\" class=\"wp-image-262664\"\/><\/a><\/p>\n<p>\u00c0 ses c\u00f4t\u00e9s, la Socabi\u00e8re, bi\u00e8re ni\u00e7oise embl\u00e9matique, se d\u00e9cline elle aussi en version hivernale. \u00ab\u00a0Elle existe toute l\u2019ann\u00e9e, mais l\u00e0, on l\u2019adapte \u00e0\u00a0No\u00ebl\u00a0\u00bb pr\u00e9cise Nicole.<\/p>\n<p>Id\u00e9al pour une pause au soleil\u00a0<\/p>\n<p>Le chalet fait aussi la part belle \u00e0\u00a0ceux qui pr\u00e9f\u00e8rent les alternatives sans alcool. Jus de pomme chaud, chocolat pour les enfants, caf\u00e9, th\u00e9 et boissons softs compl\u00e8tent la\u00a0carte.<\/p>\n<p>\u00ab\u00a0C\u2019est vraiment le paradis des boissons\u00a0\u00bb r\u00e9sume la responsable. On vient ici pour discuter, faire une pause entre deux stands gourmands.<\/p>\n<p><img loading=\"lazy\" decoding=\"async\" width=\"1120\" height=\"630\" src=\"https:\/\/www.europesays.com\/fr\/wp-content\/uploads\/2025\/12\/3-7-1120x630.jpg\" alt=\"3 7\" class=\"wp-image-262577\" title=\"\u00c0 Nice, ce chalet de No\u00ebl est devenu un incontournable pour se r\u00e9chauffer : bienvenue au \u00ab paradis des boissons \u00bb de la place Mass\u00e9na 1\"  \/>\u00a9 Romain Boisaubert \/ Nice-Presse<\/p>\n<p>Le succ\u00e8s du Rendez-vous tient aussi \u00e0\u00a0sa situation et \u00e0\u00a0son esprit. \u00c0\u00a0quelques pas des stands de socca, il s\u2019impose naturellement comme un prolongement convivial. Une compl\u00e9mentarit\u00e9 \u00e9vidente sur une place o\u00f9 les Ni\u00e7ois aiment fl\u00e2ner tout au long de l\u2019ann\u00e9e, et particuli\u00e8rement pendant les\u00a0f\u00eates.<\/p>\n","protected":false},"excerpt":{"rendered":"Sur la place Mass\u00e9na, un chalet est rep\u00e9r\u00e9 presque instinctivement par les passants. Depuis pr\u00e8s de trois d\u00e9cennies,&hellip;\n","protected":false},"author":2,"featured_media":611365,"comment_status":"","ping_status":"","sticky":false,"template":"","format":"standard","meta":{"footnotes":""},"categories":[2819],"tags":[1111,11,1777,674,1011,27,12,2401,882,25],"class_list":{"0":"post-611364","1":"post","2":"type-post","3":"status-publish","4":"format-standard","5":"has-post-thumbnail","7":"category-nice","8":"tag-actu","9":"tag-actualites","10":"tag-eu","11":"tag-europe","12":"tag-fr","13":"tag-france","14":"tag-news","15":"tag-nice","16":"tag-provence-alpes-cote-dazur","17":"tag-republique-francaise"},"share_on_mastodon":{"url":"https:\/\/pubeurope.com\/@fr\/115751021892309885","error":""},"_links":{"self":[{"href":"https:\/\/www.europesays.com\/fr\/wp-json\/wp\/v2\/posts\/611364","targetHints":{"allow":["GET"]}}],"collection":[{"href":"https:\/\/www.europesays.com\/fr\/wp-json\/wp\/v2\/posts"}],"about":[{"href":"https:\/\/www.europesays.com\/fr\/wp-json\/wp\/v2\/types\/post"}],"author":[{"embeddable":true,"href":"https:\/\/www.europesays.com\/fr\/wp-json\/wp\/v2\/users\/2"}],"replies":[{"embeddable":true,"href":"https:\/\/www.europesays.com\/fr\/wp-json\/wp\/v2\/comments?post=611364"}],"version-history":[{"count":0,"href":"https:\/\/www.europesays.com\/fr\/wp-json\/wp\/v2\/posts\/611364\/revisions"}],"wp:featuredmedia":[{"embeddable":true,"href":"https:\/\/www.europesays.com\/fr\/wp-json\/wp\/v2\/media\/611365"}],"wp:attachment":[{"href":"https:\/\/www.europesays.com\/fr\/wp-json\/wp\/v2\/media?parent=611364"}],"wp:term":[{"taxonomy":"category","embeddable":true,"href":"https:\/\/www.europesays.com\/fr\/wp-json\/wp\/v2\/categories?post=611364"},{"taxonomy":"post_tag","embeddable":true,"href":"https:\/\/www.europesays.com\/fr\/wp-json\/wp\/v2\/tags?post=611364"}],"curies":[{"name":"wp","href":"https:\/\/api.w.org\/{rel}","templated":true}]}}