{"id":611370,"date":"2025-12-20T08:48:15","date_gmt":"2025-12-20T08:48:15","guid":{"rendered":"https:\/\/www.europesays.com\/fr\/611370\/"},"modified":"2025-12-20T08:48:15","modified_gmt":"2025-12-20T08:48:15","slug":"paul-la-resurrection-de-mccartney-contee-en-bd-par-le-bordelais-herve-bourhis","status":"publish","type":"post","link":"https:\/\/www.europesays.com\/fr\/611370\/","title":{"rendered":"\u00ab\u00a0Paul\u00a0\u00bb, la r\u00e9surrection de McCartney cont\u00e9e en BD par le Bordelais Herv\u00e9 Bourhis"},"content":{"rendered":"<p class=\"wp-block-post-excerpt__excerpt\">De la fin des Beatles au triomphe de \u00ab\u00a0Band on the run\u00a0\u00bb avec son nouveau groupe, les Wings, Herv\u00e9 Bourhis retrace le trou noir et la renaissance de l\u2019ic\u00f4ne pop. Son audace, longtemps \u00e9clips\u00e9e par celle de son ami John Lennon, y \u00e9clate \u00e0 nouveau. <\/p>\n<p class=\"font-sans\">\n\t\t\tCet article est en acc\u00e8s libre. Pour soutenir Rue89Bordeaux,<br \/>\n\t\t\t<a class=\"underline\" href=\"https:\/\/rue89bordeaux.com\/abonnement\/\" target=\"_blank\" rel=\"noopener\">abonnez-vous<\/a>.\n\t\t<\/p>\n<p>Simon Barth\u00e9l\u00e9my<\/p>\n<p>Publi\u00e9 le 20 d\u00e9cembre 2025\u00a0\u00a0\u00b7\u00a0\u00a0<\/p>\n<p>Imprim\u00e9 le 20 d\u00e9cembre 2025 \u00e0 09h25\u00a0\u00a0\u00b7\u00a0\u00a0<\/p>\n<p>\t\t\t\t\t2\u00a0minutes\n<\/p>\n<p><img loading=\"lazy\" decoding=\"async\" width=\"340\" height=\"456\" src=\"https:\/\/www.europesays.com\/fr\/wp-content\/uploads\/2025\/12\/paul.jpg\" alt=\"\" class=\"wp-image-174823\"  \/><\/p>\n<p>9 septembre 1969. Peu avant la sortie d\u2019Abbey Road, une r\u00e9union se tient dans les bureaux d\u2019Apple, la maison de disques des Beatles. Paul McCartney, 27 ans, est heureux, sa premi\u00e8re fille vient de na\u00eetre. Alors qu\u2019il se projette sur le prochain album du groupe, il est cueilli \u00e0 froid. <\/p>\n<p>Col\u00e8re de George envers le peu de consid\u00e9ration de ses camarades pour ses morceaux, d\u00e9dain de John pour les chansons les plus pops de Paul, volont\u00e9 de celui-l\u00e0 de \u00ab\u00a0mettre fin au mythe Lennon-McCartney\u00a0\u00bb\u2026 Les divergences \u00e9clatent au grand jour. 11 jours plus tard, John annonce \u00e0 son camarade qu\u2019il quitte le groupe, sans le d\u00e9voiler publiquement.<\/p>\n<p>\t\tD\u00e9clics<\/p>\n<p>Des enregistrements audio de ces discussions, r\u00e9cemment retrouv\u00e9s et retranscrits, ont servi de \u00ab\u00a0d\u00e9clic\u00a0\u00bb \u00e0 Herv\u00e9 Bourhis, avec Get Back, le documentaire cr\u00e9\u00e9 par Peter Jackson a cr\u00e9\u00e9 \u00e0 partir des rushes du film Let it be, tourn\u00e9 en 1969. <\/p>\n<blockquote class=\"wp-block-quote is-layout-flow wp-block-quote-is-layout-flow\">\n<p>\u00ab\u00a0Il a rendu fous plein de gens, y compris moi, raconte l\u2019auteur bordelais dans une interview \u00e0 la fin de \u00ab\u00a0Paul\u00a0\u00bb. C\u2019est comme une \u00e9mission de t\u00e9l\u00e9-r\u00e9alit\u00e9, mais avec des gens dr\u00f4les et talentueux. J\u2019avais depuis un moment l\u2019envie de raconter l\u2019apr\u00e8s-Beatles de Paul, mais Get back m\u2019a donn\u00e9 l\u2019envie d\u2019\u00eatre plus immersif dans le r\u00e9cit. Qu\u2019on soit au plus pr\u00e8s des personnages.\u00a0\u00bb<\/p>\n<\/blockquote>\n<p>On traverse ainsi la d\u00e9pression de Paul apr\u00e8s son divorce avec Lennon. Le leader du groupe tente en vain de recoller les morceaux, et sombre dans l\u2019alcool. Alors que se propage la fake news de l\u2019annonce de sa mort, il se r\u00e9fugie dans sa fermette \u00e9cossaise. Il reprend go\u00fbt \u00e0 la musique avec sa femme, Linda, qu\u2019il convainc de chanter avec lui sur ce qui sera son premier album solo, assassin\u00e9 par la critique. <\/p>\n<p>\t\tEngag\u00e9<\/p>\n<p>Apr\u00e8s une nouvelle f\u00e2cherie avec les trois autres Beatles, Paul r\u00e9v\u00e8le le 8 avril 1970 qu\u2019il arr\u00eate les Beatles. La suite, que raconte Bourhis \u00e0 la premi\u00e8re personne du singulier, comme si McCartney faisait son autobiographie, est l\u2019histoire d\u2019une r\u00e9invention artistique. <\/p>\n<p>Dans un dessin aux touches parfois psych\u00e9 des seventees, le Bordelais nous fait vivre la tourn\u00e9e sans un rond des universit\u00e9s anglaises des Wings, le groupe de Paul et Linda, l\u2019enregistrement de \u00ab\u00a0Band on the run\u00a0\u00bb \u00e0 Lagos, o\u00f9 le gamin de Liverpool rencontre le mythique Fela Kuti, jusqu\u2019aux retrouvailles avec John, en Californie, en 1974.<\/p>\n<p>Outre l\u2019hommage artistique, Herv\u00e9 Bourhis salue aussi les engagements de McCartney, loin de l\u2019image conservatrice que s\u2019amusait \u00e0 dresser de lui Lennon : v\u00e9g\u00e9tarisme, vie en communaut\u00e9, chansons engag\u00e9es pour l\u2019ind\u00e9pendance de l\u2019Irlande\u2026 Et une posture rock\u2019n\u2019roll jusqu\u2019au bout.   <\/p>\n<p><strong>\u2022 Paul. La r\u00e9surrection de James Paul McCartney (1969-1973), d\u2019Herv\u00e9 Bourhis. Casterman, 2025. 98 pages, 20\u20ac<\/strong><\/p>\n","protected":false},"excerpt":{"rendered":"De la fin des Beatles au triomphe de \u00ab\u00a0Band on the run\u00a0\u00bb avec son nouveau groupe, les Wings,&hellip;\n","protected":false},"author":2,"featured_media":611371,"comment_status":"","ping_status":"","sticky":false,"template":"","format":"standard","meta":{"footnotes":""},"categories":[2817],"tags":[1111,11,13153,1997,1777,674,1011,27,873,12,2219,25,7040],"class_list":{"0":"post-611370","1":"post","2":"type-post","3":"status-publish","4":"format-standard","5":"has-post-thumbnail","7":"category-bordeaux","8":"tag-actu","9":"tag-actualites","10":"tag-bande-dessinee","11":"tag-bordeaux","12":"tag-eu","13":"tag-europe","14":"tag-fr","15":"tag-france","16":"tag-musique","17":"tag-news","18":"tag-nouvelle-aquitaine","19":"tag-republique-francaise","20":"tag-rock"},"share_on_mastodon":{"url":"https:\/\/pubeurope.com\/@fr\/115751034596542419","error":""},"_links":{"self":[{"href":"https:\/\/www.europesays.com\/fr\/wp-json\/wp\/v2\/posts\/611370","targetHints":{"allow":["GET"]}}],"collection":[{"href":"https:\/\/www.europesays.com\/fr\/wp-json\/wp\/v2\/posts"}],"about":[{"href":"https:\/\/www.europesays.com\/fr\/wp-json\/wp\/v2\/types\/post"}],"author":[{"embeddable":true,"href":"https:\/\/www.europesays.com\/fr\/wp-json\/wp\/v2\/users\/2"}],"replies":[{"embeddable":true,"href":"https:\/\/www.europesays.com\/fr\/wp-json\/wp\/v2\/comments?post=611370"}],"version-history":[{"count":0,"href":"https:\/\/www.europesays.com\/fr\/wp-json\/wp\/v2\/posts\/611370\/revisions"}],"wp:featuredmedia":[{"embeddable":true,"href":"https:\/\/www.europesays.com\/fr\/wp-json\/wp\/v2\/media\/611371"}],"wp:attachment":[{"href":"https:\/\/www.europesays.com\/fr\/wp-json\/wp\/v2\/media?parent=611370"}],"wp:term":[{"taxonomy":"category","embeddable":true,"href":"https:\/\/www.europesays.com\/fr\/wp-json\/wp\/v2\/categories?post=611370"},{"taxonomy":"post_tag","embeddable":true,"href":"https:\/\/www.europesays.com\/fr\/wp-json\/wp\/v2\/tags?post=611370"}],"curies":[{"name":"wp","href":"https:\/\/api.w.org\/{rel}","templated":true}]}}