{"id":611390,"date":"2025-12-20T09:00:24","date_gmt":"2025-12-20T09:00:24","guid":{"rendered":"https:\/\/www.europesays.com\/fr\/611390\/"},"modified":"2025-12-20T09:00:24","modified_gmt":"2025-12-20T09:00:24","slug":"encore-un-voyageur-controle-avec-une-enorme-somme-dargent-dans-son-sac","status":"publish","type":"post","link":"https:\/\/www.europesays.com\/fr\/611390\/","title":{"rendered":"encore un voyageur contr\u00f4l\u00e9 avec une \u00e9norme somme d&rsquo;argent dans son sac"},"content":{"rendered":"<p>                    Par<br \/>\n        <strong><br \/>\n            <a href=\"https:\/\/actu.fr\/auteur\/thomas-martin\" title=\"Consulter tous les articles de Thomas Martin\" target=\"_blank\" rel=\"noopener\">Thomas Martin<\/a><br \/>\n                    <\/strong><\/p>\n<p>        Publi\u00e9 le<\/p>\n<p>            20 d\u00e9c. 2025 \u00e0 9h09        <\/p>\n<p>La <a href=\"https:\/\/actu.fr\/tag\/gare-montparnasse\" target=\"_blank\" rel=\"noopener\">gare Montparnasse<\/a> \u00e0 Paris est le jackpot quasi assur\u00e9 pour la <a href=\"https:\/\/actu.fr\/tag\/police\" target=\"_blank\" rel=\"noopener\">police<\/a> lors des contr\u00f4les qu\u2019elle op\u00e8re sur les voyageurs qui y transitent. La <a href=\"https:\/\/actu.fr\/tag\/prefecture-de-police-de-paris\" target=\"_blank\" rel=\"noopener\">pr\u00e9fecture de police<\/a> annonce sur X l\u2019interpellation d\u2019un homme, jeudi 18 d\u00e9cembre, qui transportait <strong>155 000 euros<\/strong> en billets. Une somme dont il ne pouvait justifier la provenance.\u00a0<\/p>\n<p class=\" wall-content\">\n<p>Un lieu de passage des trafiquants<\/p>\n<p class=\" wall-content\">C\u2019est un peu moins que les <a href=\"https:\/\/actu.fr\/ile-de-france\/paris_75056\/gare-montparnasse-a-paris-les-policiers-fouillent-le-sac-d-un-voyageur-ils-tombent-sur-un-enorme-magot_63507257.html\" target=\"_blank\" rel=\"noopener\">167 000 euros retrouv\u00e9s dans le sac \u00e0 dos<\/a> d\u2019un autre individu fin novembre au m\u00eame endroit. La gare Montparnasse est un point sensible r\u00e9guli\u00e8rement utilis\u00e9 par les trafiquants reliant Paris \u00e0 l\u2019Ouest de la France.<\/p>\n<p class=\" wall-content\">Le <a href=\"https:\/\/actu.fr\/ile-de-france\/paris_75056\/de-nombreux-billets-controle-a-la-gare-montparnasse-a-paris-il-a-bien-du-mal-a-expliquer-son-pactole_62681895.html\" target=\"_blank\" rel=\"noopener\">record des\u00a0200 000\u00a0 euros<\/a> d\u00e9couverts, en 2023, toujours \u00e0 la gare Montparnasse par les policiers dans les bagages d\u2019un voyageur tient toujours. L\u2019individu avait \u00e9t\u00e9 contr\u00f4l\u00e9 car v\u00e9h\u00e9ment avec des agents SNCF apr\u00e8s avoir rat\u00e9 son train \u00e0 destination de Brest.<\/p>\n<p class=\" wall-content\">Les membres de la s\u00fbret\u00e9\u00a0SNCF\u00a0avaient alors trouv\u00e9 l\u2019importante somme dans sa valise avant de pr\u00e9venir la police. En garde \u00e0 vue, le voyageur n\u2019avait pas \u00e9t\u00e9 en capacit\u00e9 d\u2019expliquer la provenance de cette somme d\u2019argent<\/p>\n<p class=\" wall-content\">Personnalisez votre actualit\u00e9 en ajoutant vos villes et m\u00e9dias en favori avec <a href=\"https:\/\/moncompte.actu.fr\" title=\"D\u00e9couvez Mon Actu\" rel=\"nofollow noopener\" data-trk=\"{&quot;cta&quot;:{&quot;action&quot;:&quot;https:\\\/\\\/moncompte.actu.fr&quot;,&quot;category&quot;:&quot;mon compte&quot;,&quot;from&quot;:&quot;article footer&quot;,&quot;name&quot;:&quot;Mon actu&quot;,&quot;type&quot;:&quot;cta&quot;}}\" target=\"_blank\">Mon Actu<\/a>.<\/p>\n","protected":false},"excerpt":{"rendered":"Par Thomas Martin Publi\u00e9 le 20 d\u00e9c. 2025 \u00e0 9h09 La gare Montparnasse \u00e0 Paris est le jackpot&hellip;\n","protected":false},"author":2,"featured_media":611391,"comment_status":"","ping_status":"","sticky":false,"template":"","format":"standard","meta":{"footnotes":""},"categories":[1888],"tags":[1111,1928,11,1927,1777,674,118,1011,27,8037,11674,12,1926,626,1925,1072,25],"class_list":{"0":"post-611390","1":"post","2":"type-post","3":"status-publish","4":"format-standard","5":"has-post-thumbnail","7":"category-paris","8":"tag-actu","9":"tag-actu-paris","10":"tag-actualites","11":"tag-actualites-paris","12":"tag-eu","13":"tag-europe","14":"tag-faits-divers","15":"tag-fr","16":"tag-france","17":"tag-gare-montparnasse","18":"tag-montparnasse","19":"tag-news","20":"tag-news-paris","21":"tag-paris","22":"tag-paris-news","23":"tag-police","24":"tag-republique-francaise"},"share_on_mastodon":{"url":"https:\/\/pubeurope.com\/@fr\/115751080633087069","error":""},"_links":{"self":[{"href":"https:\/\/www.europesays.com\/fr\/wp-json\/wp\/v2\/posts\/611390","targetHints":{"allow":["GET"]}}],"collection":[{"href":"https:\/\/www.europesays.com\/fr\/wp-json\/wp\/v2\/posts"}],"about":[{"href":"https:\/\/www.europesays.com\/fr\/wp-json\/wp\/v2\/types\/post"}],"author":[{"embeddable":true,"href":"https:\/\/www.europesays.com\/fr\/wp-json\/wp\/v2\/users\/2"}],"replies":[{"embeddable":true,"href":"https:\/\/www.europesays.com\/fr\/wp-json\/wp\/v2\/comments?post=611390"}],"version-history":[{"count":0,"href":"https:\/\/www.europesays.com\/fr\/wp-json\/wp\/v2\/posts\/611390\/revisions"}],"wp:featuredmedia":[{"embeddable":true,"href":"https:\/\/www.europesays.com\/fr\/wp-json\/wp\/v2\/media\/611391"}],"wp:attachment":[{"href":"https:\/\/www.europesays.com\/fr\/wp-json\/wp\/v2\/media?parent=611390"}],"wp:term":[{"taxonomy":"category","embeddable":true,"href":"https:\/\/www.europesays.com\/fr\/wp-json\/wp\/v2\/categories?post=611390"},{"taxonomy":"post_tag","embeddable":true,"href":"https:\/\/www.europesays.com\/fr\/wp-json\/wp\/v2\/tags?post=611390"}],"curies":[{"name":"wp","href":"https:\/\/api.w.org\/{rel}","templated":true}]}}