{"id":611396,"date":"2025-12-20T09:05:19","date_gmt":"2025-12-20T09:05:19","guid":{"rendered":"https:\/\/www.europesays.com\/fr\/611396\/"},"modified":"2025-12-20T09:05:19","modified_gmt":"2025-12-20T09:05:19","slug":"video-ruine-par-la-crise-covid-le-plus-vieux-passage-couvert-de-paris-commence-a-revivre","status":"publish","type":"post","link":"https:\/\/www.europesays.com\/fr\/611396\/","title":{"rendered":"VID\u00c9O. \u00ab\u00a0Ruin\u00e9\u00a0\u00bb par la crise Covid, le plus vieux passage couvert de Paris \u00ab\u00a0commence \u00e0 revivre\u00a0\u00bb"},"content":{"rendered":"<p>                    Par<br \/>\n        <strong><br \/>\n            <a href=\"https:\/\/actu.fr\/auteur\/glenn-gillet\" title=\"Consulter tous les articles de Glenn Gillet\" target=\"_blank\" rel=\"noopener\">Glenn Gillet<\/a><br \/>\n                    <\/strong><\/p>\n<p>        Publi\u00e9 le<\/p>\n<p>            20 d\u00e9c. 2025 \u00e0 10h00        <\/p>\n<p>Les commer\u00e7ants sp\u00e9cialis\u00e9s dans le textile en conviennent, la <strong>grande \u00e9poque<\/strong> du passage du Caire est termin\u00e9e. Construit en 1798 dans ce qui est aujourd\u2019hui le 2e arrondissement, il est <strong>le<\/strong> <strong>plus ancien<\/strong> mais aussi <strong>le plus long<\/strong> (370\u00a0m\u00e8tres) <a href=\"https:\/\/actu.fr\/ile-de-france\/paris_75056\/balades-a-paris-les-plus-beaux-passages-couverts-a-voir-une-fois-dans-sa-vie_57605697.html\" target=\"_blank\" rel=\"noopener\">passage couvert<\/a> de Paris. Au XXe\u00a0si\u00e8cle, il \u00e9tait le c\u0153ur battant du <a href=\"https:\/\/actu.fr\/ile-de-france\/paris_75056\/concurrence-de-l-asie-nuisances-a-paris-le-quartier-du-sentier-s-est-vide-de-ses-commerces-de-gros_62552386.html\" target=\"_blank\" rel=\"noopener\">quartier du Sentier<\/a>, connu pour ses nombreux commerces de tissus et de <a href=\"https:\/\/actu.fr\/ile-de-france\/paris_75056\/paris-la-boutique-de-pret-a-porter-n-affichait-pas-correctement-ses-prix-en-vitrine-la-sanction-tombe_61242218.html\" target=\"_blank\" rel=\"noopener\">pr\u00eat-\u00e0-porter<\/a>. Jusqu\u2019\u00e0 il y a encore quelques ann\u00e9es, le passage accueillait de nombreux grossistes non seulement de v\u00eatements mais aussi d\u2019accessoires et de mannequins, ainsi qu\u2019un gand nombre de retoucheries.<br \/>Mais \u00ab\u2009<strong>le Covid et le confinement, \u00e7a a tout ruin\u00e9<\/strong>, les clients ne pouvaient plus venir, notamment les \u00e9trangers\u2009\u00bb, confie Hanane, 40 ans, dont la famille est implant\u00e9e dans le Sentier et sp\u00e9cialis\u00e9e dans le textile depuis plusieurs g\u00e9n\u00e9rations, et qui g\u00e8re l\u2019\u00e9tablissement H.B. Cr\u00e9ation avec son mari.<\/p>\n<p>\u00ab\u2009Avant, il y avait tellement de monde qu\u2019on avait du mal \u00e0 passer dans les all\u00e9es\u2009\u00bb<\/p>\n<p class=\" wall-content\">Aujourd\u2019hui, marcher dans ce passage plut\u00f4t \u00e9troit (moins de trois m\u00e8tres de large) permet de constater que de nombreuses boutiques autrefois occup\u00e9es sont aujourd\u2019hui vides. Les <strong>acheteurs sont rares<\/strong> et les personnes que l\u2019on voit arpenter les all\u00e9es sont souvent des Parisiens au pas press\u00e9 pour qui cette voie n\u2019est qu\u2019une all\u00e9e pi\u00e9tonne comme une autre.<\/p>\n<blockquote class=\"tiktok-embed\" cite=\"https:\/\/www.tiktok.com\/@actu.paris\/video\/7585630128970009878\" data-video-id=\"7585630128970009878\" data-embed-from=\"oembed\" style=\"max-width:605px; min-width:325px;\"><p>\n<a target=\"_blank\" title=\"@actu.paris\" href=\"https:\/\/www.tiktok.com\/@actu.paris?refer=embed\" rel=\"noopener\">@actu.paris<\/a> <\/p>\n<p>Au cours des derni\u00e8res ann\u00e9es, de nombreux commerces ont quitt\u00e9 le passage du Caire, le plus vieux et le plus long passage couvert de Paris <a title=\"paris\" target=\"_blank\" href=\"https:\/\/www.tiktok.com\/tag\/paris?refer=embed\" rel=\"noopener\">#paris<\/a> <a title=\"histoire\" target=\"_blank\" href=\"https:\/\/www.tiktok.com\/tag\/histoire?refer=embed\" rel=\"noopener\">#histoire<\/a> <a title=\"patrimoine\" target=\"_blank\" href=\"https:\/\/www.tiktok.com\/tag\/patrimoine?refer=embed\" rel=\"noopener\">#patrimoine<\/a>  <a title=\"commerce\" target=\"_blank\" href=\"https:\/\/www.tiktok.com\/tag\/commerce?refer=embed\" rel=\"noopener\">#commerce<\/a> <a title=\"fashion\" target=\"_blank\" href=\"https:\/\/www.tiktok.com\/tag\/fashion?refer=embed\" rel=\"noopener\">#fashion<\/a> <\/p>\n<p> <a target=\"_blank\" title=\"\u266c Spooky, quiet, scary atmosphere piano songs - Skittlegirl Sound\" href=\"https:\/\/www.tiktok.com\/music\/Spooky-quiet-scary-atmosphere-piano-songs-6817208513685620738?refer=embed\" rel=\"noopener\">\u266c Spooky, quiet, scary atmosphere piano songs \u2013 Skittlegirl Sound<\/a> <\/p>\n<\/blockquote>\n<p class=\" wall-content\">Des groupes de touristes curieux viennent aussi l\u2019arpenter, attir\u00e9s par son histoire\u2009: d\u00e9nomm\u00e9 apr\u00e8s l\u2019entr\u00e9e victorieuse de Napol\u00e9on au Caire, dans le cadre de la campagne d\u2019\u00c9gypte, le passage t\u00e9moigne visuellement du fort engouement de la soci\u00e9t\u00e9 fran\u00e7aise pour la civilisation \u00e9gyptienne au d\u00e9but du XIXe si\u00e8cle, appel\u00e9 \u00ab\u2009<strong>\u00e9gyptomanie\u2009<\/strong>\u00bb. On retrouve notamment une fa\u00e7ade orn\u00e9e de motifs et de sculptures \u00e9voquant l\u2019imaginaire de l\u2019\u00c9gypte au niveau de l\u2019entr\u00e9e qui fait face \u00e0 la rue d\u2019Aboukir.<\/p>\n<p class=\" wall-content\">Ces ornements sont les traces d\u2019une histoire rest\u00e9e glorieuses jusqu\u2019\u00e0 assez r\u00e9cemment. \u00ab\u2009Avant, tous les magasins \u00e9taient ouverts, il y avait tellement de monde qu\u2019on avait du mal \u00e0 passer dans les all\u00e9es\u2009\u00bb, se rappelle Kenan, 54\u00a0ans, qui a commenc\u00e9 \u00e0 fr\u00e9quenter le passage du\u00a0Caire pour le travail \u00ab\u2009vers 2008-2009\u2009\u00bb.<\/p>\n<p>    <img   decoding=\"async\" loading=\"lazy\" src=\"https:\/\/www.europesays.com\/fr\/wp-content\/uploads\/2025\/12\/dscf8111-960x640.jpg\" alt=\"L'entr\u00e9e du passage du Caire, orn\u00e9e de motifs d'inpiration \u00e9gyptienne, du c\u00f4t\u00e9 de la place du Caire et de la rue d'Aboukir.\" width=\"960\" height=\"640\"\/><br \/>\n    L\u2019entr\u00e9e du passage du Caire, orn\u00e9e de motifs d\u2019inspiration \u00e9gyptienne, du c\u00f4t\u00e9 de la place du Caire et de la rue d\u2019Aboukir. (\u00a9GG\/actu Paris)<\/p>\n<p class=\" wall-content\">Il a fini par y installer son activit\u00e9, Le Bien retoucherie, il y a un peu plus de deux ans, afin de se rapprocher du c\u0153ur du secteur du textile dans la capitale. Il esp\u00e9rait \u00e0 l\u2019\u00e9poque que la mauvaise passe du passage prendrait fin rapidement. Mais la morosit\u00e9 a perdur\u00e9. \u00ab\u2009Aujourd\u2019hui, il y a un peu de travail, mais c\u2019est <strong>beaucoup trop calme<\/strong> dans l\u2019ensemble\u2009\u00bb, regrette Kenan, qui se laisse encore trois ans maximum pour voir si l\u2019activit\u00e9 peut repartir dans le secteur, sans quoi il partira.<\/p>\n<p>Votre r\u00e9gion, votre actu !<\/p>\n<p>Recevez chaque jour les infos qui comptent pour vous.<\/p>\n<p>\t<a href=\"https:\/\/actu.fr\/newsletter\" class=\"ac-btn ac-btn--corner ac-btn--medium ac-btn--blue800\" target=\"_blank\" rel=\"noopener\">S&rsquo;incrire<\/a><br \/>\n\u00ab\u2009Tout ce qu\u2019on veut, c\u2019est que \u00e7a bouge\u2009\u00bb<\/p>\n<p class=\" wall-content\">Hanane et son mari ont espoir. Ils ont fait le choix de venir s\u2019installer dans ce passage embl\u00e9matique de leur secteur d\u2019activit\u00e9 car ils ont la conviction qu\u2019on aura toujours besoin de travailleurs du textile dans Paris, m\u00eame si la demande a \u00e9volu\u00e9 et vient d\u00e9sormais plut\u00f4t de clients haut de gamme, de cr\u00e9ateurs de mode et d\u2019acteurs de la haute couture dans la capitale. D\u2019autant que le passage, inscrits aux monuments historiques \u00e0 l\u2019instar des autres passages couverts parisiens, a connu une <strong>grosse op\u00e9ration de r\u00e9novation en 2017<\/strong> et qu\u2019il est aujourd\u2019hui en bon \u00e9tat et bien entretenu.<\/p>\n<p class=\" wall-content\">Les deux commer\u00e7ants acceptent aussi l\u2019id\u00e9e que le passage du\u00a0Caire ne soit plus enti\u00e8rement d\u00e9volu au textile. Dans les ann\u00e9es 2000, la mairie de Paris a pr\u00e9par\u00e9 le <strong>d\u00e9m\u00e9nagement<\/strong> d\u2019un certain nombre de grossistes du secteur du textile depuis le Sentier vers le CIFA, un nouveau centre de vente situ\u00e9 \u00e0 Aubervilliers. En parall\u00e8le, elle a lanc\u00e9 le projet \u00ab\u2009Silicon Sentier\u2009\u00bb visant \u00e0 favoriser le d\u00e9veloppement des start-ups et entreprises du num\u00e9rique.<\/p>\n<p class=\" wall-content\">Au cours des derni\u00e8res ann\u00e9es, de jeunes soci\u00e9t\u00e9s de ce secteur se sont install\u00e9es dans certaines unit\u00e9s commerciales du passage du\u00a0Caire, suivies par d\u2019autres entreprises vari\u00e9es\u2009: cabinets d\u2019architectes, organismes de formation, h\u00f4tellerie\u2026 \u00ab\u2009Nous, \u00e7a fait six mois qu\u2019on a repris cette boutique et on voit que \u00e7a change, que \u00e7a commence \u00e0 revivre\u2009\u00bb, confie Hanane, \u00ab\u2009on n\u2019a aucun probl\u00e8me \u00e0 ce que \u00e7a change ici, \u00e0 ce qu\u2019il y ait <strong>de la diversit\u00e9<\/strong>. Tout ce qu\u2019on veut, c\u2019est que \u00e7a bouge\u2009\u00bb.<\/p>\n<p class=\" wall-content\">Personnalisez votre actualit\u00e9 en ajoutant vos villes et m\u00e9dias en favori avec <a href=\"https:\/\/moncompte.actu.fr\" title=\"D\u00e9couvez Mon Actu\" rel=\"nofollow noopener\" data-trk=\"{&quot;cta&quot;:{&quot;action&quot;:&quot;https:\\\/\\\/moncompte.actu.fr&quot;,&quot;category&quot;:&quot;mon compte&quot;,&quot;from&quot;:&quot;article footer&quot;,&quot;name&quot;:&quot;Mon actu&quot;,&quot;type&quot;:&quot;cta&quot;}}\" target=\"_blank\">Mon Actu<\/a>.<\/p>\n<p>                    <script async src=\"\/\/www.tiktok.com\/embed.js\"><\/script><\/p>\n","protected":false},"excerpt":{"rendered":"Par Glenn Gillet Publi\u00e9 le 20 d\u00e9c. 2025 \u00e0 10h00 Les commer\u00e7ants sp\u00e9cialis\u00e9s dans le textile en conviennent,&hellip;\n","protected":false},"author":2,"featured_media":611397,"comment_status":"","ping_status":"","sticky":false,"template":"","format":"standard","meta":{"footnotes":""},"categories":[1888],"tags":[11,215,130,33,1777,674,1011,27,12,626,2551,25,216],"class_list":{"0":"post-611396","1":"post","2":"type-post","3":"status-publish","4":"format-standard","5":"has-post-thumbnail","7":"category-paris","8":"tag-actualites","9":"tag-commerce","10":"tag-consommation","11":"tag-economie","12":"tag-eu","13":"tag-europe","14":"tag-fr","15":"tag-france","16":"tag-news","17":"tag-paris","18":"tag-patrimoine","19":"tag-republique-francaise","20":"tag-vie-des-entreprises"},"share_on_mastodon":{"url":"https:\/\/pubeurope.com\/@fr\/115751101129110667","error":""},"_links":{"self":[{"href":"https:\/\/www.europesays.com\/fr\/wp-json\/wp\/v2\/posts\/611396","targetHints":{"allow":["GET"]}}],"collection":[{"href":"https:\/\/www.europesays.com\/fr\/wp-json\/wp\/v2\/posts"}],"about":[{"href":"https:\/\/www.europesays.com\/fr\/wp-json\/wp\/v2\/types\/post"}],"author":[{"embeddable":true,"href":"https:\/\/www.europesays.com\/fr\/wp-json\/wp\/v2\/users\/2"}],"replies":[{"embeddable":true,"href":"https:\/\/www.europesays.com\/fr\/wp-json\/wp\/v2\/comments?post=611396"}],"version-history":[{"count":0,"href":"https:\/\/www.europesays.com\/fr\/wp-json\/wp\/v2\/posts\/611396\/revisions"}],"wp:featuredmedia":[{"embeddable":true,"href":"https:\/\/www.europesays.com\/fr\/wp-json\/wp\/v2\/media\/611397"}],"wp:attachment":[{"href":"https:\/\/www.europesays.com\/fr\/wp-json\/wp\/v2\/media?parent=611396"}],"wp:term":[{"taxonomy":"category","embeddable":true,"href":"https:\/\/www.europesays.com\/fr\/wp-json\/wp\/v2\/categories?post=611396"},{"taxonomy":"post_tag","embeddable":true,"href":"https:\/\/www.europesays.com\/fr\/wp-json\/wp\/v2\/tags?post=611396"}],"curies":[{"name":"wp","href":"https:\/\/api.w.org\/{rel}","templated":true}]}}