{"id":611398,"date":"2025-12-20T09:06:18","date_gmt":"2025-12-20T09:06:18","guid":{"rendered":"https:\/\/www.europesays.com\/fr\/611398\/"},"modified":"2025-12-20T09:06:18","modified_gmt":"2025-12-20T09:06:18","slug":"guerre-en-ukraine-lemissaire-russe-kirill-dmitriev-se-rend-a-miami-pour-des-discussions-de-paix","status":"publish","type":"post","link":"https:\/\/www.europesays.com\/fr\/611398\/","title":{"rendered":"Guerre en Ukraine : l&rsquo;\u00e9missaire russe Kirill Dmitriev se rend \u00e0 Miami pour des discussions de paix"},"content":{"rendered":"<p class=\"ap-StoryElement ap-StoryElement--mb ap-StoryText\">\u00ab\u00a0Alors que les bellicistes continuent de travailler d&rsquo;arrache-pied pour saper le plan de paix am\u00e9ricain pour l&rsquo;Ukraine, je me suis souvenu de cette vid\u00e9o de ma pr\u00e9c\u00e9dente visite: la lumi\u00e8re per\u00e7ant les nuages d&rsquo;orage\u00a0\u00bb, a-t-il ajout\u00e9.<\/p>\n<p class=\"ap-StoryElement ap-StoryElement--mb ap-StoryText\">Des \u00e9quipes ukrainienne et europ\u00e9enne se sont \u00e9galement rendues dans cette ville am\u00e9ricaine situ\u00e9e en Floride pour participer aux n\u00e9gociations men\u00e9es par <a href=\"https:\/\/www.lalibre.be\/international\/europe\/guerre-ukraine-russie\/2025\/12\/03\/guerre-en-ukraine-que-retenir-de-la-rencontre-poutine-witkoff-a-moscou-4R22RRFFVVAUHLWVZO6VS7XP5U\/\" target=\"_self\" rel=\"noopener\">Steve Witkoff, l&rsquo;envoy\u00e9 sp\u00e9cial de Donald Trump<\/a>, et Jared Kushner, le gendre du pr\u00e9sident am\u00e9ricain.<\/p>\n<p class=\"ap-StoryElement ap-StoryElement--mb ap-StoryText\">La participation de la Russie et de l&rsquo;Europe \u00e0 ces pourparlers marque une avanc\u00e9e par rapport \u00e0 la phase pr\u00e9c\u00e9dente, durant laquelle les Am\u00e9ricains menaient des n\u00e9gociations s\u00e9par\u00e9es avec chaque partie.<\/p>\n<p><a href=\"https:\/\/www.lalibre.be\/international\/europe\/guerre-ukraine-russie\/2025\/12\/19\/nous-ne-pouvons-pas-forcer-la-russie-a-conclure-un-accord-washington-dit-ne-pas-vouloir-imposer-la-paix-a-moscou-mais-fait-pression-RX2PPNY65FEONGMU3ELVXPPBSY\/\" target=\"_self\" class=\"ap-StoryInterstitialLink ap-StoryElement ap-StoryElement--mb\" rel=\"noopener\">https:\/\/www.lalibre.be\/international\/europe\/guerre-ukraine-russie\/2025\/12\/19\/nous-ne-pouvons-pas-forcer-la-russie-a-conclure-un-accord-washington-dit-ne-pas-vouloir-imposer-la-paix-a-moscou-mais-fait-pression-RX2PPNY65FEONGMU3ELVXPPBSY\/<\/a><\/p>\n<p class=\"ap-StoryElement ap-StoryElement--mb ap-StoryText\">Cependant, il est peu probable que <a href=\"https:\/\/www.lalibre.be\/international\/europe\/guerre-ukraine-russie\/2025\/12\/19\/du-bon-sens-un-soutien-important-lukraine-et-le-kremlin-reagissent-a-laide-de-lue-QGB3LQ76QJAYRLRW5DP6NHRDN4\/\" target=\"_self\" rel=\"noopener\">Kirill Dmitriev<\/a> tienne des pourparlers directs avec les n\u00e9gociateurs ukrainiens et europ\u00e9ens, les relations entre les deux parties restant extr\u00eamement tendues.<\/p>\n<p class=\"ap-StoryElement ap-StoryElement--mb ap-StoryText\">Moscou, qui a lanc\u00e9 ses troupes sur l&rsquo;Ukraine en f\u00e9vrier 2022, affirme notamment que la participation de l&rsquo;Europe aux pourparlers ne fait que nuire au processus et pr\u00e9sente les dirigeants du continent comme favorables \u00e0 la guerre.<\/p>\n<p class=\"ap-StoryElement ap-StoryElement--mb ap-StoryText\">Ces pourparlers interviennent apr\u00e8s que le pr\u00e9sident russe Vladimir Poutine a promis de poursuivre son offensive militaire en Ukraine, saluant les gains de Moscou sur le champ de bataille pr\u00e8s de quatre ans apr\u00e8s le d\u00e9but de la guerre, lors d&rsquo;une conf\u00e9rence de presse annuelle vendredi.<\/p>\n<p class=\"ap-StoryElement ap-StoryElement--mb ap-StoryText\">Les envoy\u00e9s de Donald Trump ont quant \u00e0 eux insist\u00e9 sur un plan dans lequel les \u00c9tats-Unis offriraient des garanties de s\u00e9curit\u00e9 \u00e0 l&rsquo;Ukraine, mais qui conduirait probablement Kiev \u00e0 c\u00e9der une partie de son territoire, une perspective qui d\u00e9pla\u00eet \u00e0 de nombreux Ukrainiens.<\/p>\n<p><a href=\"https:\/\/www.lalibre.be\/international\/europe\/guerre-ukraine-russie\/2025\/12\/19\/des-porcelets-qui-ambitionnent-de-provoquer-leffondrement-de-la-russie-poutine-debute-sa-conference-en-sattaquant-aux-dirigeants-europeens-B6EEWKGAAFCNZCVQUODUH3DUR4\/\" target=\"_self\" class=\"ap-StoryInterstitialLink ap-StoryElement ap-StoryElement--mb\" rel=\"noopener\">La fin des frappes en Ukraine en cas d&rsquo;\u00e9lections pr\u00e9sidentielles? L&rsquo;\u00e9trange proposition de Poutine<\/a><\/p>\n","protected":false},"excerpt":{"rendered":"\u00ab\u00a0Alors que les bellicistes continuent de travailler d&rsquo;arrache-pied pour saper le plan de paix am\u00e9ricain pour l&rsquo;Ukraine, je&hellip;\n","protected":false},"author":2,"featured_media":611399,"comment_status":"","ping_status":"","sticky":false,"template":"","format":"standard","meta":{"footnotes":""},"categories":[1591],"tags":[11,312,1887,59633,12,1885,1886,132,220,308],"class_list":{"0":"post-611398","1":"post","2":"type-post","3":"status-publish","4":"format-standard","5":"has-post-thumbnail","7":"category-russie","8":"tag-actualites","9":"tag-diplomatie","10":"tag-federation-de-russie","11":"tag-kirill-dmitriev","12":"tag-news","13":"tag-russia","14":"tag-russian-federation","15":"tag-russie","16":"tag-ukraine","17":"tag-usa"},"share_on_mastodon":{"url":"https:\/\/pubeurope.com\/@fr\/115751104320208205","error":""},"_links":{"self":[{"href":"https:\/\/www.europesays.com\/fr\/wp-json\/wp\/v2\/posts\/611398","targetHints":{"allow":["GET"]}}],"collection":[{"href":"https:\/\/www.europesays.com\/fr\/wp-json\/wp\/v2\/posts"}],"about":[{"href":"https:\/\/www.europesays.com\/fr\/wp-json\/wp\/v2\/types\/post"}],"author":[{"embeddable":true,"href":"https:\/\/www.europesays.com\/fr\/wp-json\/wp\/v2\/users\/2"}],"replies":[{"embeddable":true,"href":"https:\/\/www.europesays.com\/fr\/wp-json\/wp\/v2\/comments?post=611398"}],"version-history":[{"count":0,"href":"https:\/\/www.europesays.com\/fr\/wp-json\/wp\/v2\/posts\/611398\/revisions"}],"wp:featuredmedia":[{"embeddable":true,"href":"https:\/\/www.europesays.com\/fr\/wp-json\/wp\/v2\/media\/611399"}],"wp:attachment":[{"href":"https:\/\/www.europesays.com\/fr\/wp-json\/wp\/v2\/media?parent=611398"}],"wp:term":[{"taxonomy":"category","embeddable":true,"href":"https:\/\/www.europesays.com\/fr\/wp-json\/wp\/v2\/categories?post=611398"},{"taxonomy":"post_tag","embeddable":true,"href":"https:\/\/www.europesays.com\/fr\/wp-json\/wp\/v2\/tags?post=611398"}],"curies":[{"name":"wp","href":"https:\/\/api.w.org\/{rel}","templated":true}]}}