{"id":611404,"date":"2025-12-20T09:09:18","date_gmt":"2025-12-20T09:09:18","guid":{"rendered":"https:\/\/www.europesays.com\/fr\/611404\/"},"modified":"2025-12-20T09:09:18","modified_gmt":"2025-12-20T09:09:18","slug":"la-turkiye-et-le-royaume-uni-renforcent-leur-cooperation-dans-lindustrie-de-defense-lors-dune-table-ronde","status":"publish","type":"post","link":"https:\/\/www.europesays.com\/fr\/611404\/","title":{"rendered":"La T\u00fcrkiye et le Royaume-Uni renforcent leur coop\u00e9ration dans l\u2019industrie de d\u00e9fense lors d\u2019une table ronde"},"content":{"rendered":"<p>AA \/ Ankara \/ Merve Berker<\/p>\n<p>Une table ronde de haut niveau consacr\u00e9e au partenariat de d\u00e9fense entre la T\u00fcrkiye et le Royaume-Uni s\u2019est tenue \u00e0 Londres. Elle a \u00e9t\u00e9 coorganis\u00e9e par la Direction de la communication de la T\u00fcrkiye et le Royal United Services Institute (RUSI), a annonc\u00e9 vendredi la Direction de la communication turque.<\/p>\n<p>Selon un communiqu\u00e9, les discussions ont port\u00e9 sur les dimensions strat\u00e9giques de la coop\u00e9ration de d\u00e9fense entre les deux alli\u00e9s de l\u2019OTAN, r\u00e9unissant des responsables d\u2019institutions publiques, des dirigeants de l\u2019industrie de d\u00e9fense turque ainsi que des experts britanniques.<\/p>\n<p>\u00ab Cette r\u00e9union a constitu\u00e9 une plateforme majeure pour renforcer davantage le cadre institutionnel et strat\u00e9gique du rapprochement entre la T\u00fcrkiye et le Royaume-Uni, dans un contexte de s\u00e9curit\u00e9 mondiale en pleine \u00e9volution \u00bb, pr\u00e9cise le communiqu\u00e9.<\/p>\n<p>La session a soulign\u00e9 que la dynamique r\u00e9cente des relations bilat\u00e9rales dans le domaine de la d\u00e9fense d\u00e9coule notamment de la D\u00e9claration d\u2019intention sign\u00e9e en 2023 et de la cr\u00e9ation du Conseil de coop\u00e9ration de l\u2019industrie de d\u00e9fense.<\/p>\n<p>Les \u00e9changes ont \u00e9galement port\u00e9 sur les exercices conjoints, le transfert de technologies et les projets de coproduction, parall\u00e8lement \u00e0 la transformation profonde du secteur de la d\u00e9fense nationale de la T\u00fcrkiye au cours des deux derni\u00e8res d\u00e9cennies.<\/p>\n<p>\u00ab Cette coop\u00e9ration pr\u00e9sente un caract\u00e8re compl\u00e9mentaire capable de renforcer les relations bilat\u00e9rales tout en r\u00e9pondant \u00e0 la demande croissante de capacit\u00e9s de d\u00e9fense en Europe \u00bb, indique le communiqu\u00e9, ajoutant que les deux pays sont des \u00ab acteurs indispensables de l\u2019\u00e9cosyst\u00e8me europ\u00e9en de d\u00e9fense \u00bb.<\/p>\n<p>Des projets tels que l\u2019Eurofighter Typhoon et les syst\u00e8mes a\u00e9riens sans pilote ont \u00e9t\u00e9 \u00e9valu\u00e9s sous l\u2019angle de l\u2019innovation et de la dissuasion sur le flanc sud de l\u2019OTAN.<\/p>\n<p>Les participants ont en outre \u00e9chang\u00e9 sur des initiatives men\u00e9es par l\u2019Union europ\u00e9enne, notamment ReArm et l\u2019initiative Security Action for Europe (SAFE), tout en soulignant l\u2019importance de la diplomatie publique pour mobiliser un soutien international en faveur de la coop\u00e9ration bilat\u00e9rale en mati\u00e8re de d\u00e9fense.<\/p>\n<p>La table ronde a enfin \u00e9t\u00e9 qualifi\u00e9e de \u00ab pas significatif vers le renforcement du partenariat strat\u00e9gique entre la T\u00fcrkiye et le Royaume-Uni et l\u2019\u00e9laboration d\u2019une vision commune pour la s\u00e9curit\u00e9 r\u00e9gionale et mondiale \u00bb.<\/p>\n<p>* Traduit de l&rsquo;anglais par Adama Bamba<\/p>\n","protected":false},"excerpt":{"rendered":"AA \/ Ankara \/ Merve Berker Une table ronde de haut niveau consacr\u00e9e au partenariat de d\u00e9fense entre&hellip;\n","protected":false},"author":2,"featured_media":611405,"comment_status":"","ping_status":"","sticky":false,"template":"","format":"standard","meta":{"footnotes":""},"categories":[1588],"tags":[11,1785,1777,674,4534,12,473,1853,39788,1906,1851,1850,1852],"class_list":{"0":"post-611404","1":"post","2":"type-post","3":"status-publish","4":"format-standard","5":"has-post-thumbnail","7":"category-royaume-uni","8":"tag-actualites","9":"tag-anadolu-ajansi","10":"tag-eu","11":"tag-europe","12":"tag-londres","13":"tag-news","14":"tag-royaume-uni","15":"tag-royaume-uni-de-grande-bretagne-et-dirlande-du-nord","16":"tag-royaume-unis","17":"tag-trkiye","18":"tag-uk","19":"tag-united-kingdom","20":"tag-united-kingdom-of-great-britain-and-northern-ireland"},"share_on_mastodon":{"url":"https:\/\/pubeurope.com\/@fr\/115751116146294197","error":""},"_links":{"self":[{"href":"https:\/\/www.europesays.com\/fr\/wp-json\/wp\/v2\/posts\/611404","targetHints":{"allow":["GET"]}}],"collection":[{"href":"https:\/\/www.europesays.com\/fr\/wp-json\/wp\/v2\/posts"}],"about":[{"href":"https:\/\/www.europesays.com\/fr\/wp-json\/wp\/v2\/types\/post"}],"author":[{"embeddable":true,"href":"https:\/\/www.europesays.com\/fr\/wp-json\/wp\/v2\/users\/2"}],"replies":[{"embeddable":true,"href":"https:\/\/www.europesays.com\/fr\/wp-json\/wp\/v2\/comments?post=611404"}],"version-history":[{"count":0,"href":"https:\/\/www.europesays.com\/fr\/wp-json\/wp\/v2\/posts\/611404\/revisions"}],"wp:featuredmedia":[{"embeddable":true,"href":"https:\/\/www.europesays.com\/fr\/wp-json\/wp\/v2\/media\/611405"}],"wp:attachment":[{"href":"https:\/\/www.europesays.com\/fr\/wp-json\/wp\/v2\/media?parent=611404"}],"wp:term":[{"taxonomy":"category","embeddable":true,"href":"https:\/\/www.europesays.com\/fr\/wp-json\/wp\/v2\/categories?post=611404"},{"taxonomy":"post_tag","embeddable":true,"href":"https:\/\/www.europesays.com\/fr\/wp-json\/wp\/v2\/tags?post=611404"}],"curies":[{"name":"wp","href":"https:\/\/api.w.org\/{rel}","templated":true}]}}