{"id":611406,"date":"2025-12-20T09:10:16","date_gmt":"2025-12-20T09:10:16","guid":{"rendered":"https:\/\/www.europesays.com\/fr\/611406\/"},"modified":"2025-12-20T09:10:16","modified_gmt":"2025-12-20T09:10:16","slug":"lallemagne-choisit-le-finlandais-patria-pour-sequiper-de-centaines-de-vehicules-blindes-mais-knds-va-aussi-en-profiter","status":"publish","type":"post","link":"https:\/\/www.europesays.com\/fr\/611406\/","title":{"rendered":"L\u2019Allemagne choisit le finlandais Patria pour s\u2019\u00e9quiper de centaines de v\u00e9hicules blind\u00e9s, mais KNDS va aussi en profiter"},"content":{"rendered":"<p>Le finlandais Patria a d\u00e9croch\u00e9 la plus importante commande de son histoire aupr\u00e8s de l\u2019Allemagne.<\/p>\n<p class=\"c-paragraph\">L\u2019Allemagne a sign\u00e9 avec le groupe de d\u00e9fense finlandais et norv\u00e9gien Patria deux contrats en vue de l\u2019acquisition de centaines de v\u00e9hicules blind\u00e9s pour un montant sup\u00e9rieur \u00e0 2 milliards d\u2019euros, annonce la soci\u00e9t\u00e9 le jeudi 18 d\u00e9cembre. Il s\u2019agit de la plus grosse commande jamais d\u00e9croch\u00e9e par l\u2019entreprise.<\/p>\n<p class=\"c-paragraph\">Ces contrats comprennent une commande ferme de plus d\u2019un milliard d\u2019euros ainsi que des options, pour un nombre total de 876 blind\u00e9s Patria 6&#215;6 dans quatre variantes diff\u00e9rentes, dont certains \u00e9quip\u00e9s d\u2019un syst\u00e8me de mortier \u00e0 tourelle et d\u2019un syst\u00e8me d\u2019arme t\u00e9l\u00e9command\u00e9.<\/p>\n<p>Production par des industriels en Allemagne<\/p>\n<p class=\"c-paragraph\">Les premi\u00e8res livraisons sont pr\u00e9vues d\u00e8s 2026. Des v\u00e9hicules seront produits localement \u00e0 compter de 2027 via des partenariats avec les entreprises allemandes FFG, JWT et franco-allemande KNDS, a pr\u00e9cis\u00e9 Patria dans un communiqu\u00e9. <\/p>\n<p class=\"c-paragraph\">Patria est d\u00e9tenu \u00e0 50,1% par l\u2019Etat finlandais, le reste du capital \u00e9tant la propri\u00e9t\u00e9 du norv\u00e9gien Kongsberg Gruppen. <\/p>\n<p class=\"c-paragraph\">LAllemagne veut investir <a href=\"https:\/\/www.usinenouvelle.com\/quotidien-des-usines\/defense-lallemagne-muscle-son-armee-avec-52-milliards-deuros-de-nouvelles-commandes.SLIUNTBIERHA3AQHMG665SHPMU.html\" target=\"_blank\" rel=\"nofollow noopener\" title=\"https:\/\/www.usinenouvelle.com\/quotidien-des-usines\/defense-lallemagne-muscle-son-armee-avec-52-milliards-deuros-de-nouvelles-commandes.SLIUNTBIERHA3AQHMG665SHPMU.html\">plus de 50 milliards d\u2019euros pour 30 projets de modernisation de la Bundeswehr<\/a> : les achats ne font donc que d\u00e9buter.<\/p>\n<p class=\"c-paragraph\"><b>Stine Jacobsen, Jean-St\u00e9phane Brosse pour la version fran\u00e7aise, \u00e9dit\u00e9 par Sophie Louet (Reuters)<\/b><\/p>\n","protected":false},"excerpt":{"rendered":"Le finlandais Patria a d\u00e9croch\u00e9 la plus importante commande de son histoire aupr\u00e8s de l\u2019Allemagne. L\u2019Allemagne a sign\u00e9&hellip;\n","protected":false},"author":2,"featured_media":611407,"comment_status":"","ping_status":"","sticky":false,"template":"","format":"standard","meta":{"footnotes":""},"categories":[1587],"tags":[11,670,672,1804,1805,554,1803,1018,1777,674,219,1801,2124,39701,69252,12,1802],"class_list":{"0":"post-611406","1":"post","2":"type-post","3":"status-publish","4":"format-standard","5":"has-post-thumbnail","7":"category-allemagne","8":"tag-actualites","9":"tag-aero-spatial","10":"tag-allemagne","11":"tag-bundesrepublik-deutschland","12":"tag-de","13":"tag-defense","14":"tag-deutschland","15":"tag-economie-de-guerre","16":"tag-eu","17":"tag-europe","18":"tag-finlande","19":"tag-germany","20":"tag-infos-reuters","21":"tag-knds","22":"tag-lindustrie-dans-le-monde","23":"tag-news","24":"tag-republique-federale-dallemagne"},"share_on_mastodon":{"url":"https:\/\/pubeurope.com\/@fr\/115751120065894380","error":""},"_links":{"self":[{"href":"https:\/\/www.europesays.com\/fr\/wp-json\/wp\/v2\/posts\/611406","targetHints":{"allow":["GET"]}}],"collection":[{"href":"https:\/\/www.europesays.com\/fr\/wp-json\/wp\/v2\/posts"}],"about":[{"href":"https:\/\/www.europesays.com\/fr\/wp-json\/wp\/v2\/types\/post"}],"author":[{"embeddable":true,"href":"https:\/\/www.europesays.com\/fr\/wp-json\/wp\/v2\/users\/2"}],"replies":[{"embeddable":true,"href":"https:\/\/www.europesays.com\/fr\/wp-json\/wp\/v2\/comments?post=611406"}],"version-history":[{"count":0,"href":"https:\/\/www.europesays.com\/fr\/wp-json\/wp\/v2\/posts\/611406\/revisions"}],"wp:featuredmedia":[{"embeddable":true,"href":"https:\/\/www.europesays.com\/fr\/wp-json\/wp\/v2\/media\/611407"}],"wp:attachment":[{"href":"https:\/\/www.europesays.com\/fr\/wp-json\/wp\/v2\/media?parent=611406"}],"wp:term":[{"taxonomy":"category","embeddable":true,"href":"https:\/\/www.europesays.com\/fr\/wp-json\/wp\/v2\/categories?post=611406"},{"taxonomy":"post_tag","embeddable":true,"href":"https:\/\/www.europesays.com\/fr\/wp-json\/wp\/v2\/tags?post=611406"}],"curies":[{"name":"wp","href":"https:\/\/api.w.org\/{rel}","templated":true}]}}