{"id":611418,"date":"2025-12-20T09:18:11","date_gmt":"2025-12-20T09:18:11","guid":{"rendered":"https:\/\/www.europesays.com\/fr\/611418\/"},"modified":"2025-12-20T09:18:11","modified_gmt":"2025-12-20T09:18:11","slug":"oh-la-belle-operation-des-royannais","status":"publish","type":"post","link":"https:\/\/www.europesays.com\/fr\/611418\/","title":{"rendered":"oh, la belle op\u00e9ration des Royannais !"},"content":{"rendered":"<p>Seulement, les partenaires de Billel Soualem, peut-\u00eatre surpris d\u2019une entame si convaincante, se rel\u00e2chaient aussit\u00f4t apr\u00e8s (2-5). Toutefois, sur des blocks de Leray, ils \u00e9galisaient (7-7) pour ensuite faire jeu \u00e9gal avec les Pirates (17-17). Reste que les Royannais g\u00e9raient admirablement le money time pour logiquement s\u2019adjuger ce deuxi\u00e8me acte (22-25).<\/p>\n<p>Le passage au service de Diop<\/p>\n<p>Visiblement affect\u00e9s par cette \u00e9galisation, les R\u00e9mois d\u00e9butaient bien mal le troisi\u00e8me set (1-5). De quoi plonger dans le doute les locaux. Alexis Farjaudon avait beau changer de passeur \u2013 Liot \u00e0 la place de Thimalon \u2013, rien n\u2019y changeait et Royan, quelque peu en r\u00e9ussite \u00e0 l\u2019image du pointu Diop, faisait la course en t\u00eate (14-20) pour boucler \u00e0 20-25\u00a0!<\/p>\n<p>Dos au mur, Reims semblait animer des meilleures intentions au quatri\u00e8me set (8-5) avec un Soares Cerqueira \u00e9tonnant \u00e0 la pointe. \u00c0\u00a012-9 alors que les visiteurs \u00e9taient dans le dur, un passage au service de Diop inversait la tendance (12-13). Dans le sillage de Soualem, les Champenois ne l\u00e2chaient rien (23-23). Le temps d\u2019une mauvaise r\u00e9ception et d\u2019un contre du MVP du match Diop pour s\u2019imposer 25-23.<\/p>\n<p>\u00ab\u00a0C\u2019est tr\u00e8s bien\u00a0\u00bb<\/p>\n<p>Le coach r\u00e9mois Farjaudon avait de quoi \u00eatre \u00ab\u00a0tr\u00e8s d\u00e9\u00e7u. On commence bien le match en imposant notre style de jeu. Dans le deuxi\u00e8me set, on retombe dans nos travers et on court apr\u00e8s le score. \u00c0 chaque match, c\u2019est une histoire diff\u00e9rente et \u00e0 chaque fois un secteur est d\u00e9faillant ou un joueur n\u2019est pas au niveau. Dans le troisi\u00e8me, on prend l\u2019eau et, en fin de match, on ne sait pas g\u00e9rer nos \u00e9motions. On joue avec la peur, on n\u2019arrive pas \u00e0 se lib\u00e9rer\u2026\u00a0\u00bb.<\/p>\n<p>Gr\u00e9gory Alleix, entra\u00eeneur des Pirates, \u00e9tait aux anges\u00a0: \u00ab\u00a0Je suis vraiment satisfait. On a connu une semaine difficile et cette saison est vraiment intense. C\u2019est tr\u00e8s bien de finir cette premi\u00e8re phase par une bonne note. \u00c7a fait aussi plaisir de voir que nous pouvons compter sur tout le monde, notamment le deuxi\u00e8me passeur. Ramener trois points de Reims, c\u2019est vraiment g\u00e9nial\u00a0!\u00a0\u00bb<\/p>\n","protected":false},"excerpt":{"rendered":"Seulement, les partenaires de Billel Soualem, peut-\u00eatre surpris d\u2019une entame si convaincante, se rel\u00e2chaient aussit\u00f4t apr\u00e8s (2-5). Toutefois,&hellip;\n","protected":false},"author":2,"featured_media":611419,"comment_status":"","ping_status":"","sticky":false,"template":"","format":"standard","meta":{"footnotes":""},"categories":[1417],"tags":[1011,27,60,1470,1469],"class_list":{"0":"post-611418","1":"post","2":"type-post","3":"status-publish","4":"format-standard","5":"has-post-thumbnail","7":"category-volley","8":"tag-fr","9":"tag-france","10":"tag-sports","11":"tag-volley","12":"tag-volleyball"},"share_on_mastodon":{"url":"https:\/\/pubeurope.com\/@fr\/115751151580335351","error":""},"_links":{"self":[{"href":"https:\/\/www.europesays.com\/fr\/wp-json\/wp\/v2\/posts\/611418","targetHints":{"allow":["GET"]}}],"collection":[{"href":"https:\/\/www.europesays.com\/fr\/wp-json\/wp\/v2\/posts"}],"about":[{"href":"https:\/\/www.europesays.com\/fr\/wp-json\/wp\/v2\/types\/post"}],"author":[{"embeddable":true,"href":"https:\/\/www.europesays.com\/fr\/wp-json\/wp\/v2\/users\/2"}],"replies":[{"embeddable":true,"href":"https:\/\/www.europesays.com\/fr\/wp-json\/wp\/v2\/comments?post=611418"}],"version-history":[{"count":0,"href":"https:\/\/www.europesays.com\/fr\/wp-json\/wp\/v2\/posts\/611418\/revisions"}],"wp:featuredmedia":[{"embeddable":true,"href":"https:\/\/www.europesays.com\/fr\/wp-json\/wp\/v2\/media\/611419"}],"wp:attachment":[{"href":"https:\/\/www.europesays.com\/fr\/wp-json\/wp\/v2\/media?parent=611418"}],"wp:term":[{"taxonomy":"category","embeddable":true,"href":"https:\/\/www.europesays.com\/fr\/wp-json\/wp\/v2\/categories?post=611418"},{"taxonomy":"post_tag","embeddable":true,"href":"https:\/\/www.europesays.com\/fr\/wp-json\/wp\/v2\/tags?post=611418"}],"curies":[{"name":"wp","href":"https:\/\/api.w.org\/{rel}","templated":true}]}}