{"id":611420,"date":"2025-12-20T09:19:12","date_gmt":"2025-12-20T09:19:12","guid":{"rendered":"https:\/\/www.europesays.com\/fr\/611420\/"},"modified":"2025-12-20T09:19:12","modified_gmt":"2025-12-20T09:19:12","slug":"pro-d2-fabien-cibray-oyonnax-il-ne-faut-pas-tout-jeter-parce-que-cette-phase-aller-est-positive","status":"publish","type":"post","link":"https:\/\/www.europesays.com\/fr\/611420\/","title":{"rendered":"Pro D2 \u2013 Fabien Cibray (Oyonnax)\u00a0: \u201cIl ne faut pas tout jeter parce que cette phase aller est positive\u201d"},"content":{"rendered":"<p>\n                M\u00eame si son \u00e9quipe s\u2019est inclin\u00e9e lourdement \u00e0 Biarritz (42-17), l\u2019entra\u00eeneur en chef d\u2019Oyonnax, Fabien Cibray, a tenu \u00e0 rappeler que la premi\u00e8re partie de saison r\u00e9alis\u00e9e par ses joueurs est plut\u00f4t int\u00e9ressante.\n            <\/p>\n<p><strong>Fabien, le score est lourd, quelle est votre analyse\u00a0?<\/strong><br \/>Le score refl\u00e8te le match. On a manqu\u00e9 de duret\u00e9 ce soir. Le rugby n\u2019accepte pas le manque de duret\u00e9. <a href=\"https:\/\/www.rugbyrama.fr\/2025\/12\/19\/direct-biarritz-oyonnax-qui-va-terminer-en-beaute-lannee-suivez-le-dernier-match-de-la-15e-journee-de-pro-d2-13121127.php\" target=\"_self\" rel=\"noopener\"><strong>Biarritz a fait une belle partie<\/strong><\/a>, mais ils sont venus dans notre camp trop facilement. On n\u2019a pas plaqu\u00e9 assez fort, on s\u2019est trop consomm\u00e9 dans les rucks. Le BO a eu beaucoup de ballons rapides qu\u2019ils ont su exploiter. De notre c\u00f4t\u00e9, nous avons manqu\u00e9 de duret\u00e9 sur les mauls offensifs ou dans la zone de marque. Il y a eu beaucoup trop de choses manqu\u00e9es pour esp\u00e9rer quelque chose.<\/p>\n<p><strong>Vous avez pourtant eu beaucoup de ballons dans la zone de marque\u2026<\/strong><br \/>Oui, sur la premi\u00e8re opportunit\u00e9, on fait un bon ballon port\u00e9 et on finit avec un essai. Il y a, plut\u00f4t, une bonne sur l\u2019entame et d\u00e8s le coup d\u2019envoi qui suit, nous sommes pris sur un ballon haut. \u00c0 c\u00f4t\u00e9 de \u00e7a, on prend beaucoup de p\u00e9nalit\u00e9s. Les seconds ballons n\u2019\u00e9taient pas pour nous, il y a eu trop de manques g\u00e9n\u00e9raux pour esp\u00e9rer un r\u00e9sultat.<\/p>\n<p><strong>\u00cates-vous tomb\u00e9s dans une forme de frustration\u00a0?<\/strong><br \/>Non, non\u2026 On tourne \u00e0 21-12 \u00e0 la mi-temps, on a eu des opportunit\u00e9s pour marquer. \u00c0 \u2013 9, ce n\u2019est pas un \u00e9cart insurmontable, mais d\u00e8s le coup d\u2019envoi de la seconde p\u00e9riode, on prend un essai et on repart sur une spirale n\u00e9gative.<\/p>\n<blockquote data-class=\"twitter-tweet\">\n<p lang=\"fr\" dir=\"ltr\">Colomiers est venu \u00e0 bout de Valence-Romans tandis qu&rsquo;en bas de tableau, Carcassonne a cr\u00e9\u00e9 la surprise en renversant compl\u00e8tement Soyaux-Angoul\u00eame.<\/p>\n<p>Tous les r\u00e9sultats de la 15\u00e8me journ\u00e9e de Pro D2 ! <a href=\"https:\/\/t.co\/037axgqg5W\">pic.twitter.com\/037axgqg5W<\/a><\/p>\n<p>\u2014 RUGBYRAMA (@RugbyramaFR) <a href=\"https:\/\/twitter.com\/RugbyramaFR\/status\/2002135255445348430?ref_src=twsrc%5Etfw\" target=\"_blank\" rel=\"noopener\">December 19, 2025<\/a><\/p><\/blockquote>\n<p><strong>Vous \u00e9tiez sur une tr\u00e8s bonne dynamique avant ce voyage \u00e0 Aguil\u00e9ra. Y a-t-il eu un rel\u00e2chement\u00a0?<\/strong><br \/>Non, il ne faut pas tout jeter. On sort de cinq victoires cons\u00e9cutives, nous sommes \u00e0 +\u00a011 au classement britannique sur la phase aller, donc c\u2019est plut\u00f4t positif. On a laiss\u00e9 beaucoup d\u2019\u00e9nergie sur cette s\u00e9rie avec de longs d\u00e9placements \u00e0 Agen et Mont-de-Marsan. On a jou\u00e9 \u00e0 quatorze tout le match face \u00e0 B\u00e9ziers et \u00e7a a frapp\u00e9 fort. Ce soir, on a peut-\u00eatre manqu\u00e9 de connexions dans le sens rugby, sur le terrain. C\u2019est une bonne le\u00e7on, pour nous, en termes de duret\u00e9.<\/p>\n<p><strong>Les deux cartons jaunes vous ont fait mal\u2026<\/strong><br \/>Ils ont co\u00fbt\u00e9 des points. C\u2019est paradoxal, parce que nous sommes une \u00e9quipe plut\u00f4t disciplin\u00e9e depuis le d\u00e9but de la saison. C\u2019\u00e9tait plut\u00f4t notre point fort\u2026<\/p>\n<p><strong>Vous aviez de nombreux bless\u00e9s avant cette partie. Attendez-vous des retours \u00e0 la reprise\u00a0?<\/strong><br \/>Il manquait 17 joueurs sur le match de ce soir. Nous avons perdu Alban Roussel aussi. En janvier, on rentre 14 joueurs, \u00e7a va amener de la souplesse et de l\u2019\u00e9mulation \u00e0 notre effectif. On s\u2019attache aux attitudes, il ne faut pas tout jeter parce que franchement, cette phase aller est positive. Elle se termine sur cette note am\u00e8re, mais il faut que \u00e7a nous serve de le\u00e7on pour progresser.<\/p>\n<p>                    <script async src=\"https:\/\/platform.twitter.com\/widgets.js\" charset=\"utf-8\"><\/script><\/p>\n","protected":false},"excerpt":{"rendered":"M\u00eame si son \u00e9quipe s\u2019est inclin\u00e9e lourdement \u00e0 Biarritz (42-17), l\u2019entra\u00eeneur en chef d\u2019Oyonnax, Fabien Cibray, a tenu&hellip;\n","protected":false},"author":2,"featured_media":611421,"comment_status":"","ping_status":"","sticky":false,"template":"","format":"standard","meta":{"footnotes":""},"categories":[1416],"tags":[72246,1011,27,2308,479,1468,68796,60],"class_list":{"0":"post-611420","1":"post","2":"type-post","3":"status-publish","4":"format-standard","5":"has-post-thumbnail","7":"category-rugby","8":"tag-fabien-cibray","9":"tag-fr","10":"tag-france","11":"tag-pro-d2","12":"tag-rugby","13":"tag-rugby-football","14":"tag-rugby-u00e0-xv","15":"tag-sports"},"share_on_mastodon":{"url":"https:\/\/pubeurope.com\/@fr\/115751155514234748","error":""},"_links":{"self":[{"href":"https:\/\/www.europesays.com\/fr\/wp-json\/wp\/v2\/posts\/611420","targetHints":{"allow":["GET"]}}],"collection":[{"href":"https:\/\/www.europesays.com\/fr\/wp-json\/wp\/v2\/posts"}],"about":[{"href":"https:\/\/www.europesays.com\/fr\/wp-json\/wp\/v2\/types\/post"}],"author":[{"embeddable":true,"href":"https:\/\/www.europesays.com\/fr\/wp-json\/wp\/v2\/users\/2"}],"replies":[{"embeddable":true,"href":"https:\/\/www.europesays.com\/fr\/wp-json\/wp\/v2\/comments?post=611420"}],"version-history":[{"count":0,"href":"https:\/\/www.europesays.com\/fr\/wp-json\/wp\/v2\/posts\/611420\/revisions"}],"wp:featuredmedia":[{"embeddable":true,"href":"https:\/\/www.europesays.com\/fr\/wp-json\/wp\/v2\/media\/611421"}],"wp:attachment":[{"href":"https:\/\/www.europesays.com\/fr\/wp-json\/wp\/v2\/media?parent=611420"}],"wp:term":[{"taxonomy":"category","embeddable":true,"href":"https:\/\/www.europesays.com\/fr\/wp-json\/wp\/v2\/categories?post=611420"},{"taxonomy":"post_tag","embeddable":true,"href":"https:\/\/www.europesays.com\/fr\/wp-json\/wp\/v2\/tags?post=611420"}],"curies":[{"name":"wp","href":"https:\/\/api.w.org\/{rel}","templated":true}]}}