{"id":611424,"date":"2025-12-20T09:24:12","date_gmt":"2025-12-20T09:24:12","guid":{"rendered":"https:\/\/www.europesays.com\/fr\/611424\/"},"modified":"2025-12-20T09:24:12","modified_gmt":"2025-12-20T09:24:12","slug":"marc-madiot-quitte-la-direction-de-la-groupama-fdj-united-actualite","status":"publish","type":"post","link":"https:\/\/www.europesays.com\/fr\/611424\/","title":{"rendered":"Marc Madiot quitte la direction de la Groupama-FDJ United &#8211; Actualit\u00e9"},"content":{"rendered":"<p style=\"text-align: justify;\">Une page suppl\u00e9mentaire se tourne. Apr\u00e8s le d\u00e9part de Vincent Lavenu de la formation Decathlon AG2R La Mondiale, puis la passation de pouvoir chez TotalEnergies entre Jean-Ren\u00e9 Bernaudeau et St\u00e9phane Heulot, c&rsquo;est Marc Madiot qui passe \u00e0 son tour la main du c\u00f4t\u00e9 de la Groupama-FDJ United, nouvelle appellation de la WorldTeam hexagonale.<\/p>\n<p style=\"text-align: justify;\">C&rsquo;est Thierry Cornec, arriv\u00e9 en juin 2024 \u00e0 la Groupama-FDJ et\u00a0<strong>avec lequel DirectVelo s&rsquo;est r\u00e9cemment entretenu<\/strong>, qui devient le nouveau manager g\u00e9n\u00e9ral de l&rsquo;\u00e9quipe, tandis que Marc Madiot prend d\u00e9sormais la place de pr\u00e9sident.<\/p>\n<p>\u00ab\u00a0\u00c0 67 ans, je repr\u00e9sente le pass\u00e9, peut-\u00eatre encore le pr\u00e9sent, mais je ne peux pas incarner l\u2019avenir de Groupama-FDJ. Mon r\u00f4le sera de continuer \u00e0 participer au d\u00e9veloppement de la structure, mais cette \u00e9volution, c\u2019est surtout pour pr\u00e9parer la suite, pour mettre l\u2019\u00e9quipe en ordre de marche pour les d\u00e9fis de demain. C\u2019est une \u00e9tape de plus, disons. J\u2019ai fait venir Thierry, ce passage de relais se fait sans aucun souci. Les choses se sont, au fond, faites naturellement\u00a0\u00bb, <strong><a href=\"https:\/\/www.ouest-france.fr\/sport\/cyclisme\/groupama-fdj\/entretien-je-ne-suis-plus-lavenir-de-lequipe-marc-madiot-nest-plus-manager-general-de-groupama-fdj-489dd484-dd05-11f0-84e2-922db77b2982\" target=\"_blank\" rel=\"noopener\">a d\u00e9clar\u00e9 Marc Madiot aupr\u00e8s de nos confr\u00e8res de Ouest-France<\/a><\/strong>.\u00a0<\/p>\n<p>Le Mayennais, coureur professionnel de septembre 1980 \u00e0 1994, a cr\u00e9\u00e9 l&rsquo;\u00e9quipe &#8211; alors nomm\u00e9e Fran\u00e7aise des Jeux &#8211; en 1997.\u00a0<\/p>\n","protected":false},"excerpt":{"rendered":"Une page suppl\u00e9mentaire se tourne. Apr\u00e8s le d\u00e9part de Vincent Lavenu de la formation Decathlon AG2R La Mondiale,&hellip;\n","protected":false},"author":2,"featured_media":611425,"comment_status":"","ping_status":"","sticky":false,"template":"","format":"standard","meta":{"footnotes":""},"categories":[1411],"tags":[834,828,836,829,837,827,83,826,824,823,1154,207,814,817,815,816,822,821,832,211,839,1011,27,820,818,819,835,831,830,833,838,60,212,208,825],"class_list":{"0":"post-611424","1":"post","2":"type-post","3":"status-publish","4":"format-standard","5":"has-post-thumbnail","7":"category-cyclisme","8":"tag-attaque","9":"tag-belgique","10":"tag-braquet","11":"tag-bretagne","12":"tag-chute","13":"tag-competition","14":"tag-coupe-de-france","15":"tag-coureur","16":"tag-course-cyclisme","17":"tag-course-cycliste","18":"tag-cycling","19":"tag-cyclisme","20":"tag-direct","21":"tag-direct-velo","22":"tag-directvelo","23":"tag-directvelo-com","24":"tag-epreuve","25":"tag-epreuve-cycliste","26":"tag-federation-francaise-de-cyclisme","27":"tag-ffc","28":"tag-flandres","29":"tag-fr","30":"tag-france","31":"tag-live","32":"tag-live-course","33":"tag-live-epreuve","34":"tag-peloton","35":"tag-radio-peloton","36":"tag-radio-tour","37":"tag-ravitaillement","38":"tag-relance","39":"tag-sports","40":"tag-uci","41":"tag-velo","42":"tag-velos"},"share_on_mastodon":{"url":"https:\/\/pubeurope.com\/@fr\/115751175259583350","error":""},"_links":{"self":[{"href":"https:\/\/www.europesays.com\/fr\/wp-json\/wp\/v2\/posts\/611424","targetHints":{"allow":["GET"]}}],"collection":[{"href":"https:\/\/www.europesays.com\/fr\/wp-json\/wp\/v2\/posts"}],"about":[{"href":"https:\/\/www.europesays.com\/fr\/wp-json\/wp\/v2\/types\/post"}],"author":[{"embeddable":true,"href":"https:\/\/www.europesays.com\/fr\/wp-json\/wp\/v2\/users\/2"}],"replies":[{"embeddable":true,"href":"https:\/\/www.europesays.com\/fr\/wp-json\/wp\/v2\/comments?post=611424"}],"version-history":[{"count":0,"href":"https:\/\/www.europesays.com\/fr\/wp-json\/wp\/v2\/posts\/611424\/revisions"}],"wp:featuredmedia":[{"embeddable":true,"href":"https:\/\/www.europesays.com\/fr\/wp-json\/wp\/v2\/media\/611425"}],"wp:attachment":[{"href":"https:\/\/www.europesays.com\/fr\/wp-json\/wp\/v2\/media?parent=611424"}],"wp:term":[{"taxonomy":"category","embeddable":true,"href":"https:\/\/www.europesays.com\/fr\/wp-json\/wp\/v2\/categories?post=611424"},{"taxonomy":"post_tag","embeddable":true,"href":"https:\/\/www.europesays.com\/fr\/wp-json\/wp\/v2\/tags?post=611424"}],"curies":[{"name":"wp","href":"https:\/\/api.w.org\/{rel}","templated":true}]}}