{"id":611428,"date":"2025-12-20T09:26:15","date_gmt":"2025-12-20T09:26:15","guid":{"rendered":"https:\/\/www.europesays.com\/fr\/611428\/"},"modified":"2025-12-20T09:26:15","modified_gmt":"2025-12-20T09:26:15","slug":"serge-lama-parle-de-son-album-poetes","status":"publish","type":"post","link":"https:\/\/www.europesays.com\/fr\/611428\/","title":{"rendered":"Serge Lama parle de son album Po\u00e8tes"},"content":{"rendered":"<p>\n    <strong>RENCONTRE &#8211; <\/strong>Le chanteur et parolier D\u2019aventures en aventures a \u00e9t\u00e9 influenc\u00e9 par la beaut\u00e9 de l\u2019\u00e9criture des plus grands virtuoses des mots de la langue fran\u00e7aise qu\u2019il a rassembl\u00e9s dans un floril\u00e8ge unique.<\/p>\n<p class=\"fig-paragraph\">\u00abVoici des fleurs, des fruits, des feuilles et des branches\/ Et puis voici mon c\u0153ur qui ne bat que pour vous&#8230;\u00bb En l\u2019an 2000, d\u00e9j\u00e0, Serge Lama avait pos\u00e9 sa voix et une musique sur les vers sublimes du Green de Charles Verlaine. Aujourd\u2019hui, il vient de finir un r\u00eave qu\u2019il poursuit depuis son adolescence: rassembler les mots des plus grands enchanteurs de la langue fran\u00e7aise dans un seul floril\u00e8ge, intitul\u00e9 tout simplement Po\u00e8tes*.<\/p>\n<p class=\"fig-paragraph\">Les th\u00e8mes de r\u00eaveries et d\u2019abandon &#8211; qu\u2019il aura choisis avec soin pendant plus d\u2019un an &#8211; reprennent les id\u00e9es qui ont inspir\u00e9, parfois inconsciemment, ses chansons: l\u2019\u00e9ternel azur de Mallarm\u00e9, les merveilleux nuages de Baudelaire, Le Bateau Ivre de Rimbaud, Au lointain temporel de Paul Val\u00e9ry, Dites-le-lui pour moi de Ronsard, Words, Words, Words de Shakespeare (la seule belle entorse au g\u00e9nie de la langue de Moli\u00e8re), Ce que vivent les roses de Fran\u00e7ois de Malherbe, Au m\u00eame endroit du r\u00eave de Victor Hugo, D\u2019or et de feu toujours d\u2019Hugo, et On ne badine pas avec l\u2019amour inspir\u00e9, bien s\u00fbr, par Musset.<\/p>\n<p>                                            <a class=\"fig-a11y-skip\" href=\"#fig-a11y-skip-main-inarticle\" data-module=\"a11y-skip\" data-context=\"was @visible\"><br \/>\n    Passer la publicit\u00e9<br \/>\n<\/a>            <\/p>\n<p class=\"fig-paragraph\">Serge Lama qui a chant\u00e9 et aim\u00e9, en pensant \u00e0 \u00c9dith Piaf, \u00ab&#8230; Les ports de l\u2019Atlantique et cette odeur de fin d\u2019amour que dissipe le petit jour&#8230;\u00bb savait que comme pour ses chansons, la musique devait, en filigrane, accompagner les phrases, les mots, les vers qu\u2019il avait \u00e9lus. Un jeune musicien, Augustin Charnet, a servi de chef d\u2019orchestre et de compositeur \u00e0 cette symphonie. Avant de nous accorder, chez lui en compagnie de son \u00e9pouse Luana, une interview, Serge Lama a insist\u00e9 pour que nous n\u2019oubliions pas de rendre hommage \u00e0 \u00abson travail d\u2019\u00e9crin po\u00e9tique indispensable\u00bb. C\u2019est fait!<\/p>\n<p class=\"fig-body-link\">\n            \u00c0 lire aussi<br \/>\n        <a class=\"fig-body-link__link\" href=\"http:\/\/www.lefigaro.fr\/musique\/la-comedie-musicale-napoleon-a-40-ans-le-coup-imperial-de-serge-lama-20240825\" data-fig-type=\"NewsFlash\" data-gtm-custom-categorie=\"navigation\" data-gtm-custom-action=\"crossclick\" data-gtm-custom-label=\"Contextuel\" data-gtm-event=\"customEventSPE\" data-fig-domain=\"LEFIGARO\" target=\"_blank\" rel=\"noopener\"><\/p>\n<p>        Napol\u00e9on a 40 ans: le coup imp\u00e9rial de Serge Lama<br \/>\n    <\/a>\n<\/p>\n<p class=\"fig-paragraph\"><strong>LE FIGARO. &#8211; Vous semblez tenir beaucoup \u00e0 l\u2019album <\/strong><strong>Po\u00e8tes<\/strong> <strong>. Pourquoi\u00a0?<\/strong><\/p>\n<p class=\"fig-paragraph\"><strong>SERGE LAMA. &#8211;<\/strong> Parce que j\u2019y pense depuis l\u2019enfance! \u00c0 onze, j\u2019\u00e9tais fou de Baudelaire, de Mallarm\u00e9, du Bateau Ivre de Rimbaud. Je les aime depuis toujours. Avant de devenir chanteur, j\u2019ai \u00e9t\u00e9 un parolier. Et tous ceux qui sont pr\u00e9sents dans ces petites r\u00e9citations m\u2019ont nourri. Le succ\u00e8s m\u2019a emp\u00each\u00e9, finalement, de me consacrer \u00e0 un disque de po\u00e9sie. Car il faut du temps pour les red\u00e9couvrir, pour ressentir, leur beaut\u00e9 et leur rythme.<\/p>\n<p class=\"fig-paragraph\"><strong>La po\u00e9sie pure est-elle diff\u00e9rente de la chanson, de vos chansons\u00a0?<\/strong><\/p>\n<p class=\"fig-paragraph\">Oui un peu. Lamartine, Ronsard avant lui, Hugo, Nerval, Baudelaire, Verlaine, Rimbaud, et m\u00eame Aragon qui \u00e9crit au XXe si\u00e8cle, n\u2019attendaient rien de la musique parce qu\u2019il n\u2019\u00e9crivait pas pour \u00eatre chant\u00e9. La m\u00e9lodie est inh\u00e9rente \u00e0 leur versification, aux choix des noms, des adjectifs. Ils m\u2019ont fait aimer la po\u00e9sie mais quand j\u2019ai d\u00fb prendre des mod\u00e8les, j\u2019ai suivi plut\u00f4t mes a\u00een\u00e9s, Brassens et puis Brel. La chanson est port\u00e9e par la musique. J\u2019ai l\u2019habitude de dire: c\u2019est comme un bateau. La voile et le vent, c\u2019est la musique. Les paroles c\u2019est le bateau. Le barreur, c\u2019est le chanteur. C\u2019est celui qui essaie de conjuguer tous ces \u00e9l\u00e9ments. C\u2019est un art pas toujours facile.<\/p>\n<p>                                            <a class=\"fig-a11y-skip\" href=\"#fig-a11y-skip-main-inarticle_mtf\" data-module=\"a11y-skip\" data-context=\"was @visible\"><br \/>\n    Passer la publicit\u00e9<br \/>\n<\/a>            <\/p>\n<p class=\"fig-paragraph\"><strong>Vous n\u2019avez pas \u00e9t\u00e9 tent\u00e9, \u00e0 l\u2019instar de Serge Gainsbourg pour Baudelaire, de chanter les po\u00e8mes de votre anthologie&#8230;<\/strong><\/p>\n<p class=\"fig-paragraph\">C\u2019est un disque tr\u00e8s musical, vous savez. Si Augustin Charnet n\u2019avait compos\u00e9 sa musique planante, avec des vers qui arrivent comme \u00e7a, qui partent de partout comme des bateaux, comme des vaisseaux charg\u00e9s \u00e9pices, l\u2019album aurait ressembl\u00e9 \u00e0 un ensemble disparate. Son travail le fait vivre. C\u2019est la grande r\u00e9ussite de ce disque qui est fait pour les gens qui aiment la po\u00e9sie. Je l\u2019ai dit, comme les diseurs d\u2019autrefois, par plaisir, pour donner un bel arbre \u00e0 la po\u00e9sie. C\u2019est, en fin de compte, un objet d\u2019art non identifi\u00e9. En tout cas, je l\u2019esp\u00e8re.<\/p>\n<p class=\"fig-paragraph\"><strong>Dans les vers que vous r\u00e9citez, on per\u00e7oit une forme de d\u00e9sesp\u00e9rance. Disent-ils un peu de vous\u00a0?<\/strong><\/p>\n<p class=\"fig-paragraph\">Quand Flaubert \u00e9crit, \u00ab\u00a0La chair est triste, h\u00e9las! et j\u2019ai lu tous les livres. Fuir! l\u00e0-bas fuir!..\u00a0\u00bb \u00e7a me bouleverse et \u00e7a m\u2019a boulevers\u00e9 quand j\u2019avais dix ans et que je me sentais seul parce que ma m\u00e8re emp\u00eachait mon p\u00e8re de chanter. Ces vers sont terribles et on a envie de dire \u00e0 Flaubert\u00a0: \u201c Qu\u2019est-ce que tu vas \u00e9crire apr\u00e8s\u00a0?\u201d. C\u2019est extraordinaire (rire tonitruant).<\/p>\n<p class=\"fig-paragraph\"><strong>La musique dans vos chansons cachait-elle un peu vos traumatismes\u00a0?<\/strong><\/p>\n<p>                                            <a class=\"fig-a11y-skip\" href=\"#fig-a11y-skip-main-inarticle_btf\" data-module=\"a11y-skip\" data-context=\"was @visible\"><br \/>\n    Passer la publicit\u00e9<br \/>\n<\/a>            <\/p>\n<p class=\"fig-paragraph\">Dans Je suis malade pas trop! (rerire tonitruant). Mais c\u2019est vrai que l\u2019entrain du refrain des P\u2019tites femmes de Pigalle, sign\u00e9 Jacques Datin, fait oublier que \u00abToutes les nuits j\u2019effeuille les fleurs du mal\u00bb, puis \u00abla boue, l\u2019opprobre et le scandale\u00bb. C\u2019est exactement pour ne pas tricher avec les mots que j\u2019ai voulu \u00eatre apparemment minimaliste pour donner un effet maximaliste.<\/p>\n<p class=\"fig-paragraph\"><strong>Et si on vous demandait de composer le floril\u00e8ge des floril\u00e8ges, quels vers choisiriez-vous?\u00a0<\/strong><\/p>\n<p class=\"fig-paragraph\">\u201cUn seul \u00eatre vous manque et tout est d\u00e9peupl\u00e9!\u201d de Lamartine. Pour continuer, parce que je suis n\u00e9 \u00e0 Bordeaux: \u201cJe suis le T\u00e9n\u00e9breux,- le Veuf,- l\u2019Inconsol\u00e9, le prince d\u2019Aquitaine \u00e0 la tour abolie&#8230;\u201d Tous les vers du Bateau Ivre de Rimbaud. Et enfin Words, Words, Words de Shakespeare, pour le plaisir de devenir Laurence Olivier, rien qu\u2019une minute!<\/p>\n<p class=\"fig-paragraph\">*Serge Lama, Po\u00e8tes, Warner, Parlophone<\/p>\n","protected":false},"excerpt":{"rendered":"RENCONTRE &#8211; Le chanteur et parolier D\u2019aventures en aventures a \u00e9t\u00e9 influenc\u00e9 par la beaut\u00e9 de l\u2019\u00e9criture des&hellip;\n","protected":false},"author":2,"featured_media":611429,"comment_status":"","ping_status":"","sticky":false,"template":"","format":"standard","meta":{"footnotes":""},"categories":[1359],"tags":[5551,58,59,1011,27,973,9228,10942],"class_list":{"0":"post-611428","1":"post","2":"type-post","3":"status-publish","4":"format-standard","5":"has-post-thumbnail","7":"category-people","8":"tag-chanson-francaise","9":"tag-divertissement","10":"tag-entertainment","11":"tag-fr","12":"tag-france","13":"tag-people","14":"tag-poesie","15":"tag-serge-lama"},"share_on_mastodon":{"url":"https:\/\/pubeurope.com\/@fr\/115751182996188270","error":""},"_links":{"self":[{"href":"https:\/\/www.europesays.com\/fr\/wp-json\/wp\/v2\/posts\/611428","targetHints":{"allow":["GET"]}}],"collection":[{"href":"https:\/\/www.europesays.com\/fr\/wp-json\/wp\/v2\/posts"}],"about":[{"href":"https:\/\/www.europesays.com\/fr\/wp-json\/wp\/v2\/types\/post"}],"author":[{"embeddable":true,"href":"https:\/\/www.europesays.com\/fr\/wp-json\/wp\/v2\/users\/2"}],"replies":[{"embeddable":true,"href":"https:\/\/www.europesays.com\/fr\/wp-json\/wp\/v2\/comments?post=611428"}],"version-history":[{"count":0,"href":"https:\/\/www.europesays.com\/fr\/wp-json\/wp\/v2\/posts\/611428\/revisions"}],"wp:featuredmedia":[{"embeddable":true,"href":"https:\/\/www.europesays.com\/fr\/wp-json\/wp\/v2\/media\/611429"}],"wp:attachment":[{"href":"https:\/\/www.europesays.com\/fr\/wp-json\/wp\/v2\/media?parent=611428"}],"wp:term":[{"taxonomy":"category","embeddable":true,"href":"https:\/\/www.europesays.com\/fr\/wp-json\/wp\/v2\/categories?post=611428"},{"taxonomy":"post_tag","embeddable":true,"href":"https:\/\/www.europesays.com\/fr\/wp-json\/wp\/v2\/tags?post=611428"}],"curies":[{"name":"wp","href":"https:\/\/api.w.org\/{rel}","templated":true}]}}