{"id":611430,"date":"2025-12-20T09:27:32","date_gmt":"2025-12-20T09:27:32","guid":{"rendered":"https:\/\/www.europesays.com\/fr\/611430\/"},"modified":"2025-12-20T09:27:32","modified_gmt":"2025-12-20T09:27:32","slug":"une-adoration-des-bergers-pour-genes","status":"publish","type":"post","link":"https:\/\/www.europesays.com\/fr\/611430\/","title":{"rendered":"Une Adoration des bergers pour G\u00eanes"},"content":{"rendered":"<p>17\/12\/25 &#8211;<strong>\u00a0Acquisition &#8211; G\u00eanes, Palazzo Spinola e la Galleria Nazionale della Liguria <\/strong> &#8211; Un autre mus\u00e9e c\u00e9l\u00e8bre No\u00ebl \u00e0 l\u2019occasion d\u2019une acquisition r\u00e9cente\u00a0: \u00e0 G\u00eanes, la Galerie Nationale de Ligurie, sise dans le Palazzo  Spinola , a enrichi ses collections d\u2019une peinture de Salvatore Castiglione repr\u00e9sentant l\u2019Adoration des bergers (ill. 1).<\/p>\n<dl class=\"spip_document_77247 spip_documents spip_documents_center\" itemprop=\"image\" itemscope=\"\" itemtype=\"http:\/\/schema.org\/ImageObject\">\n<dt>\n\t\t<a href=\"https:\/\/www.latribunedelart.com\/IMG\/jpg\/salvatore-castiglione-adorazione-dei-pastori.jpg.jpg?77247\/5442e1777a7eecfde857aae4f75e23aa3566126d23da9b05879bd1f9d74bfa94\" title=\"\" type=\"image\/jpeg\" target=\"_blank\" rel=\"noopener\"><br \/>\n\t\t\t<img loading=\"lazy\" decoding=\"async\" src=\"https:\/\/www.europesays.com\/fr\/wp-content\/uploads\/2025\/12\/salvatore-castiglione-adorazione-dei-pastori.jpg-d18ba.jpg\" width=\"420\" height=\"500\" alt=\"\" itemprop=\"contentUrl\"\/><br \/>\n\t\t<\/a>\n\t<\/dt>\n<dd class=\"crayon document-descriptif-77247 spip_doc_descriptif\" style=\"width:350px;\" itemprop=\"description\">1. Salvatore Castiglione (1620-1676) <br class=\"autobr\"\/><br \/>\nAdoration des bergers, vers 1645<br class=\"autobr\"\/><br \/>\nHuile sur toile &#8211; 129 x 166 cm<br class=\"autobr\"\/><br \/>\nG\u00eanes, Palazzo Spinola e la Galleria Nazionale della Liguria<br class=\"autobr\"\/><br \/>\nPhoto\u00a0: Galleria Nazionale della Liguria\n<\/dd>\n<dd class=\"spip_doc_lien-galerie\">\n\t\t<a href=\"https:\/\/www.latribunedelart.com\/spip.php?page=docbig&amp;id_document=77247&amp;id_article=13183\" target=\"_blank\" rel=\"noopener\">Voir l\u00b4image dans sa page<\/a>\n\t<\/dd>\n<\/dl>\n<p>Acquise par le minist\u00e8re de la Culture aupr\u00e8s d\u2019une galerie d\u2019art, la toile \u00e9tait conserv\u00e9e dans une collection historique de la famille Descalzi \u00e0 Chiavari, o\u00f9 elle \u00e9tait document\u00e9e depuis le d\u00e9but du\u2026<\/p>\n<p>Pour avoir acc\u00e8s \u00e0 ce contenu, vous devez vous abonner \u00e0 La Tribune de l\u2019Art. Les avantages et les conditions de cet abonnement, qui vous permettra par ailleurs de soutenir La Tribune de l\u2019Art, sont d\u00e9crits sur <a href=\"https:\/\/www.latribunedelart.com\/s-abonner\" target=\"_blank\" rel=\"noopener\">la page d\u2019abonnement<\/a>.<\/p>\n","protected":false},"excerpt":{"rendered":"17\/12\/25 &#8211;\u00a0Acquisition &#8211; G\u00eanes, Palazzo Spinola e la Galleria Nazionale della Liguria &#8211; Un autre mus\u00e9e c\u00e9l\u00e8bre No\u00ebl&hellip;\n","protected":false},"author":2,"featured_media":611431,"comment_status":"","ping_status":"","sticky":false,"template":"","format":"standard","meta":{"footnotes":""},"categories":[1358],"tags":[1348,1384,1385,1386,58,59,1011,27],"class_list":{"0":"post-611430","1":"post","2":"type-post","3":"status-publish","4":"format-standard","5":"has-post-thumbnail","7":"category-arts-et-design","8":"tag-arts","9":"tag-arts-and-design","10":"tag-arts-et-design","11":"tag-design","12":"tag-divertissement","13":"tag-entertainment","14":"tag-fr","15":"tag-france"},"share_on_mastodon":{"url":"https:\/\/pubeurope.com\/@fr\/115751187668273045","error":""},"_links":{"self":[{"href":"https:\/\/www.europesays.com\/fr\/wp-json\/wp\/v2\/posts\/611430","targetHints":{"allow":["GET"]}}],"collection":[{"href":"https:\/\/www.europesays.com\/fr\/wp-json\/wp\/v2\/posts"}],"about":[{"href":"https:\/\/www.europesays.com\/fr\/wp-json\/wp\/v2\/types\/post"}],"author":[{"embeddable":true,"href":"https:\/\/www.europesays.com\/fr\/wp-json\/wp\/v2\/users\/2"}],"replies":[{"embeddable":true,"href":"https:\/\/www.europesays.com\/fr\/wp-json\/wp\/v2\/comments?post=611430"}],"version-history":[{"count":0,"href":"https:\/\/www.europesays.com\/fr\/wp-json\/wp\/v2\/posts\/611430\/revisions"}],"wp:featuredmedia":[{"embeddable":true,"href":"https:\/\/www.europesays.com\/fr\/wp-json\/wp\/v2\/media\/611431"}],"wp:attachment":[{"href":"https:\/\/www.europesays.com\/fr\/wp-json\/wp\/v2\/media?parent=611430"}],"wp:term":[{"taxonomy":"category","embeddable":true,"href":"https:\/\/www.europesays.com\/fr\/wp-json\/wp\/v2\/categories?post=611430"},{"taxonomy":"post_tag","embeddable":true,"href":"https:\/\/www.europesays.com\/fr\/wp-json\/wp\/v2\/tags?post=611430"}],"curies":[{"name":"wp","href":"https:\/\/api.w.org\/{rel}","templated":true}]}}