{"id":611432,"date":"2025-12-20T09:29:27","date_gmt":"2025-12-20T09:29:27","guid":{"rendered":"https:\/\/www.europesays.com\/fr\/611432\/"},"modified":"2025-12-20T09:29:27","modified_gmt":"2025-12-20T09:29:27","slug":"audiences-pre-access-quelle-performance-pour-les-deux-numeros-de-la-meilleure-boulangerie-de-france-diffuses-hier-sur-m6","status":"publish","type":"post","link":"https:\/\/www.europesays.com\/fr\/611432\/","title":{"rendered":"Audiences pr\u00e9-access : Quelle performance pour les deux num\u00e9ros de \u00ab\u00a0La meilleure boulangerie de France\u00a0\u00bb diffus\u00e9s hier sur M6 ?"},"content":{"rendered":"<p>                <img loading=\"lazy\" decoding=\"async\" src=\"https:\/\/www.europesays.com\/fr\/wp-content\/uploads\/2025\/04\/44a3c032d1b1825f-35x35-4.jpg\" class=\"author-article-picture\" width=\"35\" height=\"35\"\/><\/p>\n<p>                    Par<\/p>\n<p>                                            Jeremy Aknin<\/p>\n<p>                    |<\/p>\n<p>                                            Journaliste<\/p>\n<p>\n                N\u00e9 \u00e0 Marseille lors du si\u00e8cle dernier, ville o\u00f9 le soleil est pr\u00e9sent \u00e0 l&rsquo;ann\u00e9e, J\u00e9r\u00e9my a rejoint l&rsquo;\u00e9quipe Puremedias en F\u00e9vrier 2025. Passionn\u00e9 d&rsquo;audiences t\u00e9l\u00e9, il scrute et analyse les chiffres depuis son plus jeune \u00e2ge. C&rsquo;est \u00e9galement un grand fan de s\u00e9ries et d&rsquo;\u00e9missions t\u00e9l\u00e9 !\n            <\/p>\n<p>\n    \u00ab\u00a0Ici tout commence\u00a0\u00bb, \u00ab\u00a0Star Academy\u00a0\u00bb, \u00ab\u00a0Slam\u00a0\u00bb, \u00ab\u00a0Demain nous appartient\u00a0\u00bb, \u00ab\u00a0The Cerveau\u00a0\u00bb&#8230; Les audiences du 17h-20h du vendredi 19 d\u00e9cembre 2025.\n<\/p>\n<p>                            <img loading=\"lazy\" decoding=\"async\" class=\"player-thumbnail\" src=\"https:\/\/www.europesays.com\/fr\/wp-content\/uploads\/2025\/12\/747f01325004e1c5-580x326-1.jpg\" width=\"580\" height=\"326\"\/><\/p>\n<p>                            Comment sont mesur\u00e9es les audiences t\u00e9l\u00e9 ?<\/p>\n<p>La suite apr\u00e8s la publicit\u00e9<\/p>\n<p>                            <img decoding=\"async\" class=\"article-audience-img\" src=\"https:\/\/www.europesays.com\/fr\/wp-content\/uploads\/2025\/04\/3.jpg\" alt=\"France 3\"\/><\/p>\n<p>\n                    ICI 19-20 JOURNAL REGIONAL<br \/>\n                    JOURNAL REGIONAL\n                <\/p>\n<p>\n                    2 008 000 t\u00e9l\u00e9spectateurs\n                <\/p>\n<p>                            <img decoding=\"async\" class=\"article-audience-img\" src=\"https:\/\/www.europesays.com\/fr\/wp-content\/uploads\/2025\/04\/2.jpg\" alt=\"France 2\"\/><\/p>\n<p>\n                    N&rsquo;OUBLIEZ PAS LES PAROLES \\ BEST OF<br \/>\n                    JEU\n                <\/p>\n<p>\n                    1 996 000 t\u00e9l\u00e9spectateurs\n                <\/p>\n<p>                            <img decoding=\"async\" class=\"article-audience-img\" src=\"https:\/\/www.europesays.com\/fr\/wp-content\/uploads\/2025\/04\/1.jpg\" alt=\"TF1\"\/><\/p>\n<p>\n                    DEMAIN NOUS APPARTIENT<br \/>\n                    SERIE\n                <\/p>\n<p>\n                    1 998 000 t\u00e9l\u00e9spectateurs\n                <\/p>\n<p>                            <img decoding=\"async\" class=\"article-audience-img\" src=\"https:\/\/www.europesays.com\/fr\/wp-content\/uploads\/2025\/04\/6.jpg\" alt=\"M6\"\/><\/p>\n<p>\n                    LA MEILLEURE BOULANGERIE DE FRANCE<br \/>\n                    JEU\n                <\/p>\n<p>\n                    1 118 000 t\u00e9l\u00e9spectateurs\n                <\/p>\n<p>                            <img decoding=\"async\" class=\"article-audience-img\" src=\"https:\/\/www.europesays.com\/fr\/wp-content\/uploads\/2025\/04\/534.jpg\" alt=\"France 5\"\/><\/p>\n<p>\n                    C A VOUS<br \/>\n                    MAGAZINE\n                <\/p>\n<p>\n                    1 112 000 t\u00e9l\u00e9spectateurs\n                <\/p>\n<p>    M\u00e9diam\u00e9trie &#8211; M\u00e9diamat ; reproduction interdite, tous droits r\u00e9serv\u00e9s par M\u00e9diam\u00e9trie<\/p>\n<p>\u00ab\u00a0N&rsquo;oubliez pas les paroles !\u00a0\u00bb Best-of (France 2 \/ 19h15-19h50) :<strong> 2,00 millions (13,9%)\u00a0\u00a0<\/strong><br \/>\u00ab\u00a0N&rsquo;oubliez pas les paroles !\u00a0\u00bb Best-of (France 2 \/ 18h44-19h14) : <strong>1,62 million (13,0%)<\/strong><br \/>\u00ab\u00a0<a href=\"https:\/\/www.ozap.com\/actu\/tout-le-monde-a-son-mot-a-dire-on-sait-enfin-quand-bruno-guillon-remplacera-olivier-minne-a-la-tete-du-jeu-de-france-2\/651133\" target=\"_blank\" rel=\"noopener\">Tout le monde a son mot \u00e0 dire<\/a>\u00a0\u00bb (France 2 \/ 18h10) : <strong>1,26 million (12,4%)\u00a0<\/strong><\/p>\n<p>\u00ab\u00a0Slam\u00a0\u00bb (France 3 \/ 18h04-18h45) :<strong> 1,29 million (12,1%)\u00a0<\/strong><br \/>\u00ab\u00a0Duels en familles\u00a0\u00bb (France 3 \/ 17h25-18h03) : <strong>782.000 (9,4%)\u00a0<\/strong><\/p>\n<p>\u00ab\u00a0La meilleure boulangerie de France\u00a0\u00bb (M6 \/ 18h31-19h31) : <strong>1,12 million (8,8%)\u00a0\u00a0\u00a0<\/strong><br \/>\u00ab\u00a0La meilleure boulangerie de France\u00a0\u00bb (M6 \/ 17h22-18h21) : <strong>564.000 (6,6%)\u00a0\u00a0\u00a0<\/strong><\/p>\n<p>Toujours en mode best-of, \u00ab\u00a0N&rsquo;oubliez pas les paroles !\u00a0\u00bb est en forte hausse sur une semaine : +2,5 points pour le premier num\u00e9ro et +1,7 point pour le second.\u00a0<br \/>Sur France 3, si \u00ab\u00a0Slam\u00a0\u00bb est stable (+0,1 point), \u00ab\u00a0Duels en familles\u00a0\u00bb chute sous le million et passe sous les 10% de PDA (-1,8 point).<br \/>\u00ab\u00a0La meilleure boulangerie de France\u00a0\u00bb offrent des scores corrects avec ses deux num\u00e9ros et attirent 7,9% puis 13,1% des FRDA.<\/p>\n<p>Les JT<\/p>\n<p>\u00ab\u00a0Ici 19\/20\u00a0\u00bb \u2013 Journal r\u00e9gional (France 3 \/ 19h14-19h46) : <strong>2,01 millions (14,0%)<\/strong><\/p>\n<p>\u00ab\u00a0Arte journal\u00a0\u00bb (Arte \/ 19h45) :<strong> 622.000 (3,9%)<\/strong><\/p>\n<p>Nette baisse pour \u00ab\u00a0Ici 19\/20\u00a0\u00bb qui perd 200.000 t\u00e9l\u00e9spectateurs et 1 point d&rsquo;audience versus vendredi dernier.<\/p>\n<p>Les talks<\/p>\n<p>\u00ab\u00a0C \u00e0 vous\u00a0\u00bb (France 5 \/ 18h57-19h50) : <strong>1,11 million (8,0%)\u00a0<\/strong><br \/>\u00ab\u00a0C dans l&rsquo;air\u00a0\u00bb (France 5 \/ 17h42-18h48) : <strong>1,15 million (11,6%)\u00a0\u00a0<\/strong><\/p>\n<p>\u00ab\u00a0Tout beau, tout n9uf Week-end\u00a0\u00bb &#8211; 1\u00e8re partie (W9 \/ 19h46-20h13) : <strong>970.000 (6,0%)<\/strong><br \/>\u00ab\u00a0Cyril et la famille\u00a0\u00bb (W9 \/ 19h21-19h46) : <strong>733.000 (5,1%)\u00a0\u00a0<\/strong><br \/>\u00ab\u00a0Cyril et la famille\u00a0\u00bb &#8211; 1\u00e8re partie (W9 \/ 18h45-19h15) : <strong>572.000 (4,5%)\u00a0<\/strong><\/p>\n<p>\u00ab\u00a0Quotidien Week-end\u00a0\u00bb \u2013 1\u00e8re partie (TMC \/ 19h20-20h03) : <strong>803.000 (5,3%)\u00a0<\/strong><\/p>\n<p>Gros carton pour \u00ab\u00a0C dans l&rsquo;air\u00a0\u00bb hier qui passe largement la barre du million et qui gagne 3 points de PDA versus vendredi dernier.<br \/>Juste apr\u00e8s, \u00ab\u00a0C \u00e0 vous\u00a0\u00bb voit sa PDA progresser de 0,3 point en une semaine.<br \/>W9 et Cyril Hanouna sont \u00e0 la f\u00eate avec des scores en hausse pour toutes les parties : +0,9 point pour \u00ab\u00a0Cyril et la famille\u00a0\u00bb &#8211; 1\u00e8re partie, +0,4 point pour \u00ab\u00a0Cyril et la famille\u00a0\u00bb et \u00ab\u00a0Tout beau, tout n9uf Week-end\u00a0\u00bb &#8211; 1\u00e8re partie.<br \/>Yann Barth\u00e8s est en baisse sur une semaine (-0,7 point) mais reste \u00e0 un bon niveau.\u00a0<\/p>\n<p>Les feuilletons<\/p>\n<p>\u00ab\u00a0<a href=\"https:\/\/www.ozap.com\/actu\/audiences-access-50000-telespectateurs-decart-entre-demain-nous-appartient-tf1-noubliez-pas-les-paroles-france-2-et-ici-1920-france-3\/651251\" target=\"_blank\" rel=\"noopener\">Demain nous appartient<\/a>\u00a0\u00bb (TF1 \/ 19h15) :<strong> 2,00 millions (13,9%)<\/strong><br \/>\u00ab\u00a0Ici tout commence\u00a0\u00bb (TF1 \/ 18h30) : <strong>1,87 million (15,0%)\u00a0<\/strong><br \/>\u00a0<br \/>Sur TF1, les deux s\u00e9ries sont en hausse avec +0,7 point pour \u00ab\u00a0Demain nous appartient\u00a0\u00bb et +1,3 point pour \u00ab\u00a0Ici tout commence\u00a0\u00bb.<br \/>C\u00f4t\u00e9 FRDA, \u00ab\u00a0ITC\u00a0\u00bb est \u00e0 16,6% et \u00ab\u00a0DNA\u00a0\u00bb est \u00e0 14,1%.<\/p>\n<p>Les \u00e9missions de t\u00e9l\u00e9-r\u00e9alit\u00e9<\/p>\n<p>                            <img decoding=\"async\" class=\"article-audience-img\" src=\"https:\/\/www.europesays.com\/fr\/wp-content\/uploads\/2025\/04\/13.jpg\" alt=\"TMC\"\/><\/p>\n<p>\n                    QUOTIDIEN 1ERE PARTIE<br \/>\n                    MAGAZINE\n                <\/p>\n<p>\n                    803 000 t\u00e9l\u00e9spectateurs\n                <\/p>\n<p>                            <img decoding=\"async\" class=\"article-audience-img\" src=\"https:\/\/www.europesays.com\/fr\/wp-content\/uploads\/2025\/04\/336.jpg\" alt=\"W9\"\/><\/p>\n<p>\n                    CYRIL ET LA FAMILLE PARTIE 2<br \/>\n                    MAGAZINE\n                <\/p>\n<p>\n                    733 000 t\u00e9l\u00e9spectateurs\n                <\/p>\n<p>                            <img decoding=\"async\" class=\"article-audience-img\" src=\"https:\/\/www.europesays.com\/fr\/wp-content\/uploads\/2025\/04\/533.jpg\" alt=\"Arte\"\/><\/p>\n<p>\n                    VOYAGE GOURMAND \\ LES GOURMANDISES DE NOL<br \/>\n                    MAGAZINE\n                <\/p>\n<p>\n                    294 000 t\u00e9l\u00e9spectateurs\n                <\/p>\n<p>                            <img decoding=\"async\" class=\"article-audience-img\" src=\"https:\/\/www.europesays.com\/fr\/wp-content\/uploads\/2025\/10\/728.jpg\" alt=\"RMC Life\"\/><\/p>\n<p>\n                    COLD CASE \\ NUIT SANS ESCALE<br \/>\n                    SERIE\n                <\/p>\n<p>\n                    319 000 t\u00e9l\u00e9spectateurs\n                <\/p>\n<p>                            <img decoding=\"async\" class=\"article-audience-img\" src=\"https:\/\/www.europesays.com\/fr\/wp-content\/uploads\/2025\/04\/43.jpg\" alt=\"TFX\"\/><\/p>\n<p>\n                    STAR ACADEMY<br \/>\n                    JEU\n                <\/p>\n<p>\n                    230 000 t\u00e9l\u00e9spectateurs\n                <\/p>\n<p>                            <img decoding=\"async\" class=\"article-audience-img\" src=\"https:\/\/www.europesays.com\/fr\/wp-content\/uploads\/2025\/04\/727.jpg\" alt=\"RMC D\u00e9couverte\"\/><\/p>\n<p>\n                    WHEELER DEALERS FRANCE \\ CITROEN SAXO VTS<br \/>\n                    DOCUMENTAIRE\n                <\/p>\n<p>\n                    198 000 t\u00e9l\u00e9spectateurs\n                <\/p>\n<p>                            <img decoding=\"async\" class=\"article-audience-img\" src=\"https:\/\/www.europesays.com\/fr\/wp-content\/uploads\/2025\/04\/532.jpg\" alt=\"Gulli\"\/><\/p>\n<p>\n                    DRAGONS 3, LE MONDE CACHE<br \/>\n                    FILM\n                <\/p>\n<p>\n                    217 000 t\u00e9l\u00e9spectateurs\n                <\/p>\n<p>                            <img decoding=\"async\" class=\"article-audience-img\" src=\"https:\/\/www.europesays.com\/fr\/wp-content\/uploads\/2025\/04\/725.jpg\" alt=\"6ter\"\/><\/p>\n<p>\n                    CHARMED \\ CHARMAGEDDON 2EME PARTIE<br \/>\n                    SERIE\n                <\/p>\n<p>\n                    193 000 t\u00e9l\u00e9spectateurs\n                <\/p>\n<p>                            <img decoding=\"async\" class=\"article-audience-img\" src=\"https:\/\/www.europesays.com\/fr\/wp-content\/uploads\/2025\/04\/726.jpg\" alt=\"RMC Story\"\/><\/p>\n<p>\n                    THE BIG BANG THEORY \\ FORT RECONFORT<br \/>\n                    SERIE\n                <\/p>\n<p>\n                    144 000 t\u00e9l\u00e9spectateurs\n                <\/p>\n<p>                            <img decoding=\"async\" class=\"article-audience-img\" src=\"https:\/\/www.europesays.com\/fr\/wp-content\/uploads\/2025\/04\/499.jpg\" alt=\"CSTAR\"\/><\/p>\n<p>\n                    DOUANES SOUS HAUTE SURVEILLANCE<br \/>\n                    DOCUMENTAIRE\n                <\/p>\n<p>\n                    122 000 t\u00e9l\u00e9spectateurs\n                <\/p>\n<p>                            <img decoding=\"async\" class=\"article-audience-img\" src=\"https:\/\/www.europesays.com\/fr\/wp-content\/uploads\/2025\/04\/723.jpg\" alt=\"TF1 Series Film\"\/><\/p>\n<p>\n                    GREY&rsquo;S ANATOMY \\ VOYAGE DANS LE TEMPS<br \/>\n                    SERIE\n                <\/p>\n<p>\n                    133 000 t\u00e9l\u00e9spectateurs\n                <\/p>\n<p>                            <img decoding=\"async\" class=\"article-audience-img\" src=\"https:\/\/www.europesays.com\/fr\/wp-content\/uploads\/2025\/04\/4.jpg\" alt=\"Canal+\"\/><\/p>\n<p>\n                    EN APARTE \\ BEST OF<br \/>\n                    MAGAZINE\n                <\/p>\n<p>\n                    5 000 t\u00e9l\u00e9spectateurs\n                <\/p>\n<p>    M\u00e9diam\u00e9trie &#8211; M\u00e9diamat ; reproduction interdite, tous droits r\u00e9serv\u00e9s par M\u00e9diam\u00e9trie<\/p>\n<p>\u00ab\u00a0Star Academy\u00a0\u00bb (TF1 \/ 17h30) : <strong>1,24 million (13,2%)<\/strong><\/p>\n<p>\u00ab\u00a0The Cerveau\u00a0\u00bb (W9 \/ 17h50) : <strong>287.000 (2,9%)\u00a0\u00a0<\/strong><\/p>\n<p>\u00ab\u00a0Star Academy\u00a0\u00bb (TFX \/ 19h05) :<strong> 230.000 (1,6%) \u00a0<\/strong><br \/>\u00ab\u00a0Quatre mariages pour une lune de miel\u00a0\u00bb (TFX \/ 18h00) : <strong>327.000 (3,0%) \u00a0<\/strong><\/p>\n<p>La quotidienne de la \u00ab\u00a0Star Academy\u00a0\u00bb gagne un point sur une semaine et attire 30,2% des FRDA-50.<br \/>Belle forme sur \u00ab\u00a0The Cerveau\u00a0\u00bb sur W9 avec un gain de 0,6 point et continue de cartonner sur cibles : 4,4% des 25-49 ans et 6,2% des FRDA.<\/p>\n","protected":false},"excerpt":{"rendered":"Par Jeremy Aknin | Journaliste N\u00e9 \u00e0 Marseille lors du si\u00e8cle dernier, ville o\u00f9 le soleil est pr\u00e9sent&hellip;\n","protected":false},"author":2,"featured_media":611433,"comment_status":"","ping_status":"","sticky":false,"template":"","format":"standard","meta":{"footnotes":""},"categories":[1356],"tags":[58,59,1011,27,252,1364],"class_list":{"0":"post-611432","1":"post","2":"type-post","3":"status-publish","4":"format-standard","5":"has-post-thumbnail","7":"category-television","8":"tag-divertissement","9":"tag-entertainment","10":"tag-fr","11":"tag-france","12":"tag-television","13":"tag-tv"},"share_on_mastodon":{"url":"https:\/\/pubeurope.com\/@fr\/115751199719733272","error":""},"_links":{"self":[{"href":"https:\/\/www.europesays.com\/fr\/wp-json\/wp\/v2\/posts\/611432","targetHints":{"allow":["GET"]}}],"collection":[{"href":"https:\/\/www.europesays.com\/fr\/wp-json\/wp\/v2\/posts"}],"about":[{"href":"https:\/\/www.europesays.com\/fr\/wp-json\/wp\/v2\/types\/post"}],"author":[{"embeddable":true,"href":"https:\/\/www.europesays.com\/fr\/wp-json\/wp\/v2\/users\/2"}],"replies":[{"embeddable":true,"href":"https:\/\/www.europesays.com\/fr\/wp-json\/wp\/v2\/comments?post=611432"}],"version-history":[{"count":0,"href":"https:\/\/www.europesays.com\/fr\/wp-json\/wp\/v2\/posts\/611432\/revisions"}],"wp:featuredmedia":[{"embeddable":true,"href":"https:\/\/www.europesays.com\/fr\/wp-json\/wp\/v2\/media\/611433"}],"wp:attachment":[{"href":"https:\/\/www.europesays.com\/fr\/wp-json\/wp\/v2\/media?parent=611432"}],"wp:term":[{"taxonomy":"category","embeddable":true,"href":"https:\/\/www.europesays.com\/fr\/wp-json\/wp\/v2\/categories?post=611432"},{"taxonomy":"post_tag","embeddable":true,"href":"https:\/\/www.europesays.com\/fr\/wp-json\/wp\/v2\/tags?post=611432"}],"curies":[{"name":"wp","href":"https:\/\/api.w.org\/{rel}","templated":true}]}}