{"id":611434,"date":"2025-12-20T09:30:28","date_gmt":"2025-12-20T09:30:28","guid":{"rendered":"https:\/\/www.europesays.com\/fr\/611434\/"},"modified":"2025-12-20T09:30:28","modified_gmt":"2025-12-20T09:30:28","slug":"le-re-animator-annonce-les-quatorze-premiers-noms-de-son-edition-2026","status":"publish","type":"post","link":"https:\/\/www.europesays.com\/fr\/611434\/","title":{"rendered":"Le Re-animator annonce les quatorze premiers noms de son \u00e9dition 2026"},"content":{"rendered":"<p>Quatorze noms, dont une t\u00eate d\u2019affiche avant No\u00ebl. Le Re-animator, festival metal de Saint-Nolff annonce une partie de sa programmation pour la troisi\u00e8me \u00e9dition du rendez-vous, qui se tiendra les 7, 8 et 9 mai, au Vieux-Moulin, \u00e0 Saint-Nolff.<\/p>\n<p>Madball, groupe de hardcore, sera l\u2019une des t\u00eates d\u2019affiche de l\u2019\u00e9dition. Il se produira le jeudi, tout comme Realm of perdition. Le vendredi, place \u00e0 Corvus Corax, Horskh, The exploited, Dymna Lotva, Les B\u00e2tards du roi, Po\u00e9sie z\u00e9ro, Heatseeker, Morgaten. Et le samedi\u00a0: Sun, Moundrag, Grandma\u2019s ashes, Krav Boca.<\/p>\n<p>Treize groupes doivent encore compl\u00e9ter la programmation.<\/p>\n","protected":false},"excerpt":{"rendered":"Quatorze noms, dont une t\u00eate d\u2019affiche avant No\u00ebl. Le Re-animator, festival metal de Saint-Nolff annonce une partie de&hellip;\n","protected":false},"author":2,"featured_media":611435,"comment_status":"","ping_status":"","sticky":false,"template":"","format":"standard","meta":{"footnotes":""},"categories":[1355],"tags":[829,58,765,59,3337,1011,27,3729,1361,873,7840,3165],"class_list":{"0":"post-611434","1":"post","2":"type-post","3":"status-publish","4":"format-standard","5":"has-post-thumbnail","7":"category-musique","8":"tag-bretagne","9":"tag-divertissement","10":"tag-en-continu","11":"tag-entertainment","12":"tag-festivals","13":"tag-fr","14":"tag-france","15":"tag-morbihan","16":"tag-music","17":"tag-musique","18":"tag-saint-nolff","19":"tag-vannes"},"share_on_mastodon":{"url":"https:\/\/pubeurope.com\/@fr\/115751202491544100","error":""},"_links":{"self":[{"href":"https:\/\/www.europesays.com\/fr\/wp-json\/wp\/v2\/posts\/611434","targetHints":{"allow":["GET"]}}],"collection":[{"href":"https:\/\/www.europesays.com\/fr\/wp-json\/wp\/v2\/posts"}],"about":[{"href":"https:\/\/www.europesays.com\/fr\/wp-json\/wp\/v2\/types\/post"}],"author":[{"embeddable":true,"href":"https:\/\/www.europesays.com\/fr\/wp-json\/wp\/v2\/users\/2"}],"replies":[{"embeddable":true,"href":"https:\/\/www.europesays.com\/fr\/wp-json\/wp\/v2\/comments?post=611434"}],"version-history":[{"count":0,"href":"https:\/\/www.europesays.com\/fr\/wp-json\/wp\/v2\/posts\/611434\/revisions"}],"wp:featuredmedia":[{"embeddable":true,"href":"https:\/\/www.europesays.com\/fr\/wp-json\/wp\/v2\/media\/611435"}],"wp:attachment":[{"href":"https:\/\/www.europesays.com\/fr\/wp-json\/wp\/v2\/media?parent=611434"}],"wp:term":[{"taxonomy":"category","embeddable":true,"href":"https:\/\/www.europesays.com\/fr\/wp-json\/wp\/v2\/categories?post=611434"},{"taxonomy":"post_tag","embeddable":true,"href":"https:\/\/www.europesays.com\/fr\/wp-json\/wp\/v2\/tags?post=611434"}],"curies":[{"name":"wp","href":"https:\/\/api.w.org\/{rel}","templated":true}]}}