{"id":611436,"date":"2025-12-20T09:32:23","date_gmt":"2025-12-20T09:32:23","guid":{"rendered":"https:\/\/www.europesays.com\/fr\/611436\/"},"modified":"2025-12-20T09:32:23","modified_gmt":"2025-12-20T09:32:23","slug":"le-vrai-du-faux-lenquete-improbable-du-realisateur-armel-hostiou-au-congo-pour-retrouver-son-double","status":"publish","type":"post","link":"https:\/\/www.europesays.com\/fr\/611436\/","title":{"rendered":"\u00ab\u00a0Le vrai du faux\u00a0\u00bb, l\u2019enqu\u00eate improbable du r\u00e9alisateur Armel Hostiou au Congo pour retrouver son \u00ab\u00a0double\u00a0\u00bb"},"content":{"rendered":"<p>        <img decoding=\"async\" loading=\"lazy\" src=\"https:\/\/www.europesays.com\/fr\/wp-content\/uploads\/2025\/12\/786409f_upload-1-dtyprohgnmc0-capture-d-ecran-2025-12-17-175157.png\"  width=\"728\" height=\"410\" alt=\"\u00ab\u00a0Le vrai du faux\u00a0\u00bb, l\u2019enqu\u00eate improbable du r\u00e9alisateur Armel Hostiou au Congo pour retrouver son \u00ab\u00a0double\u00a0\u00bb (Photo : Capture \u00ab\u00a0Le vrai du faux\u00a0\u00bb Armel Hostiou \u00e0 gauche, Cromix Onana Genda Cristo \u00e0 droite)\"\/>  <\/p>\n<p>Le vrai du faux<\/p>\n<p>\u00ab\u00a0Le vrai du faux\u00a0\u00bb, l\u2019enqu\u00eate improbable du r\u00e9alisateur Armel Hostiou au Congo pour retrouver son \u00ab\u00a0double\u00a0\u00bb (Photo : Capture \u00ab\u00a0Le vrai du faux\u00a0\u00bb Armel Hostiou \u00e0 gauche, Cromix Onana Genda Cristo \u00e0 droite)<\/p>\n<p class=\"asset asset-text\">Le titre annonce la couleur\u00a0: vous allez vraiment avoir du mal \u00e0 d\u00e9m\u00ealer Le vrai du faux en regardant ce film d\u2019Armel Hostiou. Sorti en 2023, ce long-m\u00e9trage, retrace la qu\u00eate rocambolesque et improbable du cin\u00e9aste pour retrouver jusqu\u2019en <a href=\"https:\/\/www.huffingtonpost.fr\/international\/video\/pour-denis-mukwege-prix-nobel-de-la-paix-le-viol-est-une-arme-de-guerre-qui-detruit-les-femmes-de-l-interieur_254934.html\" target=\"_blank\" rel=\"noopener\">R\u00e9publique d\u00e9mocratique du Congo<\/a> l\u2019homme qui se <a href=\"https:\/\/www.huffingtonpost.fr\/life\/article\/usurpation-d-identite-6-conseils-pour-eviter-que-l-on-prenne-controle-de-votre-boite-mail_28816.html\" target=\"_blank\" rel=\"noopener\">fait passer pour lui <\/a>sur Facebook\u2026<\/p>\n<p class=\"asset asset-text\">D\u00e8s les premi\u00e8res secondes, le ton est donn\u00e9 par la voix off d\u2019Armel Hostiou. Tout part d\u2019une m\u00e9saventure comme on en vit malheureusement souvent sur les r\u00e9seaux sociaux\u00a0: <a href=\"https:\/\/www.huffingtonpost.fr\/international\/article\/elle-pensait-parler-a-un-astronaute-dans-l-espace-une-japonaise-finalement-victime-d-une-arnaque-aux-sentiments_254314.html\" target=\"_blank\" rel=\"noopener\">une usurpation d\u2019identit\u00e9<\/a>. \u00ab\u00a0Un jour, je d\u00e9couvre que j\u2019ai un deuxi\u00e8me profil Facebook\u00a0: un faux Armel Hostiou avec de vraies photos de moi et plein d\u2019amies vivant toutes \u00e0 Kinshasa. Il les invite aux castings de mon prochain film cens\u00e9 se d\u00e9rouler en<a href=\"https:\/\/www.huffingtonpost.fr\/politique\/article\/digne-de-tintin-au-congo-pourquoi-ce-visuel-divise-la-gauche_257321.html\" target=\"_blank\" rel=\"noopener\"> R\u00e9publique d\u00e9mocratique du Congo<\/a>.\u00a0\u00bb<\/p>\n<p>         <img decoding=\"async\" loading=\"lazy\" src=\"https:\/\/www.europesays.com\/fr\/wp-content\/uploads\/2025\/09\/7660b80_sirius-fs-upload-1-jrs0aheff80v-1742548388688-capture-da-ei-cran-2025-03-21-ai-09-43-24.png\"  width=\"728\" height=\"146\" alt=\"\"\/>      <\/p>\n<p class=\"asset asset-text\"><strong>De bonnes histoires, un ton, un regard. Le HuffPost et Society ont en commun l\u2019art du pas de c\u00f4t\u00e9 et s\u2019associent autour d\u2019un partenariat in\u00e9dit pour faire d\u00e9couvrir gratuitement aux lecteurs du HuffPost un documentaire s\u00e9lectionn\u00e9 par la r\u00e9daction.<\/strong><\/p>\n<p class=\"asset asset-text\"><a href=\"https:\/\/www.societyplus.fr\/content\/le-vrai-du-faux-124214?u=f427ba5ae7bd5e2ba32d685ff309659d\" target=\"_blank\" rel=\"noopener\" title=\"Nouvelle fen\u00eatre\"><strong>\u00ab\u00a0Le vrai du faux\u00a0\u00bb, 83\u00a0min, d\u2019Armel Hostiou, \u00e0 regarder sur Society+ (gratuitement du 20\u00a0au 27\u00a0d\u00e9cembre)<\/strong><\/a><\/p>\n<p class=\"asset asset-text\">Une situation qui aurait pu \u00eatre tr\u00e8s vite r\u00e9gl\u00e9e avec l\u2019assistance de la plateforme en signalant le compte. Sauf que Facebook n\u2019est pas de cet avis\u00a0: selon l\u2019algorithme, le faux compte est un vrai et ne sera donc pas supprim\u00e9. L\u2019histoire prend alors une dimension kafka\u00efenne\u00a0: \u00ab\u00a0Si l\u2019autre moi n\u2019\u00e9tait pas le faux, eh bien le faux c\u2019\u00e9tait moi\u00a0!\u00a0\u00bb, r\u00e9alise Armel Hostiou. Face \u00e0 l\u2019impossibilit\u00e9 de r\u00e9gler la situation depuis son ordinateur, il part en qu\u00eate de son \u00ab\u00a0double\u00a0\u00bb directement \u00e0 Kinshasa.<\/p>\n<p class=\"asset asset-text\">Dans son entreprise, le cin\u00e9aste est heureusement aid\u00e9 par Peter Shotsha Olela, manager d\u2019une r\u00e9sidence d\u2019artistes \u00e0 \u00ab\u00a0Kin\u00a0\u00bb o\u00f9 il est h\u00e9berg\u00e9, et son amie Sarah Ndele. Tous deux sont d\u00e9termin\u00e9s \u00e0 aider Armel Hostiou et l\u2019introduisent dans les r\u00e9seaux de la capitale congolaise.<\/p>\n<p>    \u00ab\u00a0Le faux est en toi. Deviens le faux\u00a0\u00bb    <\/p>\n<p class=\"asset asset-text\">Mais sa qu\u00eate ne va pas \u00eatre exempte d\u2019emb\u00fbches. \u00ab\u00a0C\u2019est comme essayer de chercher une fourmi dans la for\u00eat\u00a0\u00bb dit Sarah, dont les interventions oscillent entre d\u00e9clarations sibyllines et pens\u00e9es n\u00e9buleuses sur la colonisation. Et c\u2019est peu dire. Dans cette \u00ab\u00a0for\u00eat\u00a0\u00bb qu\u2019est Kinshasa, le r\u00e9alisateur va \u00e0 la rencontre de sp\u00e9cimens \u00e9tonnants. Comme l\u2019un \u00ab\u00a0des avocats les plus c\u00e9l\u00e8bres\u00a0\u00bb de la ville pour qui \u00ab\u00a0la situation est extr\u00eamement grave\u00a0\u00bb et dont l\u2019intervention ajoute \u00e9tonnamment une dimension comique. Ou encore un marabout escroc qui menace Armel Hostiou car celui-ci refuse de lui fournir plusieurs dizaines de t\u00eates de moutons et de corbeaux pour \u00ab\u00a0apaiser les esprits\u00a0\u00bb.<\/p>\n<p class=\"asset asset-text\">Impossible de ne pas rire devant certaines situations surr\u00e9alistes et absurdes, comme le t\u00eate \u00e0 t\u00eate au bord d\u2019une rivi\u00e8re avec un p\u00eacheur dont les pens\u00e9es semblent \u00e9merger d\u2019une profonde r\u00e9flexion sous psychotropes. \u00ab\u00a0Il ne faut pas s\u00e9parer le vrai du faux. Le faux est en toi. Il existe. Cherche-le. Deviens le faux\u2026\u00a0\u00bb<\/p>\n<p class=\"asset asset-text\">D\u2019ailleurs, l\u2019ensemble du film nous laisse avec cette impression de flou et de d\u00e9calage. Qu\u2019est-ce qui est vrai, qu\u2019est-ce qui est faux\u00a0? Cette \u0153uvre est-elle une fiction ou un r\u00e9el documentaire\u00a0? Les protagonistes sont-ils vraiment ceux qu\u2019ils pr\u00e9tendent \u00eatre ou sont-ils des com\u00e9diens\u00a0? Ces situations ont-elles vraiment eu lieu\u00a0?<\/p>\n<p>    Quand le faux devient le vrai    <\/p>\n<p class=\"asset asset-text\">Armel Hostiou nous laisse volontairement dans ces questionnements existentiels, m\u00eame apr\u00e8s avoir finalement retrouv\u00e9 son usurpateur (enfin, peut-\u00eatre\u00a0?). Ceci n\u2019est pas vraiment un spoiler tant l\u2019important reste le voyage et les rencontres qu\u2019offre cette qu\u00eate dr\u00f4le et improbable \u00e0 la fois.<\/p>\n<p class=\"asset asset-text\">Dans sa recherche de son faux double, le r\u00e9alisateur n\u2019essaie pas de juger ou de le coincer pour obtenir justice, il tente simplement de comprendre. Et par ce jeu, de nous montrer la r\u00e9alit\u00e9 de ce \u00ab\u00a0brouteur\u00a0\u00bb parmi par des milliers\u00a0: pro de la d\u00e9brouille dans une ville immense et tentaculaire, essayant de se frayer un chemin pour s\u2019en sortir.<\/p>\n<p class=\"asset asset-text\">Et plus le faux Armel se r\u00e9v\u00e8le, plus le vrai semble se perdre. \u00ab\u00a0Mais qu\u2019est-ce que je fais ici\u00a0?\u00a0\u00bb, se demande-t-il et nous aussi, \u00e0 plusieurs reprises. Lors de ses rares apparitions face \u00e0 la cam\u00e9ra, le cin\u00e9aste semble bien d\u00e9pass\u00e9 par la situation, son regard passant principalement de la perplexit\u00e9 \u00e0 la circonspection.<\/p>\n<p class=\"asset asset-text\">Jusqu\u2019\u00e0 devenir lui-m\u00eame le faux\u00a0: son propre documentaire finit par \u00eatre racont\u00e9 par son double, l\u00e2chant enfin la qu\u00eate du compte Facebook pour devenir un t\u00e9moignage sociologique. Celui de la vie sur des terres o\u00f9 l\u2019empreinte de l\u2019h\u00e9ritage colonial\u00a0est toujours pr\u00e9sente. \u00ab\u00a0Vous \u00e9tiez un, vous serez deux\u00a0\u00bb, entend-on lors d\u2019un rituel mystique pour s\u00e9parer le vrai Armel du faux. Une c\u00e9r\u00e9monie n\u00e9cessitant deux bouteilles de soda, quelques gouttes de pastis et la pr\u00e9sence de deux poules. On ne sait pas trop o\u00f9 l\u2019on va, mais le voyage vaut le d\u00e9tour.<\/p>\n","protected":false},"excerpt":{"rendered":"Le vrai du faux \u00ab\u00a0Le vrai du faux\u00a0\u00bb, l\u2019enqu\u00eate improbable du r\u00e9alisateur Armel Hostiou au Congo pour retrouver&hellip;\n","protected":false},"author":2,"featured_media":611437,"comment_status":"","ping_status":"","sticky":false,"template":"","format":"standard","meta":{"footnotes":""},"categories":[1354],"tags":[650,251,58,59,1346,1011,27,1360,4456,72247],"class_list":{"0":"post-611436","1":"post","2":"type-post","3":"status-publish","4":"format-standard","5":"has-post-thumbnail","7":"category-films","8":"tag-cinema","9":"tag-culture","10":"tag-divertissement","11":"tag-entertainment","12":"tag-films","13":"tag-fr","14":"tag-france","15":"tag-movies","16":"tag-republique-democratique-du-congo","17":"tag-usurpation-d-identite"},"share_on_mastodon":{"url":"https:\/\/pubeurope.com\/@fr\/115751207447103412","error":""},"_links":{"self":[{"href":"https:\/\/www.europesays.com\/fr\/wp-json\/wp\/v2\/posts\/611436","targetHints":{"allow":["GET"]}}],"collection":[{"href":"https:\/\/www.europesays.com\/fr\/wp-json\/wp\/v2\/posts"}],"about":[{"href":"https:\/\/www.europesays.com\/fr\/wp-json\/wp\/v2\/types\/post"}],"author":[{"embeddable":true,"href":"https:\/\/www.europesays.com\/fr\/wp-json\/wp\/v2\/users\/2"}],"replies":[{"embeddable":true,"href":"https:\/\/www.europesays.com\/fr\/wp-json\/wp\/v2\/comments?post=611436"}],"version-history":[{"count":0,"href":"https:\/\/www.europesays.com\/fr\/wp-json\/wp\/v2\/posts\/611436\/revisions"}],"wp:featuredmedia":[{"embeddable":true,"href":"https:\/\/www.europesays.com\/fr\/wp-json\/wp\/v2\/media\/611437"}],"wp:attachment":[{"href":"https:\/\/www.europesays.com\/fr\/wp-json\/wp\/v2\/media?parent=611436"}],"wp:term":[{"taxonomy":"category","embeddable":true,"href":"https:\/\/www.europesays.com\/fr\/wp-json\/wp\/v2\/categories?post=611436"},{"taxonomy":"post_tag","embeddable":true,"href":"https:\/\/www.europesays.com\/fr\/wp-json\/wp\/v2\/tags?post=611436"}],"curies":[{"name":"wp","href":"https:\/\/api.w.org\/{rel}","templated":true}]}}