{"id":611440,"date":"2025-12-20T09:35:14","date_gmt":"2025-12-20T09:35:14","guid":{"rendered":"https:\/\/www.europesays.com\/fr\/611440\/"},"modified":"2025-12-20T09:35:14","modified_gmt":"2025-12-20T09:35:14","slug":"pour-qui-le-record-mbappe-vs-ronaldo-le-detail-des-stats-monstrueuses-des-deux-gachettes","status":"publish","type":"post","link":"https:\/\/www.europesays.com\/fr\/611440\/","title":{"rendered":"Pour qui le record\u00a0? Mbapp\u00e9 vs Ronaldo, le d\u00e9tail des stats monstrueuses des deux g\u00e2chettes"},"content":{"rendered":"<p><a href=\"https:\/\/www.20minutes.fr\/sport\/kylian-mbappe\/\" class=\"c-link c-link--is-underlined\" target=\"_blank\" rel=\"noopener\">Kylian Mbapp\u00e9<\/a> va conclure ce samedi face au FC S\u00e9ville une ann\u00e9e\u00a02025 extraordinaire. Sur le plan personnel, en tout cas. S\u2019il a \u00e9chou\u00e9 au terme de sa premi\u00e8re saison \u00e0 mener le <a href=\"https:\/\/www.20minutes.fr\/sport\/real_madrid\/\" class=\"c-link c-link--is-underlined\" target=\"_blank\" rel=\"noopener\">Real Madrid<\/a> au titre en <a href=\"https:\/\/www.20minutes.fr\/sport\/liga\/\" class=\"c-link c-link--is-underlined\" target=\"_blank\" rel=\"noopener\">Liga <\/a>et en <a href=\"https:\/\/www.20minutes.fr\/sport\/ligue_des_champions\/\" class=\"c-link c-link--is-underlined\" target=\"_blank\" rel=\"noopener\">Ligue des champions<\/a>, objectifs de base quand on parle de la Maison Blanche, le capitaine de <a href=\"https:\/\/www.20minutes.fr\/sport\/equipe-de-france-de-football\/\" class=\"c-link c-link--is-underlined\" target=\"_blank\" rel=\"noopener\">l\u2019\u00e9quipe de France<\/a> affiche des statistiques hors normes. Qui vont, peut-\u00eatre, lui permettre d\u2019effacer des tablettes la machine \u00e0 buts ultime du Real, <a href=\"https:\/\/www.20minutes.fr\/sport\/cristiano_ronaldo\/\" class=\"c-link c-link--is-underlined\" target=\"_blank\" rel=\"noopener\">Cristiano Ronaldo<\/a> version 2013.<\/p>\n<p>Un ratio sup\u00e9rieur pour le Portugais<\/p>\n<p>Auteur <a href=\"https:\/\/www.20minutes.fr\/sport\/football\/4192114-20251218-coupe-roi-kylian-mbappe-sauve-encore-real-madrid-vise-record-cristiano-ronaldo\" class=\"c-link c-link--is-underlined\" target=\"_blank\" rel=\"noopener\">d\u2019un doubl\u00e9 mercredi en Coupe du Roi<\/a>, Mbapp\u00e9 en est d\u00e9sormais \u00e0 58 buts marqu\u00e9s sous le maillot madril\u00e8ne sur l\u2019ann\u00e9e civile. Il lui reste donc un dernier match ce week-end, au Bernabeu, pour \u00e9galer le record de 59 buts \u00e9tabli par CR7 il y a 12 ans&#8230; voire le laisser dans le r\u00e9tro.<\/p>\n<p>Si l\u2019on regarde les chiffres d\u2019un peu plus pr\u00e8s, on voit tout de m\u00eame que le Portugais conservera quoi qu\u2019il arrive un ratio sup\u00e9rieur, puisqu\u2019il n\u2019avait disput\u00e9 \u00ab\u00a0que\u00a0\u00bb 50 matchs cette ann\u00e9e-l\u00e0, alors que le Fran\u00e7ais conna\u00eetra \u2013 normalement \u2013 sa 59e apparition samedi. Un d\u00e9tail vite oubli\u00e9 en cas de record, sauf pour les statologues de l\u2019extr\u00eame.<\/p>\n<p><img decoding=\"async\" alt=\"La comparaison entre l'ann\u00e9e 2013 de Ronaldo et l'ann\u00e9e 2025 de Mbapp\u00e9. \" class=\"c-img\" loading=\"lazy\" fetchpriority=\"auto\" width=\"718\"  src=\"https:\/\/img.20mn.fr\/s5FqnjbZQ3qnGhPHKJnUhyk\/718x0\" \/>La comparaison entre l&rsquo;ann\u00e9e 2013 de Ronaldo et l&rsquo;ann\u00e9e 2025 de Mbapp\u00e9. \u2002-\u00a0SofaScore \/ 20 Minutes<\/p>\n<p>Petite pr\u00e9cision suppl\u00e9mentaire, ne sont comptabilis\u00e9s ici que les buts marqu\u00e9s en club. Si l\u2019on ajoute ceux inscrits avec l\u2019\u00e9quipe nationale, Ronaldo est plus largement devant, avec 69 r\u00e9alisations contre <a href=\"https:\/\/www.sofascore.com\/football\/player\/kylian-mbappe\/826643?utm_source=20minutes.fr&amp;utm_medium=FootballH2H\" target=\"_blank\" class=\"c-link c-link--is-underlined\" rel=\"noopener\">65 pour l\u2019instant pour Kyky<\/a>. L\u2019occasion de re-souligner, tout de m\u00eame, le tyran qu\u2019\u00e9tait cette ann\u00e9e-l\u00e0 le Portugais devant le but.<\/p>\n<p><a href=\"https:\/\/www.20minutes.fr\/sport\/real_madrid\/\" class=\"c-link c-btn c-btn--primary\" target=\"_blank\" rel=\"noopener\">Toute l&rsquo;actu du Real<\/a><\/p>\n<p>Si l\u2019on parle enfin victoires collectives \u2013 parfois pas inutile dans le foot \u2013, notons que Cricri avait remport\u00e9 la C1 \u00e0 la fin de la saison 2013-2014. Un exemple qui inspire sans doute son successeur. Marquer des buts c\u2019est bien, mais surtout si \u00e7a permet de gagner au bout du chemin.<\/p>\n","protected":false},"excerpt":{"rendered":"Kylian Mbapp\u00e9 va conclure ce samedi face au FC S\u00e9ville une ann\u00e9e\u00a02025 extraordinaire. Sur le plan personnel, en&hellip;\n","protected":false},"author":2,"featured_media":611441,"comment_status":"","ping_status":"","sticky":false,"template":"","format":"standard","meta":{"footnotes":""},"categories":[9],"tags":[13282,63,1011,27,6477,453,447,4790,517,60],"class_list":{"0":"post-611440","1":"post","2":"type-post","3":"status-publish","4":"format-standard","5":"has-post-thumbnail","7":"category-sports","8":"tag-cristiano-ronaldo","9":"tag-football","10":"tag-fr","11":"tag-france","12":"tag-kylian-mbappe","13":"tag-liga","14":"tag-ligue-des-champions","15":"tag-real-madrid","16":"tag-sport","17":"tag-sports"},"share_on_mastodon":{"url":"https:\/\/pubeurope.com\/@fr\/115751219213798591","error":""},"_links":{"self":[{"href":"https:\/\/www.europesays.com\/fr\/wp-json\/wp\/v2\/posts\/611440","targetHints":{"allow":["GET"]}}],"collection":[{"href":"https:\/\/www.europesays.com\/fr\/wp-json\/wp\/v2\/posts"}],"about":[{"href":"https:\/\/www.europesays.com\/fr\/wp-json\/wp\/v2\/types\/post"}],"author":[{"embeddable":true,"href":"https:\/\/www.europesays.com\/fr\/wp-json\/wp\/v2\/users\/2"}],"replies":[{"embeddable":true,"href":"https:\/\/www.europesays.com\/fr\/wp-json\/wp\/v2\/comments?post=611440"}],"version-history":[{"count":0,"href":"https:\/\/www.europesays.com\/fr\/wp-json\/wp\/v2\/posts\/611440\/revisions"}],"wp:featuredmedia":[{"embeddable":true,"href":"https:\/\/www.europesays.com\/fr\/wp-json\/wp\/v2\/media\/611441"}],"wp:attachment":[{"href":"https:\/\/www.europesays.com\/fr\/wp-json\/wp\/v2\/media?parent=611440"}],"wp:term":[{"taxonomy":"category","embeddable":true,"href":"https:\/\/www.europesays.com\/fr\/wp-json\/wp\/v2\/categories?post=611440"},{"taxonomy":"post_tag","embeddable":true,"href":"https:\/\/www.europesays.com\/fr\/wp-json\/wp\/v2\/tags?post=611440"}],"curies":[{"name":"wp","href":"https:\/\/api.w.org\/{rel}","templated":true}]}}