{"id":611448,"date":"2025-12-20T09:39:14","date_gmt":"2025-12-20T09:39:14","guid":{"rendered":"https:\/\/www.europesays.com\/fr\/611448\/"},"modified":"2025-12-20T09:39:14","modified_gmt":"2025-12-20T09:39:14","slug":"nous-frappons-tres-fort-washington-annonce-le-debut-dune-operation-militaire-massive-contre-le-groupe-etat-islamique-en-syrie-plus-de-70-cibles-frappees-en-represailles","status":"publish","type":"post","link":"https:\/\/www.europesays.com\/fr\/611448\/","title":{"rendered":"Nous frappons tr\u00e8s fort\u00a0\u00bb\u00a0: Washington annonce le d\u00e9but d\u2019une op\u00e9ration militaire \u00ab\u00a0massive\u00a0\u00bb contre le groupe \u00c9tat islamique en Syrie, \u00ab\u00a0plus de 70 cibles\u00a0\u00bb frapp\u00e9es \u00ab\u00a0en repr\u00e9sailles"},"content":{"rendered":"<p>\n                                                                L\u2019arm\u00e9e am\u00e9ricaine a frapp\u00e9 \u00ab\u00a0plus de 70 cibles \u00e0 de multiples endroits dans le centre de la Syrie avec des avions de chasse, des h\u00e9licopt\u00e8res et de l\u2019artillerie\u00a0\u00bb, a indiqu\u00e9 le commandement militaire am\u00e9ricain pour le Moyen-Orient, le Centcom.\n                            <\/p>\n<p>Chose promise, chose due. Donald Trump a d\u00e9clar\u00e9 ce vendredi que le groupe \u00c9tat islamique \u00e9tait vis\u00e9 par de \u00ab\u00a0tr\u00e8s lourdes repr\u00e9sailles\u00a0\u00bb en Syrie, apr\u00e8s une attaque qui a co\u00fbt\u00e9 la vie il y a pr\u00e8s d\u2019une semaine \u00e0 deux militaires am\u00e9ricains et un interpr\u00e8te. \u00ab\u00a0Nous frappons tr\u00e8s fort contre des bastions de l\u2019EI\u00a0\u00bb, a \u00e9crit le pr\u00e9sident am\u00e9ricain sur Truth Social, peu apr\u00e8s que le Pentagone eut annonc\u00e9 le d\u00e9but d\u2019une op\u00e9ration \u00ab\u00a0massive\u00a0\u00bb.<\/p>\n<p>L\u2019arm\u00e9e am\u00e9ricaine a lanc\u00e9 des frappes \u00e0 grande \u00e9chelle contre des dizaines de cibles du groupe \u00c9tat islamique, en \u2060Syrie pour \u00ab\u00a0\u00e9liminer des combattants du groupe \u00c9tat islamique, des infrastructures et des sites d\u2019armement\u00a0\u00bb, a fait savoir le chef du Pentagone, Pete Hegseth sur X. Il s\u2019agit d\u2019une \u00ab\u00a0r\u00e9ponse directe\u00a0\u00bb et d\u2019une \u00ab\u00a0d\u00e9claration de vengeance\u00a0\u00bb apr\u00e8s l\u2019attaque qui a co\u00fbt\u00e9 la vie samedi \u00e0 deux militaires am\u00e9ricains et un traducteur en Syrie, ajoute-t-il.\u00a0\u00ab\u00a0Aujourd\u2019hui nous avons traqu\u00e9 et tu\u00e9 des ennemis. Beaucoup d\u2019ennemis. Et nous allons continuer.\u00a0\u00bb<\/p>\n<p>Des frappes soutenues par l\u2019ex\u00e9cutif syrien<\/p>\n<p>Donald Trump a d\u00e9clar\u00e9 sur les r\u00e9seaux sociaux que le gouvernement syrien soutenait \u200dtotalement les \u200dfrappes et a indiqu\u00e9 que les \u00c9tats-Unis \u200binfligeaient \u00ab\u00a0de tr\u00e8s s\u00e9rieuses repr\u00e9sailles\u00a0\u00bb. Dans un communiqu\u00e9 des Affaires \u00e9trang\u00e8res syrien, la Syrie a r\u00e9it\u00e9r\u00e9 son engagement \u00e0 combattre l\u2019\u00c9tat islamique et \u00e0 faire en \u200dsorte que le groupe n\u2019ait \u00ab\u00a0aucun refuge sur le territoire syrien\u00a0\u00bb.<\/p>\n<p>Des avions de chasse, des h\u00e9licopt\u00e8res et de l\u2019artillerie ont frapp\u00e9 plus de 70 cibles \u00e0 de multiples endroits dans le centre de la Syrie, pr\u00e9cise un responsable militaire am\u00e9ricain pour le Moyen-Orient, le Centcom. Selon lui, l\u2019op\u00e9ration aurait d\u00e9but\u00e9 \u00e0 16h heure de Washington. Lors de ces frappes, \u00ab\u00a0plus de 100 munitions de pr\u00e9cision\u00a0\u00bb ont \u00e9t\u00e9 employ\u00e9es contre des positions du groupe \u00c9tat islamique.<\/p>\n<p>Les frappes ont \u00e9t\u00e9 men\u00e9es dans le d\u00e9sert pr\u00e8s de la ville de Homs et dans des zones rurales pr\u00e8s de Deir ez-Zor et Raqqa.<\/p>\n<p>Le Centcom affirme que depuis l\u2019attaque de samedi contre ses troupes, \u00ab\u00a0les \u00c9tats-Unis et leurs forces alli\u00e9es ont men\u00e9 10 op\u00e9rations en Syrie et en Iraq, aboutissant \u00e0 la mort ou au placement en d\u00e9tention de 23 terroristes.\u00a0\u00bb<\/p>\n","protected":false},"excerpt":{"rendered":"L\u2019arm\u00e9e am\u00e9ricaine a frapp\u00e9 \u00ab\u00a0plus de 70 cibles \u00e0 de multiples endroits dans le centre de la Syrie&hellip;\n","protected":false},"author":2,"featured_media":611449,"comment_status":"","ping_status":"","sticky":false,"template":"","format":"standard","meta":{"footnotes":""},"categories":[5],"tags":[1111,11,10411,1011,27,14,12,1857,28],"class_list":{"0":"post-611448","1":"post","2":"type-post","3":"status-publish","4":"format-standard","5":"has-post-thumbnail","7":"category-international","8":"tag-actu","9":"tag-actualites","10":"tag-conflits","11":"tag-fr","12":"tag-france","13":"tag-international","14":"tag-news","15":"tag-sociu00e9tu00e9","16":"tag-world"},"share_on_mastodon":{"url":"https:\/\/pubeurope.com\/@fr\/115751234510912781","error":""},"_links":{"self":[{"href":"https:\/\/www.europesays.com\/fr\/wp-json\/wp\/v2\/posts\/611448","targetHints":{"allow":["GET"]}}],"collection":[{"href":"https:\/\/www.europesays.com\/fr\/wp-json\/wp\/v2\/posts"}],"about":[{"href":"https:\/\/www.europesays.com\/fr\/wp-json\/wp\/v2\/types\/post"}],"author":[{"embeddable":true,"href":"https:\/\/www.europesays.com\/fr\/wp-json\/wp\/v2\/users\/2"}],"replies":[{"embeddable":true,"href":"https:\/\/www.europesays.com\/fr\/wp-json\/wp\/v2\/comments?post=611448"}],"version-history":[{"count":0,"href":"https:\/\/www.europesays.com\/fr\/wp-json\/wp\/v2\/posts\/611448\/revisions"}],"wp:featuredmedia":[{"embeddable":true,"href":"https:\/\/www.europesays.com\/fr\/wp-json\/wp\/v2\/media\/611449"}],"wp:attachment":[{"href":"https:\/\/www.europesays.com\/fr\/wp-json\/wp\/v2\/media?parent=611448"}],"wp:term":[{"taxonomy":"category","embeddable":true,"href":"https:\/\/www.europesays.com\/fr\/wp-json\/wp\/v2\/categories?post=611448"},{"taxonomy":"post_tag","embeddable":true,"href":"https:\/\/www.europesays.com\/fr\/wp-json\/wp\/v2\/tags?post=611448"}],"curies":[{"name":"wp","href":"https:\/\/api.w.org\/{rel}","templated":true}]}}