{"id":61145,"date":"2025-04-29T06:36:07","date_gmt":"2025-04-29T06:36:07","guid":{"rendered":"https:\/\/www.europesays.com\/fr\/61145\/"},"modified":"2025-04-29T06:36:07","modified_gmt":"2025-04-29T06:36:07","slug":"les-futurs-medecins-appellent-a-manifester-a-lyon-contre-la-coercition-2","status":"publish","type":"post","link":"https:\/\/www.europesays.com\/fr\/61145\/","title":{"rendered":"les futurs m\u00e9decins appellent \u00e0 manifester \u00e0 Lyon \u00ab\u00a0contre la coercition\u00a0\u00bb"},"content":{"rendered":"<p>Ils veulent pouvoir s&rsquo;installent o\u00f9 ils le souhaitent : les futurs m\u00e9decins appellent \u00e0 manifester \u00e0 Lyon \u00ab\u00a0contre la coercition\u00a0\u00bb &#8211; LyonMag<\/p>\n<p itemprop=\"description\"><strong><strong>Ce mardi 29 avril, les organisations et syndicats d\u2019\u00e9tudiants, d\u2019internes et de jeunes m\u00e9decins vont d\u00e9filer dans les rues \u00ab\u00a0pour lutter contre la coercition\u00a0\u00bb, la possible contrainte sur leur lieu d\u2019installation, prochainement d\u00e9battue dans l\u2019H\u00e9micycle.<\/strong><\/strong><\/p>\n<p style=\"text-align:start\">\u00ab\u00a0Partout o\u00f9 la r\u00e9gulation \u00e0 l\u2019installation a \u00e9t\u00e9 appliqu\u00e9e, la situation s\u2019est aggrav\u00e9e. Nombreux sont les exemples de pays voisins ayant c\u00e9d\u00e9 \u00e0 la facilit\u00e9 de la coercition, et se retrouvant aujourd\u2019hui dans le constat de son inefficacit\u00e9\u00a0\u00bb, peut-on lire dans un communiqu\u00e9 publi\u00e9 par les organisations et syndicats d\u2019\u00e9tudiants, d\u2019internes et de jeunes m\u00e9decins.<\/p>\n<p style=\"text-align:start\">Ceux-ci ont d\u00e9cid\u00e9 de manifester ce mardi 29 avril contre la coercition. La marche s\u2019effectuera entre Grange Blanche et les locaux de l\u2019Agence r\u00e9gionale de sant\u00e9 (Lyon 3e) \u00e0 partir de 14h.<\/p>\n<p style=\"text-align:start\">La raison de cette mobilisation provient de la proposition de loi transpartisane sur les d\u00e9serts m\u00e9dicaux, du d\u00e9put\u00e9 Guillaume Garot (PS), qui propose de r\u00e9guler l\u2019installation des m\u00e9decins lib\u00e9raux.<\/p>\n<p style=\"text-align:start\"><strong>Une semaine de gr\u00e8ve pr\u00e9vue en mai<\/strong><\/p>\n<p style=\"text-align:start\">En plus de la manifestation, les syndicats ont appel\u00e9 \u00e0 se mettre en gr\u00e8ve la semaine du 5 mai, juste avant la poursuite de l\u2019examen de la proposition de loi \u00e0 l\u2019Assembl\u00e9e nationale (pr\u00e9vue les 6 et 7 mai).<\/p>\n<p style=\"text-align:start\">Dans ce m\u00eame communiqu\u00e9, les organisations et syndicats \u00e9num\u00e8rent le nom des communes qui ne pourront plus accueillir les futurs m\u00e9decins\u00a0: \u00ab\u00a0De mani\u00e8re concr\u00e8te, en Auvergne-Rh\u00f4ne-Alpes, aucun nouveau m\u00e9decin ne pourra s\u2019installer dans des communes comme Tr\u00e9voux (Ain), Grenoble, Voiron ou La Tour-du-Pin (Is\u00e8re), Saint-Etienne ou Saint-Priest-en-Jarez (Loire), Issoire, Gerzat, Clermont-Ferrand ou Riom (Puy-de-D\u00f4me), Saint-Symphorien-d\u2019Ozon ou 6 des 9 arrondissements de Lyon (Rh\u00f4ne), Chamb\u00e9ry ou Flumet (Savoie), ou encore Sallanches (Haute-Savoie)\u00a0\u00bb.<\/p>\n","protected":false},"excerpt":{"rendered":"Ils veulent pouvoir s&rsquo;installent o\u00f9 ils le souhaitent : les futurs m\u00e9decins appellent \u00e0 manifester \u00e0 Lyon \u00ab\u00a0contre&hellip;\n","protected":false},"author":2,"featured_media":60906,"comment_status":"","ping_status":"","sticky":false,"template":"","format":"standard","meta":{"footnotes":""},"categories":[1889],"tags":[1111,11,2813,2190,2430,1109,251,1112,2811,1777,674,118,1011,27,1922,1110,1114,2428,2810,12,241,316,25,2812,517,800],"class_list":{"0":"post-61145","1":"post","2":"type-post","3":"status-publish","4":"format-standard","5":"has-post-thumbnail","7":"category-lyon","8":"tag-actu","9":"tag-actualites","10":"tag-article","11":"tag-asvel","12":"tag-auvergne-rhone-alpes","13":"tag-breves","14":"tag-culture","15":"tag-depeches","16":"tag-economique","17":"tag-eu","18":"tag-europe","19":"tag-faits-divers","20":"tag-fr","21":"tag-france","22":"tag-info","23":"tag-informations","24":"tag-infos","25":"tag-lyon","26":"tag-lyonmag","27":"tag-news","28":"tag-ol","29":"tag-politique","30":"tag-republique-francaise","31":"tag-sociale","32":"tag-sport","33":"tag-transports"},"share_on_mastodon":{"url":"https:\/\/pubeurope.com\/@fr\/114419871681535409","error":""},"_links":{"self":[{"href":"https:\/\/www.europesays.com\/fr\/wp-json\/wp\/v2\/posts\/61145","targetHints":{"allow":["GET"]}}],"collection":[{"href":"https:\/\/www.europesays.com\/fr\/wp-json\/wp\/v2\/posts"}],"about":[{"href":"https:\/\/www.europesays.com\/fr\/wp-json\/wp\/v2\/types\/post"}],"author":[{"embeddable":true,"href":"https:\/\/www.europesays.com\/fr\/wp-json\/wp\/v2\/users\/2"}],"replies":[{"embeddable":true,"href":"https:\/\/www.europesays.com\/fr\/wp-json\/wp\/v2\/comments?post=61145"}],"version-history":[{"count":0,"href":"https:\/\/www.europesays.com\/fr\/wp-json\/wp\/v2\/posts\/61145\/revisions"}],"wp:featuredmedia":[{"embeddable":true,"href":"https:\/\/www.europesays.com\/fr\/wp-json\/wp\/v2\/media\/60906"}],"wp:attachment":[{"href":"https:\/\/www.europesays.com\/fr\/wp-json\/wp\/v2\/media?parent=61145"}],"wp:term":[{"taxonomy":"category","embeddable":true,"href":"https:\/\/www.europesays.com\/fr\/wp-json\/wp\/v2\/categories?post=61145"},{"taxonomy":"post_tag","embeddable":true,"href":"https:\/\/www.europesays.com\/fr\/wp-json\/wp\/v2\/tags?post=61145"}],"curies":[{"name":"wp","href":"https:\/\/api.w.org\/{rel}","templated":true}]}}