{"id":611454,"date":"2025-12-20T09:42:27","date_gmt":"2025-12-20T09:42:27","guid":{"rendered":"https:\/\/www.europesays.com\/fr\/611454\/"},"modified":"2025-12-20T09:42:27","modified_gmt":"2025-12-20T09:42:27","slug":"tout-savoir-de-la-premiere-station-biogazgnv-de-londaine","status":"publish","type":"post","link":"https:\/\/www.europesays.com\/fr\/611454\/","title":{"rendered":"tout savoir de la premi\u00e8re station biogazGNV de l\u2019Ondaine"},"content":{"rendered":"<p>L\u2019enrob\u00e9 vient d\u2019\u00eatre pos\u00e9 et les derniers travaux sont en cours au lieu-dit Puits Voisin, dans le quartier du Pontin. D\u00e8s la mi-janvier, les v\u00e9hicules qui roulent au biogazGNV (gaz naturel pour v\u00e9hicules) pourront faire le plein dans la toute nouvelle station. Si les particuliers sont peu nombreux, les transports publics ou professionnels se tournent de plus en plus vers cette \u00e9nergie.<\/p>\n<p><a href=\"https:\/\/www.leprogres.fr\/transport\/2025\/08\/28\/bus-et-trolleys-ecolos-billettique-tout-ce-qu-il-faut-savoir-sur-les-nouveautes-de-la-stas\" target=\"_blank\" rel=\"noopener\">La Stas<\/a>, par exemple, compte un tiers de sa flotte, soit 42 v\u00e9hicules qui fonctionnent \u00e0 l\u2019\u00e9lectrique ou au gaz. Parmi eux, le bus M2, qui relie Saint-Etienne \u00e0 Firminy, via Roche-la-Moli\u00e8re et qui emprunte donc l\u2019axe M3. Des bennes \u00e0 ordures de la&#8230;<\/p>\n","protected":false},"excerpt":{"rendered":"L\u2019enrob\u00e9 vient d\u2019\u00eatre pos\u00e9 et les derniers travaux sont en cours au lieu-dit Puits Voisin, dans le quartier&hellip;\n","protected":false},"author":2,"featured_media":611455,"comment_status":"","ping_status":"","sticky":false,"template":"","format":"standard","meta":{"footnotes":""},"categories":[9653],"tags":[1111,11,2430,7359,7539,436,1777,674,1011,27,3367,12,316,25,12490,12491,4001,2803],"class_list":{"0":"post-611454","1":"post","2":"type-post","3":"status-publish","4":"format-standard","5":"has-post-thumbnail","7":"category-saint-etienne","8":"tag-actu","9":"tag-actualites","10":"tag-auvergne-rhone-alpes","11":"tag-edition-loire-centre","12":"tag-edition-loire-sud","13":"tag-environnement","14":"tag-eu","15":"tag-europe","16":"tag-fr","17":"tag-france","18":"tag-loire","19":"tag-news","20":"tag-politique","21":"tag-republique-francaise","22":"tag-roche-la-moliere","23":"tag-roche-la-moliere-bassin","24":"tag-saint-etienne","25":"tag-transport"},"share_on_mastodon":{"url":"https:\/\/pubeurope.com\/@fr\/115751245873999433","error":""},"_links":{"self":[{"href":"https:\/\/www.europesays.com\/fr\/wp-json\/wp\/v2\/posts\/611454","targetHints":{"allow":["GET"]}}],"collection":[{"href":"https:\/\/www.europesays.com\/fr\/wp-json\/wp\/v2\/posts"}],"about":[{"href":"https:\/\/www.europesays.com\/fr\/wp-json\/wp\/v2\/types\/post"}],"author":[{"embeddable":true,"href":"https:\/\/www.europesays.com\/fr\/wp-json\/wp\/v2\/users\/2"}],"replies":[{"embeddable":true,"href":"https:\/\/www.europesays.com\/fr\/wp-json\/wp\/v2\/comments?post=611454"}],"version-history":[{"count":0,"href":"https:\/\/www.europesays.com\/fr\/wp-json\/wp\/v2\/posts\/611454\/revisions"}],"wp:featuredmedia":[{"embeddable":true,"href":"https:\/\/www.europesays.com\/fr\/wp-json\/wp\/v2\/media\/611455"}],"wp:attachment":[{"href":"https:\/\/www.europesays.com\/fr\/wp-json\/wp\/v2\/media?parent=611454"}],"wp:term":[{"taxonomy":"category","embeddable":true,"href":"https:\/\/www.europesays.com\/fr\/wp-json\/wp\/v2\/categories?post=611454"},{"taxonomy":"post_tag","embeddable":true,"href":"https:\/\/www.europesays.com\/fr\/wp-json\/wp\/v2\/tags?post=611454"}],"curies":[{"name":"wp","href":"https:\/\/api.w.org\/{rel}","templated":true}]}}