{"id":61146,"date":"2025-04-29T06:37:12","date_gmt":"2025-04-29T06:37:12","guid":{"rendered":"https:\/\/www.europesays.com\/fr\/61146\/"},"modified":"2025-04-29T06:37:12","modified_gmt":"2025-04-29T06:37:12","slug":"faire-plaisir-et-montrer-quon-est-la-comment-le-club-cultive-son-ancrage-dans-le-vivier-dile-de-france","status":"publish","type":"post","link":"https:\/\/www.europesays.com\/fr\/61146\/","title":{"rendered":"\u00ab\u00a0Faire plaisir et montrer qu\u2019on est l\u00e0\u00a0\u00bb, comment le club cultive son ancrage dans le vivier d\u2019Ile-de-France"},"content":{"rendered":"<p>Ambiance des grands jours, ce mercredi de la mi-avril, au stade Didot, dans le 14e\u00a0arrondissement de Paris. Depuis la grille d\u2019entr\u00e9e de l\u2019antre du Club Athl\u00e9tique Paris 14, on per\u00e7oit en fond sonore l\u2019un des chants les plus populaires du Collectif Ultras Paris, \u00ab\u00a0Tous ensemble on chantera\u00a0\u00bb. Un peu plus loin, la mascotte du PSG Germain le Lynx esquisse quelques pas de danses avec les U11 du club, qui s\u2019appr\u00eatent \u00e0 entrer sur la pelouse. Le moment venu, les enceintes crachent le fameux \u00ab\u00a0Who Said I Would\u00a0\u00bb de Phil Collins. Ce n\u2019est pas <a href=\"https:\/\/www.20minutes.fr\/sport\/parc_des_princes\/\" target=\"_blank\" class=\"color-ultramarine c-link\" rel=\"nofollow noopener\">le Parc des Princes<\/a>, mais pour ces gamins, c\u2019est tout comme.<\/p>\n<p>Ce dispositif sp\u00e9cial n\u2019est pas l\u00e0 par hasard, bien s\u00fbr. Il a \u00e9t\u00e9 install\u00e9 dans le cadre du Club Tour Snipes, organis\u00e9 par le <a href=\"https:\/\/www.20minutes.fr\/sport\/psg\/\" target=\"_blank\" class=\"color-ultramarine c-link\" rel=\"nofollow noopener\">PSG <\/a>depuis cinq ans dans des clubs amateurs de la r\u00e9gion Ile-de-France. Ce jour-l\u00e0, deux entra\u00eenements sont pr\u00e9vus, pour les U11 puis les U13. Quelque 120 joueurs en herbe, au total, encadr\u00e9s par six \u00e9ducateurs du PSG, qui leur ont concoct\u00e9 les m\u00eames exercices que ceux effectu\u00e9s par les jeunes de leur \u00e2ge au Campus \u2013 un contre un, motricit\u00e9, explosivit\u00e9, petits matchs \u00e0 th\u00e8mes, perception visuelle. \u00ab\u00a0J\u2019adore, nous glisse Ma\u00ebl entre deux ateliers. C\u2019est un peu diff\u00e9rent de ce qu\u2019on fait d\u2019habitude, c\u2019est plus intense. C\u2019est trop bien, j\u2019aimerais que \u00e7a dure toute la journ\u00e9e\u00a0!\u00a0\u00bb<\/p>\n<p><img decoding=\"async\" alt=\"Dans cet atelier, il faut d'abord dribbler son adversaire avant d'aller marquer dans le mini but en face. \" class=\"c-img\" loading=\"lazy\" fetchpriority=\"auto\" width=\"718\"  src=\"https:\/\/www.europesays.com\/fr\/wp-content\/uploads\/2025\/04\/1745908632_69_718x0.jpeg; charset=utf-8\" \/>Dans cet atelier, il faut d&rsquo;abord dribbler son adversaire avant d&rsquo;aller marquer dans le mini but en face. \u2002-\u00a020 Minutes \/ N.CAMUS<\/p>\n<p>Chaque atelier est anim\u00e9 par un \u00e9ducateur du PSG et un du CA 14, en bin\u00f4me. Dans la matin\u00e9e, tous les encadrants s\u2019\u00e9taient r\u00e9unis pendant deux heures pour \u00e9changer sur leurs exp\u00e9riences, leurs proc\u00e9d\u00e9s, leurs \u00e9ventuelles difficult\u00e9s. \u00ab\u00a0L\u2019objectif, c\u2019est de remercier tous ces b\u00e9n\u00e9voles pour leur travail au quotidien, et de partager, nous explique Benjamin Houry, le directeur technique de la PSG Academy. On est l\u00e0 en tant que club phare de Paris, pour partager notre savoir-faire, pr\u00e9senter notre mani\u00e8re de travailler. Et pour les enfants, leur faire plaisir, montrer qu\u2019on est l\u00e0.\u00a0\u00bb<\/p>\n<p>L\u2019op\u00e9ration, dont b\u00e9n\u00e9ficieront 10 clubs amateurs pendant ces vacances de P\u00e2ques, est en r\u00e9alit\u00e9 \u00e0 double entr\u00e9e\u00a0: elle sert aussi bien \u00e0 diffuser la m\u00e9thode PSG qu\u2019\u00e0 ancrer toujours plus le club dans son territoire, qui constitue l\u2019un des viviers de footballeurs les plus importants de la plan\u00e8te. Les chiffres sont connus. Depuis des ann\u00e9es, entre 60 et 70\u00a0% des joueurs professionnels fran\u00e7ais sont issus de r\u00e9gion parisienne.<\/p>\n<p>C\u2019est le cas de <a href=\"https:\/\/www.20minutes.fr\/sport\/kylian-mbappe\/\" target=\"_blank\" class=\"color-ultramarine c-link\" rel=\"nofollow noopener\">Kylian Mbapp\u00e9<\/a>, Kingsely Coman, William Saliba, Jules Kound\u00e9, Ibrahima Konat\u00e9 ou Mike Maignan, pour ne citer que quelques internationaux actuels. Si l\u2019on \u00e9tudie les cinq grands championnats europ\u00e9ens (Angleterre, Allemagne, Espagne, France, Allemagne), 10\u00a0% des footballeurs y \u00e9voluant en sont originaires. Colossal. \u00ab\u00a0Paris et sa banlieue, premier producteur mondial de footballeurs\u00a0\u00bb, comme le titrait <a href=\"https:\/\/www.sofoot.com\/articles\/so-foot-consacre-un-numero-entier-a-paris-et-sa-banlieue\" rel=\"nofollow noopener\" target=\"_blank\" class=\"color-ultramarine c-link\">So Foot dans une \u00e9dition sp\u00e9ciale<\/a> parue en\u00a02024.<\/p>\n<p>La concurrence \u00e0 venir du Paris FC<\/p>\n<p>Pour qu\u2019un maximum de ces talents atterrissent \u00e0 Poissy plut\u00f4t qu\u2019ailleurs, le PSG prend donc soin de sa zone d\u2019influence. \u00ab\u00a0Ce Club Tour, \u00e7a renforce les liens que l\u2019on peut avoir avec les clubs de la r\u00e9gion. Parce qu\u2019on vient chez eux, sait Benjamin Houry, qui s\u2019occupe de la formation parisienne depuis 15 ans. C\u2019est une mani\u00e8re de dire que le PSG, c\u2019est vraiment le club de Paris et qu\u2019on est l\u00e0 pour \u00e9changer, pour apprendre aussi.\u00a0\u00bb Un enjeu d\u2019autant plus important avec l\u2019annonce r\u00e9cente du r<a href=\"https:\/\/www.20minutes.fr\/sport\/football\/ligue-1\/4116466-20241018-paris-fc-chemin-long-battre-psg-attelage-arnault-red-bull-puissant-juge-ferracci\" target=\"_blank\" class=\"color-ultramarine c-link\" rel=\"nofollow noopener\">achat du Paris FC par la famille Arnault<\/a>, qui ne cache pas son ambition de <a href=\"https:\/\/www.20minutes.fr\/sport\/football\/ligue_2\/4122403-20241120-rachat-paris-fc-grandes-stars-formation-temps-long-antoine-arnault-devoile-grand-projet-familial\" target=\"_blank\" class=\"color-ultramarine c-link\" rel=\"nofollow noopener\">puiser dans la richesse locale gr\u00e2ce au savoir-faire de Red Bull<\/a> dans la d\u00e9tection.<\/p>\n<p>Mais le PSG dispose d\u2019un temps d\u2019avance, qu\u2019il compte bien continuer \u00e0 cultiver. Au CA 14, 90\u00a0% des gamins sont originaires de Paris, et supportent le PSG, nous glisse Benoit Ledet, le directeur technique du club. \u00ab\u00a0Pour eux, c\u2019est vraiment un r\u00eave \u00e9veill\u00e9 cette journ\u00e9e. Elle va les marquer \u00e0 vie\u00a0\u00bb, projette-t-il.<\/p>\n<p>Pour lui, c\u2019est clair, cette exp\u00e9rience va encore renforcer la volont\u00e9 de ces jeunes pousses de signer un jour chez le champion de France. \u00ab\u00a0On le voit, encore plus cette ann\u00e9e, leur politique est d\u2019amener une majorit\u00e9 de joueurs en \u00e9quipe premi\u00e8re issus du vivier parisien. Donc c\u2019est tout dans leur int\u00e9r\u00eat, d\u00e9j\u00e0, de fid\u00e9liser nos clubs, poursuit l\u2019\u00e9ducateur. Ce genre de journ\u00e9e montre que le PSG est attach\u00e9 \u00e0 ces jeunes de la r\u00e9gion. Ce n\u2019est pas seulement l\u2019image d\u2019un club lointain qui joue au Parc des Princes, c\u2019est vraiment le PSG qui vient jusqu\u2019\u00e0 vous, qui est attach\u00e9 \u00e0 vous. Je pense que le message est hyper important.\u00a0\u00bb<\/p>\n<p><img decoding=\"async\" alt=\"Il n'y a pas d'\u00e2ge pour s'instruire au Lucho ball. \" class=\"c-img\" loading=\"lazy\" fetchpriority=\"auto\" width=\"718\"  src=\"https:\/\/www.europesays.com\/fr\/wp-content\/uploads\/2025\/04\/1745908632_441_718x0.jpeg; charset=utf-8\" \/>Il n&rsquo;y a pas d&rsquo;\u00e2ge pour s&rsquo;instruire au Lucho ball. \u2002-\u00a020 Minutes \/ N.CAMUS<\/p>\n<p>Il trouve une r\u00e9sonance chez les enfants\u2026 m\u00eame ceux dont le c\u0153ur bat pour le grand rival. Malchance ou flair incomparable, les deux premiers apprentis footballeurs que l\u2019on approche cet apr\u00e8s-midi-l\u00e0 sont pour l\u2019OM. Mais Wa\u00efs l\u2019admet, cette journ\u00e9e le fait se sentir \u00ab\u00a0un peu plus proche qu\u2019avant du PSG\u00a0\u00bb. Parce qu\u2019il va repartir avec un maillot et une gourde, comme tous ses camarades, mais pas que. \u00ab\u00a0Franchement, on a de la chance. Pas tous les enfants ont cette opportunit\u00e9, reconna\u00eet-il. Mon r\u00eave c\u2019est devenir joueur professionnel, et bon, m\u00eame si c\u2019est \u00e0 Paris c\u2019est pas grave.\u00a0\u00bb<\/p>\n<p>\u00ab\u00a0Aller au PSG pour gagner plein de trucs, et puis jouer \u00e0 l\u2019OM \u00e0 la fin\u00a0\u00bb<\/p>\n<p>Ziyad, dont la famille a d\u00e9m\u00e9nag\u00e9 depuis les Bouches-du-Rh\u00f4ne avant sa naissance, est lui aussi pr\u00eat \u00e0 se faire une raison. S\u2019il avait le choix, il prendrait le centre de formation de l\u2019OM, m\u00eame s\u2019il fera attention \u00e0 \u00ab\u00a0qui sera le plus fort \u00e0 ce moment-l\u00e0\u00a0\u00bb. \u00ab\u00a0Dans tous les cas si je suis pro je suis content\u00a0\u00bb, ajoute-t-il en rigolant, se rappelant les paroles de son p\u00e8re, qui r\u00e9p\u00e8te que \u00ab\u00a0comme on habite ici, il faut aussi aimer Paris\u00a0\u00bb.<\/p>\n<p>Tout \u00e7a fait sourire Griedge Mbock, venue rendre visite aux enfants pour \u00e9changer un peu et participer aux ateliers avec eux. La d\u00e9fenseuse aux 73 s\u00e9lections en \u00e9quipe de France, qui a tout gagn\u00e9 en neuf saisons \u00e0 l\u2019OL avant de signer \u00e0 Paris l\u2019\u00e9t\u00e9 dernier, note \u00ab\u00a0l\u2019int\u00e9r\u00eat, les sourires et l\u2019enthousiasme\u00a0\u00bb de ces m\u00f4mes qui lui rappellent les bons souvenirs de ses premi\u00e8res ann\u00e9es de foot dans le Finist\u00e8re. Pour \u00eatre pass\u00e9e par l\u00e0, elle sait qu\u2019une telle journ\u00e9e peut forger des convictions. \u00ab\u00a0\u00c7a leur permet de voir comment les jeunes du PSG s\u2019entra\u00eenent au Campus. Ils peuvent y prendre go\u00fbt gr\u00e2ce \u00e0 \u00e7a\u00a0\u00bb, estime-t-elle.<\/p>\n<p><a href=\"https:\/\/www.20minutes.fr\/sport\/psg\/\" target=\"_blank\" class=\"c-link c-btn c-btn--primary\" rel=\"nofollow noopener\">Toute l&rsquo;actualit\u00e9 du PSG<\/a><\/p>\n<p>Pour poursuivre l\u2019exp\u00e9rience, un grand tournoi r\u00e9unissant 24 \u00e9quipes U11 et U13 issues de toute l\u2019Ile-de-France a \u00e9t\u00e9 organis\u00e9 le 27\u00a0avril au <a href=\"https:\/\/www.20minutes.fr\/videos\/4044556-20230706-psg-decouvrez-nouveau-centre-entrainement-club\" target=\"_blank\" class=\"color-ultramarine c-link\" rel=\"nofollow noopener\">centre d\u2019entra\u00eenement de Poissy<\/a>. Toujours pour \u00ab\u00a0valoriser les jeunes talents franciliens et illustrer l\u2019engagement local du PSG aupr\u00e8s des futures g\u00e9n\u00e9rations de joueurs\u00a0\u00bb, comme le vante le club. Peut-\u00eatre cette comp\u00e9tition, disput\u00e9e l\u00e0 o\u00f9 les pros suent chaque jour pour remporter la Ligue des champions, a-t-elle achev\u00e9 de convaincre le petit Wa\u00efs sur son plan de carri\u00e8re\u00a0: \u00ab\u00a0aller au PSG pour gagner plein de trucs, et puis jouer \u00e0 l\u2019OM \u00e0 la fin\u00a0\u00bb. On peut \u00eatre \u00e9tonnamment pragmatique \u00e0 11 ans.<\/p>\n","protected":false},"excerpt":{"rendered":"Ambiance des grands jours, ce mercredi de la mi-avril, au stade Didot, dans le 14e\u00a0arrondissement de Paris. Depuis&hellip;\n","protected":false},"author":2,"featured_media":61147,"comment_status":"","ping_status":"","sticky":false,"template":"","format":"standard","meta":{"footnotes":""},"categories":[1592],"tags":[1111,11,1777,674,63,1119,1011,27,662,66,447,12,626,2332,25,517],"class_list":{"0":"post-61146","1":"post","2":"type-post","3":"status-publish","4":"format-standard","5":"has-post-thumbnail","7":"category-ile-de-france","8":"tag-actu","9":"tag-actualites","10":"tag-eu","11":"tag-europe","12":"tag-football","13":"tag-formation","14":"tag-fr","15":"tag-france","16":"tag-ile-de-france","17":"tag-ligue-1","18":"tag-ligue-des-champions","19":"tag-news","20":"tag-paris","21":"tag-paris-saint-germain-psg","22":"tag-republique-francaise","23":"tag-sport"},"share_on_mastodon":{"url":"https:\/\/pubeurope.com\/@fr\/114419875394173050","error":""},"_links":{"self":[{"href":"https:\/\/www.europesays.com\/fr\/wp-json\/wp\/v2\/posts\/61146","targetHints":{"allow":["GET"]}}],"collection":[{"href":"https:\/\/www.europesays.com\/fr\/wp-json\/wp\/v2\/posts"}],"about":[{"href":"https:\/\/www.europesays.com\/fr\/wp-json\/wp\/v2\/types\/post"}],"author":[{"embeddable":true,"href":"https:\/\/www.europesays.com\/fr\/wp-json\/wp\/v2\/users\/2"}],"replies":[{"embeddable":true,"href":"https:\/\/www.europesays.com\/fr\/wp-json\/wp\/v2\/comments?post=61146"}],"version-history":[{"count":0,"href":"https:\/\/www.europesays.com\/fr\/wp-json\/wp\/v2\/posts\/61146\/revisions"}],"wp:featuredmedia":[{"embeddable":true,"href":"https:\/\/www.europesays.com\/fr\/wp-json\/wp\/v2\/media\/61147"}],"wp:attachment":[{"href":"https:\/\/www.europesays.com\/fr\/wp-json\/wp\/v2\/media?parent=61146"}],"wp:term":[{"taxonomy":"category","embeddable":true,"href":"https:\/\/www.europesays.com\/fr\/wp-json\/wp\/v2\/categories?post=61146"},{"taxonomy":"post_tag","embeddable":true,"href":"https:\/\/www.europesays.com\/fr\/wp-json\/wp\/v2\/tags?post=61146"}],"curies":[{"name":"wp","href":"https:\/\/api.w.org\/{rel}","templated":true}]}}