{"id":611462,"date":"2025-12-20T09:49:16","date_gmt":"2025-12-20T09:49:16","guid":{"rendered":"https:\/\/www.europesays.com\/fr\/611462\/"},"modified":"2025-12-20T09:49:16","modified_gmt":"2025-12-20T09:49:16","slug":"je-ne-metais-jamais-imagine-quitter-toulon-david-gerard-se-confie-avant-ubb","status":"publish","type":"post","link":"https:\/\/www.europesays.com\/fr\/611462\/","title":{"rendered":"\u00ab Je ne m\u2019\u00e9tais jamais imagin\u00e9 quitter Toulon \u00bb : David G\u00e9rard se confie avant UBB"},"content":{"rendered":"<p class=\"fs-5 \">De B\u00e8gles-Bordeaux au Portugal en passant par Toulouse, Northampton, le Racing, Marseille, B\u00e9ziers, Lyon ou Montauban, David G\u00e9rard a parcouru bien du chemin depuis ses jeunes ann\u00e9es varoises. Amoureux de la grande bleue et de sa ville de Toulon, l\u2019actuel s\u00e9lectionneur de la Roumanie (48 ans, 1 cape avec le XV de France) a accept\u00e9 de se confier, face \u00e0 la mer du Mourillon, sur cette p\u00e9riode de sa vie et son d\u00e9part presque \u00ab essentiel \u00bb vers le CABBG, en Gironde, \u00e0 l\u2019\u00e9t\u00e9 1997.<\/p>\n<p class=\"fs-5 \"><strong>Comment \u00eates-vous tomb\u00e9 dans la marmite ovale ?<\/strong><\/p>\n<p class=\"fs-5 \">Parce que j\u2019\u00e9tais gros ! Quand ils m\u2019ont vu, ils m\u2019ont dit \u00ab Toi, tu ne peux pas faire du foot \u00bb (rires). Mon p\u00e8re et mes oncles avaient tous jou\u00e9 \u00e0 Toulon. Ils ont m\u00eame connu la premi\u00e8re division \u00e0 Mandelieu, lors de la grosse \u00e9pop\u00e9e. Quand tu es issu de ce genre de famille, tu n\u2019as pas forc\u00e9ment le choix. Et puis, le choix, je ne l\u2019avais m\u00eame pas demand\u00e9. J\u2019\u00e9tais tellement amoureux du sport, de mes oncles et de mon p\u00e8re, que \u00e7a a \u00e9t\u00e9 facile d\u2019y aller.<\/p>\n<p class=\"fs-5 \"><strong>Vous d\u00e9butez donc au RCT \u00e0 l\u2019\u00e2ge de 5 ans\u2026<\/strong><\/p>\n<p class=\"fs-5 \">J\u2019y ai fait toutes mes classes. J\u2019avais eu les premiers coups de t\u00e9l\u00e9phone de Toulouse \u00e0 mes 14 ans, puis d\u2019autres lors des ann\u00e9es qui ont suivi, mais je n\u2019avais aucune intention de partir. Chez les jeunes, j\u2019ai d\u00e9but\u00e9 avec Guillaume Delmotte et Pierre Mignoni. On avait \u00ab D\u00e9d\u00e9 \u00bb Mignoni, le p\u00e8re de Pierre, qui nous entra\u00eenait. Je ne m\u2019\u00e9tais jamais imagin\u00e9 quitter Toulon.<\/p>\n<p class=\"fs-5 \"><strong>De quoi r\u00eaviez-vous ?<\/strong><\/p>\n<p class=\"fs-5 \">Du bouclier de Brennus. J\u2019\u00e9tais au stade quand les Toulonnais l\u2019ont gagn\u00e9 contre le Racing (1987) et contre Biarritz (1992). En les regardant, je me suis dit que c\u2019est ce que je voulais faire de ma vie. Je voyais les gens pleurer, hurler\u2026 Et mon p\u00e8re passait son temps \u00e0 me dire que pour le toucher, il fallait le m\u00e9riter. C\u2019\u00e9tait le troph\u00e9e ultime. Celui qui faisait la vie d\u2019un rugbyman de haut niveau. J\u2019\u00e9tais obnubil\u00e9 par \u00e7a.<\/p>\n<p class=\"fs-5 \"><strong>Vous int\u00e9grez finalement assez t\u00f4t la premi\u00e8re du RCT\u2026<\/strong><\/p>\n<p class=\"fs-5 \">J\u2019\u00e9tais encore un junior ! C\u2019\u00e9tait contre Dijon. J\u2019\u00e9tais rentr\u00e9 un quart d\u2019heure et j\u2019avais p\u00e9t\u00e9 les c\u00f4tes de Michel P\u00e9ri\u00e9 qui, pour rappel, \u00e9tait mon pilier gauche ! (rires) Michel s\u2019est trouv\u00e9 au mauvais endroit, au mauvais moment\u2026 Je ne l\u2019avais pas fait expr\u00e8s. On en avait rigol\u00e9 apr\u00e8s coup. C\u2019\u00e9tait une sacr\u00e9e \u00e9poque. Moi, j\u2019\u00e9tais un gamin au milieu de ces mecs-l\u00e0. Comba, Dominici\u2026 Tu les regardes, et tu te dis : \u00ab Mais qu\u2019est-ce que je fais l\u00e0 ? \u00bb.<\/p>\n<p class=\"fs-5 \"><strong>Alors, qu\u2019est-ce qui vous am\u00e8ne \u00e0 partir ?<\/strong><\/p>\n<p class=\"fs-5 \">Il y avait deux raisons. D\u2019abord, c\u2019\u00e9tait compliqu\u00e9 niveau rugby. Je ne me sentais pas aid\u00e9, mais plut\u00f4t d\u00e9nigr\u00e9. Il y avait eu des discours qui ne m\u2019avaient pas forc\u00e9ment plu et des choix de dirigeants qui \u00e9taient plus port\u00e9s sur le fait de signer un deuxi\u00e8me ligne \u00e9tranger de 35 ans, plut\u00f4t que d\u2019utiliser le capitaine de l\u2019\u00e9quipe de France juniors. Puis, il faut savoir que je suis issu d\u2019une famille tr\u00e8s modeste. Et je savais que si je voulais l\u2019aider, il fallait que je parte. \u00c0 Toulon, je vivais aux crochets de maman. Elle faisait tout pour moi. Le peu d\u2019argent qu\u2019elle avait, elle me le donnait. Je ne supportais plus cette situation. Je me disais que j\u2019\u00e9tais un poids pour ma famille. Je suis donc parti loin expr\u00e8s, pour ne pas avoir envie de vite revenir.<\/p>\n<p class=\"fs-5 \"><strong>Pourquoi B\u00e8gles-Bordeaux ?<\/strong><\/p>\n<p class=\"fs-5 \">Toutes les plan\u00e8tes \u00e9taient align\u00e9es pour que j\u2019aille \u00e0 Toulouse. Mais, avec les jeunes du RCT, on fait la demi-finale du championnat Reichel. Et on prend B\u00e8gles-Bordeaux, qui \u00e9tait invaincu et avait la plus grosse \u00e9quipe de la comp\u00e9tition. Sauf qu\u2019on r\u00e9alise un match dantesque. Avec la finale du Top 16, c\u2019est s\u00fbrement le match dont je me souviendrai le plus durant toute ma vie. C\u2019\u00e9tait l\u2019arch\u00e9type du courage. On avait d\u00e9fendu comme des chiens de la casse. Pour vous dire, on avait tous fini en larmes. L\u2019entra\u00eeneur de B\u00e8gles \u00e9tait l\u00e0. Le club m\u2019a contact\u00e9 et il y a eu un flash entre nous.<\/p>\n<p class=\"fs-5 \"><strong>Comment avez-vous v\u00e9cu ce d\u00e9part ?<\/strong><\/p>\n<p class=\"fs-5 \">J\u2019ai d\u00e9j\u00e0 appris \u00e0 cuisiner et \u00e0 faire un lit. Tout \u00e7a, c\u2019\u00e9tait l\u2019inconnu pour moi. J\u2019ai d\u00fb grandir tr\u00e8s vite, parce que je ne savais rien faire. Je me suis aper\u00e7u que j\u2019\u00e9tais un gamin. Sur les trois premiers mois, j\u2019ai fait comme une d\u00e9pression. Parce que j\u2019\u00e9tais seul et que, tous les soirs, je regardais la cassette de la finale Reichel qu\u2019on venait de remporter avec Toulon. \u00c0 B\u00e8gles, j\u2019arrivais dans un club o\u00f9 presque personne ne me parlait. Certains ne me disaient pas bonjour. Parce que j\u2019\u00e9tais un Toulonnais, parce que j\u2019\u00e9tais un gamin, parce que je ne les int\u00e9ressais pas. J\u2019\u00e9tais avec des papas qui avaient le double de mon \u00e2ge. Et ces mecs-l\u00e0, je n\u2019\u00e9tais rien pour eux. On me voyait juste comme un concurrent, alors que j\u2019\u00e9tais un jeune.<\/p>\n<p class=\"fs-5 \"><strong>Et sur le terrain ?<\/strong><\/p>\n<p class=\"fs-5 \">Il y a eu des blessures \u00e0 mon poste et j\u2019ai tout de suite commenc\u00e9 \u00e0 jouer. C\u2019est ce qui m\u2019a mis le pied \u00e0 l\u2019\u00e9trier. Mais \u00e7a a \u00e9t\u00e9 tr\u00e8s dur. Au d\u00e9but, j\u2019en ai chi\u00e9 comme jamais. Le nombre de fois o\u00f9 j\u2019ai appel\u00e9 ma m\u00e8re en pleine nuit parce que je voulais rentrer \u00e0 la maison\u2026 J\u2019ai switch\u00e9 le jour o\u00f9 j\u2019ai compris que je n\u2019avais pas d\u2019autre choix que d\u2019\u00e9voluer.<\/p>\n<p class=\"fs-5 \"><strong>\u00c9tait-ce si dur que \u00e7a ?<\/strong><\/p>\n<p class=\"fs-5 \">Je n\u2019\u00e9tais pas pr\u00eat pour jouer \u00e0 ce niveau-l\u00e0. Je me retrouve titulaire au premier match de championnat, \u00e0 Auch. C\u2019\u00e9tait l\u2019enfer. Je me dis \u00ab Qu\u2019est-ce que je branle l\u00e0 ? \u00bb. Puis, je me retrouve \u00e0 Dax en train de me choper avec Pascal B\u00e9raud, que je regardais \u00e0 la t\u00e9l\u00e9. Tout le monde l\u2019appelait Guy Degrenne parce qu\u2019il mettait des fourchettes qui t\u2019arrachaient les yeux. Quand je lui foutais des taquets, j\u2019avais l\u2019impression de frapper du fer forg\u00e9. Mais lui, d\u00e8s qu\u2019il frappait, il faisait mal, ce con (il \u00e9clate de rire) ! Je n\u2019\u00e9tais pas invit\u00e9. D\u2019ailleurs, j\u2019ai vu la diff\u00e9rence quand je suis all\u00e9 en \u00e9quipe de France U20. J\u2019avais l\u2019impression de jouer avec des enfants. Tous ces coups pris en peu de temps m\u2019avaient fait grandir.<\/p>\n<p class=\"fs-5 \"><strong>Et votre retour \u00e0 Mayol ?<\/strong><\/p>\n<p class=\"fs-5 \">\u00c7a avait \u00e9t\u00e9 un moment assez compliqu\u00e9. En entrant sur la pelouse pour m\u2019\u00e9chauffer, je m\u2019\u00e9tais fait insulter par toute une tribune. Qu\u2019on se fasse huer parce qu\u2019on \u00e9tait B\u00e8gles, \u00e7a avait du sens. Mais se faire insulter comme \u00e7a alors que j\u2019\u00e9tais plus toulonnais que 99 % des gens de la tribune\u2026 \u00c7a m\u2019avait fait beaucoup de mal. J\u2019\u00e9tais \u00ab G\u00e9rard le tra\u00eetre \u00bb, le capitaine des Juniors qui s\u2019\u00e9tait barr\u00e9. \u00c0 la fin, m\u00eame si on avait gagn\u00e9 le match, je ne ressentais pas d\u2019esprit de revanche. J\u2019\u00e9tais juste triste d\u2019avoir v\u00e9cu \u00e7a alors que j\u2019avais fait venir toute ma famille.<\/p>\n<p class=\"fs-5 \"><strong>Auriez-vous pu revenir au RCT ?<\/strong><\/p>\n<p class=\"fs-5 \">J\u2019aurais pu. On m\u2019avait appel\u00e9 \u00e0 deux reprises, mais ce n\u2019\u00e9tait jamais le bon moment. Les deux fois, j\u2019\u00e9tais \u00e0 Toulouse\u2026 Ce n\u2019est pas simple d\u2019en partir quand tu joues.<\/p>\n<p class=\"fs-5 \"><strong>Quelles attaches avez-vous encore avec Toulon ?<\/strong><\/p>\n<p class=\"fs-5 \">Elles sont nombreuses. D\u00e9j\u00e0, je m\u2019y sens \u00e0 la maison. On pense parfois qu\u2019on laisse tout derri\u00e8re quand on part \u00ab faire sa vie \u00bb ailleurs. Mais, moi, je n\u2019ai jamais oubli\u00e9. Je suis toujours revenu ici plusieurs fois par an. C\u2019est comme un rituel. Apr\u00e8s, mes attaches sont aussi li\u00e9es au RCT. Il n\u2019y a pas longtemps, on a c\u00e9l\u00e9br\u00e9 l\u2019\u00e9ducateur Alain Crespo. Je fais partie de ses gamins. Et puis, quand je vois Pierre (Mignoni) entra\u00eener ici, \u00e7a me touche beaucoup. Parce que je mesure \u00e0 quel point c\u2019est important pour lui et que je sais les sacrifices qu\u2019il a faits pour en arriver l\u00e0. [\u2026] Aujourd\u2019hui, je suis tellement heureux de voir ce RCT. Apr\u00e8s, c\u2019est s\u00fbr que je voudrais le voir encore plus haut. Cette ville, qui reste une petite ville, m\u00e9rite un club diff\u00e9rent. J\u2019aimerais que Toulon devienne une anomalie et qu\u2019on se redise \u00ab Mais comment font-ils ? \u00bb.<\/p>\n<p class=\"fs-5 \"><strong>Comment analysez-vous l\u2019opposition de dimanche ?<\/strong><\/p>\n<p class=\"fs-5 \">Le RCT devra mettre une pression exacerb\u00e9e sur les Bordelais. Il faut leur sauter \u00e0 la gorge et les emp\u00eacher de d\u00e9velopper leur jeu de vitesse et de contournement. Sinon, tu ne fais plus que leur courir apr\u00e8s et \u00e7a devient tr\u00e8s compliqu\u00e9. Leur ligne de trois-quarts va \u00e0 2000 \u00e0 l\u2019heure, donc il ne faut pas la nourrir de munitions. Ce sera un match de conqu\u00eate et de rucks, o\u00f9 il s\u2019agira de ralentir les ballons au maximum et de leur opposer un style. Tu ne peux pas leur ressembler. Il ne faut pas. Si tu veux faire du Bordeaux, ils seront meilleurs que toi. Donc, il faut accepter ce que Toulon est. C\u2019est ce style-l\u00e0 qui peut gagner. Mais il va falloir faire un match dantesque.<\/p>\n<p class=\"fs-5 \"><strong>Vous connaissez tr\u00e8s bien les deux coachs, Pierre Mignoni et Yannick Bru. Qu\u2019est-ce qui les rapproche et qu\u2019est-ce qui les s\u00e9pare ?<\/strong><\/p>\n<p class=\"fs-5 \">Pierre et Yannick sont s\u00fbrement deux des plus gros bosseurs du championnat de France. Ils ont une \u00e9norme capacit\u00e9 \u00e0 g\u00e9n\u00e9rer du travail. Et ce sont deux fins tacticiens, vraiment. Ce qui les s\u00e9pare, je pense que c\u2019est leur identit\u00e9 propre. Celle que Yannick essaie de mettre en place \u00e0 Bordeaux, avec les joueurs qu\u2019il a. Et l\u2019identit\u00e9 toulonnaise de Pierre avec son effectif. Ce ne sont pas les m\u00eames joueurs et ce n\u2019est pas la m\u00eame vision du rugby. Pierre a une vision de combat et de pression, de jeu direct et d\u2019alternance avec du jeu en contournement. Bordeaux est plus ax\u00e9 sur du jeu debout, de la vitesse. \u00c7a ressemble un peu aux Toulousains, d\u2019ailleurs. Dans le staff, il y a plusieurs mecs pass\u00e9s par Toulouse. Ce n\u2019est pas un hasard\u2026 Mais on sent que Yannick a cette culture du jeu, qui est d\u2019ailleurs \u00e9tonnante pour un entra\u00eeneur ayant jou\u00e9 devant.<\/p>\n","protected":false},"excerpt":{"rendered":"De B\u00e8gles-Bordeaux au Portugal en passant par Toulouse, Northampton, le Racing, Marseille, B\u00e9ziers, Lyon ou Montauban, David G\u00e9rard&hellip;\n","protected":false},"author":2,"featured_media":611463,"comment_status":"","ping_status":"","sticky":false,"template":"","format":"standard","meta":{"footnotes":""},"categories":[9619],"tags":[1111,11,1777,674,1011,27,12,882,3461,25,2310],"class_list":{"0":"post-611462","1":"post","2":"type-post","3":"status-publish","4":"format-standard","5":"has-post-thumbnail","7":"category-toulon","8":"tag-actu","9":"tag-actualites","10":"tag-eu","11":"tag-europe","12":"tag-fr","13":"tag-france","14":"tag-news","15":"tag-provence-alpes-cote-dazur","16":"tag-rct","17":"tag-republique-francaise","18":"tag-toulon"},"share_on_mastodon":{"url":"https:\/\/pubeurope.com\/@fr\/115751274574182875","error":""},"_links":{"self":[{"href":"https:\/\/www.europesays.com\/fr\/wp-json\/wp\/v2\/posts\/611462","targetHints":{"allow":["GET"]}}],"collection":[{"href":"https:\/\/www.europesays.com\/fr\/wp-json\/wp\/v2\/posts"}],"about":[{"href":"https:\/\/www.europesays.com\/fr\/wp-json\/wp\/v2\/types\/post"}],"author":[{"embeddable":true,"href":"https:\/\/www.europesays.com\/fr\/wp-json\/wp\/v2\/users\/2"}],"replies":[{"embeddable":true,"href":"https:\/\/www.europesays.com\/fr\/wp-json\/wp\/v2\/comments?post=611462"}],"version-history":[{"count":0,"href":"https:\/\/www.europesays.com\/fr\/wp-json\/wp\/v2\/posts\/611462\/revisions"}],"wp:featuredmedia":[{"embeddable":true,"href":"https:\/\/www.europesays.com\/fr\/wp-json\/wp\/v2\/media\/611463"}],"wp:attachment":[{"href":"https:\/\/www.europesays.com\/fr\/wp-json\/wp\/v2\/media?parent=611462"}],"wp:term":[{"taxonomy":"category","embeddable":true,"href":"https:\/\/www.europesays.com\/fr\/wp-json\/wp\/v2\/categories?post=611462"},{"taxonomy":"post_tag","embeddable":true,"href":"https:\/\/www.europesays.com\/fr\/wp-json\/wp\/v2\/tags?post=611462"}],"curies":[{"name":"wp","href":"https:\/\/api.w.org\/{rel}","templated":true}]}}