{"id":611466,"date":"2025-12-20T09:51:25","date_gmt":"2025-12-20T09:51:25","guid":{"rendered":"https:\/\/www.europesays.com\/fr\/611466\/"},"modified":"2025-12-20T09:51:25","modified_gmt":"2025-12-20T09:51:25","slug":"faut-il-avoir-peur-du-manque-deau-le-face-a-face-facon-controverse-de-deux-chercheurs-montpellierains","status":"publish","type":"post","link":"https:\/\/www.europesays.com\/fr\/611466\/","title":{"rendered":"Faut-il avoir peur du manque d\u2019eau\u00a0? Le face-\u00e0-face fa\u00e7on controverse de deux chercheurs montpelli\u00e9rains"},"content":{"rendered":"<p>\n                                                                La R\u00e9gion Occitanie vient d\u2019obtenir le statut de territoire d\u2019exp\u00e9rimentation sur la gestion des ressources en eau, dans un contexte de\u00a0d\u00e9r\u00e8glement climatique.\u00a0Eric Servat et Olivier H\u00e9brard livrent leur point de vue, l\u2019un confiant dans l\u2019innovation, l\u2019autre inquiet qu\u2019on attende toujours plus des technologies.\n                            <\/p>\n<blockquote><p>\n\u00ab\u00a0La vision dominante consiste essentiellement \u00e0 aller prospecter toujours plus loin ou plus profond, ou avec plus de technologies\u00a0\u00bb<\/p>\n<p>        <img decoding=\"async\" class=\"std-img__img responsive-img\" src=\"https:\/\/www.europesays.com\/fr\/wp-content\/uploads\/2025\/12\/1766224278_309_image.jpg\" alt=\"Olivier H\u00e9brard.\"\/><\/p>\n<p>                Olivier H\u00e9brard.<\/p>\n<\/blockquote>\n<p><strong>La tribune d\u2019Olivier H\u00e9brard, docteur en sciences de l\u2019eau, agro\u00e9cologiste\u00a0:<\/strong> Oui, il faut s\u2019inqui\u00e9ter du manque d\u2019eau, qui pourrait concerner de plus en plus de territoires. Plus encore, il faut s\u2019inqui\u00e9ter des vagues de chaleurs \u00e0 venir qui vont avoir des effets de plus en plus d\u00e9l\u00e9t\u00e8res sur les cultures et nos milieux naturels. Et il est temps de cesser d\u2019arrondir les angles\u00a0! Bien souvent sous pr\u00e9texte de sauvegarde des emplois ou de l\u2019\u00e9conomie locale, face au manque d\u2019eau, la vision dominante consiste essentiellement \u00e0 aller prospecter toujours plus loin ou plus profond, ou avec plus de technologies pour trouver de nouvelles ressources, sans n\u00e9cessairement remettre en question le fonctionnement de nos syst\u00e8mes urbains et agricoles qui font trop souvent partie du probl\u00e8me.<\/p>\n<p>Repensons plut\u00f4t les paysages de mani\u00e8re \u00e0 ralentir les cycles de l\u2019eau douce. Par cette approche que l\u2019on appelle aujourd\u2019hui hydrologie r\u00e9g\u00e9n\u00e9rative, l\u2019eau doit \u00eatre ralentie dans les paysages, \u00e0 la fois par une meilleure gestion des sols et de la v\u00e9g\u00e9tation, notamment via l\u2019agro\u00e9cologie et l\u2019agroforesterie, mais aussi par la mise en place d\u2019am\u00e9nagements adapt\u00e9s. Cette solution \u00e9prouv\u00e9e permet d\u2019optimiser les ressources en eau au b\u00e9n\u00e9fice des sols, de la v\u00e9g\u00e9tation, des cultures mais aussi de la recharge des aquif\u00e8res et du soutien des d\u00e9bits d\u2019\u00e9tiages des sources et des cours d\u2019eau. Faut-il rappeler que favoriser l\u2019infiltration de l\u2019eau dans les aquif\u00e8res est la meilleure mani\u00e8re de stocker de grandes quantit\u00e9s d\u2019eau et de qualit\u00e9\u00a0?<\/p>\n<p>        <img decoding=\"async\" class=\"std-img__img responsive-img\" src=\"https:\/\/www.europesays.com\/fr\/wp-content\/uploads\/2025\/12\/1766224280_733_image.png\" alt=\"Les donn\u00e9es.\"\/><\/p>\n<p>Les changements climatiques se caract\u00e9risent par une augmentation de la variabilit\u00e9 des pr\u00e9cipitations, \u00e0 la fois g\u00e9ographique mais aussi entre les ann\u00e9es, avec une augmentation des \u00e9v\u00e8nements pluvieux extr\u00eames.<br \/>Les temp\u00e9ratures montrent quant \u00e0 elles une augmentation progressive et g\u00e9n\u00e9ralis\u00e9e, avec une acc\u00e9l\u00e9ration inqui\u00e9tante depuis le milieu des ann\u00e9es 2010. Par exemple, \u00e0 la station m\u00e9t\u00e9orologique de N\u00eemes-Garons, comme sur bien d\u2019autres stations, s\u2019il \u00e9tait courant avant les ann\u00e9es 1960-1970 que les temp\u00e9ratures ne d\u00e9passent pas les 35 degr\u00e9s certaines ann\u00e9es, aujourd\u2019hui le nombre de jours pour lesquels la temp\u00e9rature de 35\u00b0 est d\u00e9pass\u00e9e semble s\u2019envoler (28 jours en 2022 et 30 jours en 2025).<\/p>\n<p><a href=\"https:\/\/www.midilibre.fr\/actu\/societe\/lignes-ouvertes\/\" target=\"_self\" rel=\"noopener\">Retrouvez toutes les chroniques de Lignes ouvertes par ici<\/a><\/p>\n<p>Cette augmentation des temp\u00e9ratures se traduit par une augmentation de l\u2019\u00e9vapotranspiration, c\u2019est-\u00e0-dire de l\u2019\u00e9vaporation des sols et de la transpiration des v\u00e9g\u00e9taux\u00a0; soit autant d\u2019eau qui repart dans l\u2019atmosph\u00e8re et ne peut profiter directement \u00e0 la recharge des nappes dans les aquif\u00e8res. Sans parler des pointes thermiques des vagues de chaleurs estivales qui engendrent de plus en plus de d\u00e9g\u00e2ts sur les for\u00eats et sur les cultures en raison du d\u00e9passement de certains seuils physiologiques des v\u00e9g\u00e9taux. Ainsi, l\u2019augmentation globale de l\u2019\u00e9vapotranspiration, coupl\u00e9e \u00e0 l\u2019augmentation de la fr\u00e9quence des \u00e9v\u00e9nements pluvieux extr\u00eames qui favorisent le ruissellement au d\u00e9triment de l\u2019infiltration, de surcro\u00eet sur des sols souvent appauvris par plus de 2000 ans d\u2019histoire d\u2019occupation des sols, engendre in\u00e9vitablement une moindre recharge de bon nombre d\u2019aquif\u00e8res. L\u2019importante diversit\u00e9 de la g\u00e9ologie et des sols \u00e0 l\u2019\u00e9chelle du Languedoc-Roussillon se traduit par une importante variabilit\u00e9 de l\u2019amplitude de cette diminution de la recharge des aquif\u00e8res, ce qui a et aura localement des impacts de plus en plus marqu\u00e9s sur les ressources en eau souterraine et sur de nombreuses sources et cours d\u2019eau.<\/p>\n<blockquote><p>\n\u00ab\u00a0La technologie permettra d\u2019utiliser chaque goutte d\u2019eau de mani\u00e8re optimale, allant ainsi vers l\u2019in\u00e9luctable sobri\u00e9t\u00e9\u00a0\u00bb\n<\/p><\/blockquote>\n<p>        <img decoding=\"async\" class=\"std-img__img responsive-img\" src=\"https:\/\/www.europesays.com\/fr\/wp-content\/uploads\/2025\/12\/1766224285_928_image.jpg\" alt=\"Eric Servat.\"\/><\/p>\n<p>                Eric Servat.<br \/>\n                                    Midi Libre &#8211; MICHAEL ESDOURRUBAILH<\/p>\n<p>Que nous dit la science\u00a0? Que le changement climatique d\u00e9r\u00e8gle en profondeur le cycle de l\u2019eau, g\u00e9n\u00e9rant ainsi une forte irr\u00e9gularit\u00e9 des pr\u00e9cipitations\u00a0; que dans notre r\u00e9gion le risque num\u00e9ro\u00a01 est d\u00e9sormais celui que repr\u00e9sente la s\u00e9cheresse combin\u00e9e aux fortes chaleurs, ce qui r\u00e9duit la disponibilit\u00e9 des ressources en eau.<br \/>Faut-il avoir peur\u00a0? Non, parce que si la peur est une \u00e9motion puissante, un signal d\u2019alarme, elle ne doit \u00eatre que temporaire. S\u2019attarder sur la peur conduit au d\u00e9sespoir et \u00e0 l\u2019abandon. Elle ne doit servir qu\u2019\u00e0 nous stimuler pour trouver une issue et agir.<\/p>\n<p>Peut-on \u00eatre inquiet\u00a0? Oui, car il va falloir changer habitudes et pratiques, et qu\u2019il n\u2019est jamais simple de s\u2019adapter. Mais la nouvelle donne du climat n\u2019est ni la fin du monde ni la fin de l\u2019humanit\u00e9. Elle est le changement, la transformation, et donc l\u2019action. Ce ne peut \u00eatre une raison de d\u00e9sesp\u00e9rer, mais une invitation \u00e0 aller de l\u2019avant, \u00e0 d\u00e9passer nos erreurs pass\u00e9es, \u00e0 am\u00e9liorer nos relations avec l\u2019environnement. Sans pour autant renier ce qui fait l\u2019humanit\u00e9 et sa qu\u00eate de progr\u00e8s. L\u2019avenir c\u2019est inventer et tracer des chemins in\u00e9dits. Changer nos habitudes ne veut pas dire vivre plus mal, sauf \u00e0 n\u2019\u00eatre qu\u2019un \u00e9chec. La lucidit\u00e9 quant aux difficult\u00e9s \u00e0 affronter ne saurait se traduire par un quelconque renoncement.\u00a0Depuis toujours, les hommes se sont efforc\u00e9s de ma\u00eetriser, de canaliser, d\u2019utiliser l\u2019eau. Pour ce faire, elle les a contraints \u00e0 l\u2019ing\u00e9niosit\u00e9, mettant en exergue ce que l\u2019humanit\u00e9 a de meilleur, la volont\u00e9 de se d\u00e9passer et de relever les d\u00e9fis. A fortiori aujourd\u2019hui au vu de ce qui conditionne l\u2019avenir. Et nous avons des pistes pour avancer dans cette direction.<\/p>\n<p class=\"std-elt__inline\">\n        <strong>\u00c0 lire aussi :<\/strong><br \/>\n        <a href=\"https:\/\/www.midilibre.fr\/2025\/10\/05\/lignes-ouvertes-faut-il-emprisonner-nicolas-sarkozy-face-a-face-entre-edwy-plenel-et-jean-marie-besset-12966680.php\" target=\"_blank\" rel=\"noopener\">LIGNES OUVERTES. Faut-il emprisonner Nicolas Sarkozy\u00a0? Face-\u00e0-face entre Edwy Plenel et Jean-Marie Besset<\/a>\n    <\/p>\n<p class=\"std-elt__inline\">\n        <strong>\u00c0 lire aussi :<\/strong><br \/>\n        <a href=\"https:\/\/www.midilibre.fr\/2025\/10\/05\/lignes-ouvertes-saint-donald-ses-apotres-et-jane-fonda-par-memona-hintermann-12969658.php\" target=\"_blank\" rel=\"noopener\">LIGNES OUVERTES. \u00ab\u00a0Saint-Donald, ses ap\u00f4tres et Jane Fonda\u00a0\u00bb, par M\u00e9mona Hintermann<\/a>\n    <\/p>\n<p>La premi\u00e8re consiste \u00e0 redonner \u00e0 l\u2019eau la place centrale qu\u2019elle n\u2019aurait jamais d\u00fb quitter. De tout temps nos soci\u00e9t\u00e9s se sont construites autour de l\u2019eau. Or, aujourd\u2019hui, nous l\u2019avons invisibilis\u00e9e au propre, elle s\u2019\u00e9coule dans des tuyaux enterr\u00e9s, comme au figur\u00e9, accessible partout et tout le temps elle ne compte plus. Lui redonner de la consid\u00e9ration est indispensable pour la pr\u00e9server, l\u2019\u00e9conomiser, et d\u00e9velopper l\u2019intelligence collective dont nous avons besoin, et qui doit rassembler tous les acteurs de l\u2019eau (entreprises, agriculteurs, \u00e9lus, associations, scientifiques,\u00a0etc.) afin d\u2019\u00e9laborer les n\u00e9cessaires compromis \u00e0 venir.<\/p>\n<p><a href=\"https:\/\/www.midilibre.fr\/actu\/societe\/lignes-ouvertes\/#:~:text=Voir%20plus-,Avec%20la%20page%20%22Lignes%20ouvertes%22%2C%20Midi%20Libre%20souhaite%20que,pays%20et%20de%20notre%20r%C3%A9gion.\" target=\"_self\" rel=\"noopener\">Retrouvez ici nos chroniques et tribunes dans Lignes ouvertes\u2026<\/a><\/p>\n<p>La recherche d\u2019une efficacit\u00e9 et d\u2019une efficience maximales est \u00e9galement une voie \u00e0 emprunter. La technologie nous y aidera et permettra d\u2019utiliser chaque goutte d\u2019eau de mani\u00e8re optimale, allant ainsi vers l\u2019in\u00e9luctable sobri\u00e9t\u00e9. Sans oublier la restauration des r\u00e9seaux d\u2019adduction d\u2019eau, coupables de fuites importantes, et les interconnexions.<br \/>La science et l\u2019innovation, enfin, qui devront accompagner les n\u00e9cessaires \u00e9volutions et adaptation de nos mod\u00e8les agricoles, et qui nous permettent d\u00e9j\u00e0 aujourd\u2019hui de mettre en \u0153uvre des solutions existantes qu\u2019il convient de consid\u00e9rer sans tabous et de d\u00e9velopper en lien avec les conditions locales\u00a0: r\u00e9utilisation des eaux us\u00e9es, stockages adapt\u00e9s, transferts interbassins, recharge artificielle des nappes, dessalement de l\u2019eau de mer,\u00a0etc.<br \/>Nous avons donc les moyens de faire face aux changements et de travailler \u00e0 l\u2019indispensable adaptation. R\u00e9solument et avec conviction. Privil\u00e9gions l\u2019espoir, la raison et l\u2019action. Comme disait Tocqueville\u00a0: \u00ab\u00a0Je vois bien ce qui est, je ne d\u00e9sesp\u00e8re pas de ce qui sera\u00a0\u00bb.<\/p>\n","protected":false},"excerpt":{"rendered":"La R\u00e9gion Occitanie vient d\u2019obtenir le statut de territoire d\u2019exp\u00e9rimentation sur la gestion des ressources en eau, dans&hellip;\n","protected":false},"author":2,"featured_media":611467,"comment_status":"","ping_status":"","sticky":false,"template":"","format":"standard","meta":{"footnotes":""},"categories":[9599],"tags":[1111,11,1777,674,1011,27,7089,72259,2208,12,2680,25,1857],"class_list":{"0":"post-611466","1":"post","2":"type-post","3":"status-publish","4":"format-standard","5":"has-post-thumbnail","7":"category-montpellier","8":"tag-actu","9":"tag-actualites","10":"tag-eu","11":"tag-europe","12":"tag-fr","13":"tag-france","14":"tag-herault","15":"tag-lignes-ouvertes","16":"tag-montpellier","17":"tag-news","18":"tag-occitanie","19":"tag-republique-francaise","20":"tag-sociu00e9tu00e9"},"share_on_mastodon":{"url":"https:\/\/pubeurope.com\/@fr\/115751282341491777","error":""},"_links":{"self":[{"href":"https:\/\/www.europesays.com\/fr\/wp-json\/wp\/v2\/posts\/611466","targetHints":{"allow":["GET"]}}],"collection":[{"href":"https:\/\/www.europesays.com\/fr\/wp-json\/wp\/v2\/posts"}],"about":[{"href":"https:\/\/www.europesays.com\/fr\/wp-json\/wp\/v2\/types\/post"}],"author":[{"embeddable":true,"href":"https:\/\/www.europesays.com\/fr\/wp-json\/wp\/v2\/users\/2"}],"replies":[{"embeddable":true,"href":"https:\/\/www.europesays.com\/fr\/wp-json\/wp\/v2\/comments?post=611466"}],"version-history":[{"count":0,"href":"https:\/\/www.europesays.com\/fr\/wp-json\/wp\/v2\/posts\/611466\/revisions"}],"wp:featuredmedia":[{"embeddable":true,"href":"https:\/\/www.europesays.com\/fr\/wp-json\/wp\/v2\/media\/611467"}],"wp:attachment":[{"href":"https:\/\/www.europesays.com\/fr\/wp-json\/wp\/v2\/media?parent=611466"}],"wp:term":[{"taxonomy":"category","embeddable":true,"href":"https:\/\/www.europesays.com\/fr\/wp-json\/wp\/v2\/categories?post=611466"},{"taxonomy":"post_tag","embeddable":true,"href":"https:\/\/www.europesays.com\/fr\/wp-json\/wp\/v2\/tags?post=611466"}],"curies":[{"name":"wp","href":"https:\/\/api.w.org\/{rel}","templated":true}]}}