{"id":611470,"date":"2025-12-20T09:53:11","date_gmt":"2025-12-20T09:53:11","guid":{"rendered":"https:\/\/www.europesays.com\/fr\/611470\/"},"modified":"2025-12-20T09:53:11","modified_gmt":"2025-12-20T09:53:11","slug":"infographies-en-seine-maritime-votre-commune-a-t-elle-gagne-ou-perdu-des-habitants","status":"publish","type":"post","link":"https:\/\/www.europesays.com\/fr\/611470\/","title":{"rendered":"INFOGRAPHIES. En Seine-Maritime, votre commune a-t-elle gagn\u00e9 ou perdu des habitants\u00a0?"},"content":{"rendered":"<p>                    Par<br \/>\n        <strong><br \/>\n            <a href=\"https:\/\/actu.fr\/auteur\/julien-bouteiller\" title=\"Consulter tous les articles de Julien Bouteiller\" target=\"_blank\" rel=\"noopener\">Julien Bouteiller<\/a><br \/>\n                    <\/strong><\/p>\n<p>        Publi\u00e9 le<\/p>\n<p>            20 d\u00e9c. 2025 \u00e0 10h14        <\/p>\n<p>C\u2019est un rituel chaque fin d\u2019ann\u00e9e\u2009: on d\u00e9couvre <a href=\"https:\/\/actu.fr\/societe\/carte-votre-commune-a-t-elle-gagne-ou-perdu-des-habitants-le-point-en-seine-maritime_62043524.html\" target=\"_blank\" rel=\"noopener\">la population commune par commune<\/a> gr\u00e2ce aux derni\u00e8res donn\u00e9es de l\u2019Insee*. Elles viennent d\u2019\u00eatre publi\u00e9es ce 18\u00a0d\u00e9cembre 2025. Alors, votre ville ou village <strong>a-t-il gagn\u00e9 ou perdu des habitants en Seine-Maritime\u2009?<\/strong> D\u00e9couvrez le gr\u00e2ce \u00e0 <strong>aux infographies<\/strong> de <a href=\"https:\/\/actu.fr\/76actu\/\" target=\"_blank\" rel=\"noopener\">76actu <\/a>et ensuite, on vous en dit plus sur<strong> les communes les plus peupl\u00e9es et celles qui perdent ou gagnent le plus d\u2019habitants.<\/strong><\/p>\n<p>    <a href=\"https:\/\/datawrapper.dwcdn.net\/Y83nb\/1\/\" title=\"Ouvrie le lien\" target=\"_blank\" rel=\"noopener\">Cliquez ici pour visualiser le contenu<\/a><\/p>\n<p>    <a href=\"https:\/\/datawrapper.dwcdn.net\/M4hEa\/1\/\" title=\"Ouvrie le lien\" target=\"_blank\" rel=\"noopener\">Cliquez ici pour visualiser le contenu<\/a><\/p>\n<p>Les communes les plus peupl\u00e9es en Seine-Maritime<\/p>\n<p class=\" wall-content\">Sans surprise, les communes les plus peupl\u00e9es restent inchang\u00e9es\u2009:<\/p>\n<ol class=\" wall-content\">\n<li><strong>Le\u00a0Havre<\/strong>\u2009: 166\u2009687\u00a0habitants<\/li>\n<li><strong>Rouen<\/strong>\u2009: 117\u2009662\u00a0habitants<\/li>\n<li><strong>Saint-\u00c9tienne-du-Rouvray<\/strong>\u2009: 29\u2009518\u00a0habitants<\/li>\n<li><strong>Sotteville-l\u00e8s-Rouen<\/strong>\u2009: 29\u2009003\u00a0habitants<\/li>\n<li><strong>Dieppe<\/strong>\u2009: 28\u2009496\u00a0habitants<\/li>\n<\/ol>\n<p class=\" wall-content\">Pour information, la commune la moins peupl\u00e9e du d\u00e9partement est Le Mesnil-Durdent, avec seulement 20\u00a0habitants.<\/p>\n<p>Ces communes qui perdent et celles qui gagnent<\/p>\n<p class=\" wall-content\">D\u2019autres communes se d\u00e9marquent par une forte d\u00e9croissance de leur population entre\u00a02017 et\u00a02023\u2009:<\/p>\n<ol class=\" wall-content\">\n<li><strong>Le\u00a0Tr\u00e9port<\/strong>\u2009: -1,8\u2009%<\/li>\n<li><strong>F\u00e9camp<\/strong>\u2009: -1,2\u2009%<\/li>\n<li><strong>Arques-la-Bataille<\/strong>\u2009: -1,1\u2009%<\/li>\n<li><strong>Rives-en-Seine<\/strong>\u2009: -1\u2009%<\/li>\n<li><strong>Gournay-en-Bray<\/strong>\u2009: -1\u2009%<\/li>\n<\/ol>\n<p class=\" wall-content\">Force est de constater que <strong>la c\u00f4te seinomarine ne semble pas si attractive<\/strong>, malgr\u00e9 ses nombreux atouts. Pas plus que les grandes communes situ\u00e9es davantage dans les terres. Un signal d\u2019alerte pour les maires\u2009?<\/p>\n<p>Votre r\u00e9gion, votre actu !<\/p>\n<p>Recevez chaque jour les infos qui comptent pour vous.<\/p>\n<p>\t<a href=\"https:\/\/actu.fr\/newsletter\" class=\"ac-btn ac-btn--corner ac-btn--medium ac-btn--blue800\" target=\"_blank\" rel=\"noopener\">S&rsquo;incrire<\/a><\/p>\n<p class=\" wall-content\">A contrario, d\u2019autres communes affichent une forte croissance. Voici le Top\u00a05\u2009:<\/p>\n<ol class=\" wall-content\">\n<li><strong>Isneauville<\/strong>\u2009: +\u00a02,7\u2009%<\/li>\n<li><strong>Saint-Romain-de-Colbosc<\/strong>\u2009: +\u00a02,5\u2009%<\/li>\n<li><strong>Yerville<\/strong>\u2009: +\u00a02\u2009%<\/li>\n<li><strong>Saint-Jacques-sur-Darn\u00e9tal<\/strong>\u2009: +\u00a01,6\u2009%<\/li>\n<li><strong>Mont-Saint-Aignan<\/strong>\u2009: +\u00a01,1\u2009%<\/li>\n<\/ol>\n<p class=\" wall-content\">Sans surprise, hormis Yerville, il s\u2019agit de communes <strong>assez proches des grandes agglos de Rouen et du\u00a0Havre<\/strong>. Probablement un effet de l\u2019attractivit\u00e9 de la ville tout en ayant les avantages de communes plus rurales.<\/p>\n<p class=\" wall-content\">Le maire de Rouen n\u2019a d\u2019ailleurs pas manqu\u00e9 de se f\u00e9liciter de ces chiffres (+1,1% d\u2019habitants). \u00ab\u2009Rouen devient la quatri\u00e8me grande ville la plus attractive de France [\u2026] plus que Rennes, Bordeaux, Nantes, Nice, signe de sa capacit\u00e9 \u00e0 attirer de nouveaux habitants\u2009\u00bb, s\u2019est r\u00e9joui Nicolas Mayer-Rossignol.<\/p>\n<p class=\" wall-content\">En revanche, au\u00a0Havre, on peut noter (enfin) <strong>une l\u00e9g\u00e8re augmentation de la population communale<\/strong>, atteignant maintenant 168\u2009588\u00a0habitants. Mais on reste toutefois en-de\u00e7\u00e0 de sa population de 2013 o\u00f9 la cit\u00e9 oc\u00e9ane comptait encore 172\u2009074 Havrais.<\/p>\n<p class=\" wall-content\">*Il s\u2019agit des donn\u00e9es de population de l\u2019ann\u00e9e 2023, derni\u00e8res en date compil\u00e9e par l\u2019Insee.<\/p>\n<p>Suivez l\u2019actualit\u00e9 de Rouen <a href=\"https:\/\/www.whatsapp.com\/channel\/0029VaKfnf99hXF2ddApFB1D\" target=\"_blank\" rel=\"noopener\">sur notre cha\u00eene WhatsApp<\/a> et <a href=\"https:\/\/www.tiktok.com\/@76actu.fr?lang=fr\" target=\"_blank\" rel=\"noopener\">sur notre compte TikTok<\/a>Suivez l\u2019actualit\u00e9 du\u00a0Havre <a href=\"https:\/\/www.whatsapp.com\/channel\/0029VaFqJYE8aKvLBwVrEe0o\" target=\"_blank\" rel=\"noopener\">sur notre cha\u00eene WhatsApp<\/a> et <a href=\"https:\/\/www.tiktok.com\/@76actu.fr?lang=fr\" target=\"_blank\" rel=\"noopener\">sur notre compte TikTok<\/a><\/p>\n<p class=\" wall-content\">Personnalisez votre actualit\u00e9 en ajoutant vos villes et m\u00e9dias en favori avec <a href=\"https:\/\/moncompte.actu.fr\" title=\"D\u00e9couvez Mon Actu\" rel=\"nofollow noopener\" data-trk=\"{&quot;cta&quot;:{&quot;action&quot;:&quot;https:\\\/\\\/moncompte.actu.fr&quot;,&quot;category&quot;:&quot;mon compte&quot;,&quot;from&quot;:&quot;article footer&quot;,&quot;name&quot;:&quot;Mon actu&quot;,&quot;type&quot;:&quot;cta&quot;}}\" target=\"_blank\">Mon Actu<\/a>.<\/p>\n<p>                    <script async src=\"\/\/www.tiktok.com\/embed.js\"><\/script><\/p>\n","protected":false},"excerpt":{"rendered":"Par Julien Bouteiller Publi\u00e9 le 20 d\u00e9c. 2025 \u00e0 10h14 C\u2019est un rituel chaque fin d\u2019ann\u00e9e\u2009: on d\u00e9couvre&hellip;\n","protected":false},"author":2,"featured_media":611471,"comment_status":"","ping_status":"","sticky":false,"template":"","format":"standard","meta":{"footnotes":""},"categories":[9587],"tags":[1111,11,6969,1777,674,1011,27,12,13268,5161,25,9590,104],"class_list":{"0":"post-611470","1":"post","2":"type-post","3":"status-publish","4":"format-standard","5":"has-post-thumbnail","7":"category-rouen","8":"tag-actu","9":"tag-actualites","10":"tag-demographie","11":"tag-eu","12":"tag-europe","13":"tag-fr","14":"tag-france","15":"tag-news","16":"tag-nicolas-mayer-rossignol","17":"tag-normandie","18":"tag-republique-francaise","19":"tag-rouen","20":"tag-societe"},"share_on_mastodon":{"url":"https:\/\/pubeurope.com\/@fr\/115751289202567664","error":""},"_links":{"self":[{"href":"https:\/\/www.europesays.com\/fr\/wp-json\/wp\/v2\/posts\/611470","targetHints":{"allow":["GET"]}}],"collection":[{"href":"https:\/\/www.europesays.com\/fr\/wp-json\/wp\/v2\/posts"}],"about":[{"href":"https:\/\/www.europesays.com\/fr\/wp-json\/wp\/v2\/types\/post"}],"author":[{"embeddable":true,"href":"https:\/\/www.europesays.com\/fr\/wp-json\/wp\/v2\/users\/2"}],"replies":[{"embeddable":true,"href":"https:\/\/www.europesays.com\/fr\/wp-json\/wp\/v2\/comments?post=611470"}],"version-history":[{"count":0,"href":"https:\/\/www.europesays.com\/fr\/wp-json\/wp\/v2\/posts\/611470\/revisions"}],"wp:featuredmedia":[{"embeddable":true,"href":"https:\/\/www.europesays.com\/fr\/wp-json\/wp\/v2\/media\/611471"}],"wp:attachment":[{"href":"https:\/\/www.europesays.com\/fr\/wp-json\/wp\/v2\/media?parent=611470"}],"wp:term":[{"taxonomy":"category","embeddable":true,"href":"https:\/\/www.europesays.com\/fr\/wp-json\/wp\/v2\/categories?post=611470"},{"taxonomy":"post_tag","embeddable":true,"href":"https:\/\/www.europesays.com\/fr\/wp-json\/wp\/v2\/tags?post=611470"}],"curies":[{"name":"wp","href":"https:\/\/api.w.org\/{rel}","templated":true}]}}