{"id":611472,"date":"2025-12-20T09:54:51","date_gmt":"2025-12-20T09:54:51","guid":{"rendered":"https:\/\/www.europesays.com\/fr\/611472\/"},"modified":"2025-12-20T09:54:51","modified_gmt":"2025-12-20T09:54:51","slug":"le-salon-du-disque-se-tient-ce-dimanche-21-decembre-2025-a-rouen","status":"publish","type":"post","link":"https:\/\/www.europesays.com\/fr\/611472\/","title":{"rendered":"Le salon du disque se tient ce dimanche 21 d\u00e9cembre 2025 \u00e0 Rouen"},"content":{"rendered":"\n<p>         Publi\u00e9 le\u00a0:\u00a0       <\/p>\n<p>Vendredi 19 d\u00e9cembre 2025 &#8211; 07h00<\/p>\n<p>         Th\u00e8me d\u2019actualit\u00e9\u00a0:\u00a0       <\/p>\n<p>                           <img loading=\"lazy\" decoding=\"async\" typeof=\"foaf:Image\" src=\"https:\/\/www.europesays.com\/fr\/wp-content\/uploads\/2025\/12\/salon_du_disque.png\" width=\"640\" height=\"361\" alt=\"\"\/>                          <\/p>\n<p>L&rsquo;association Vinyl Shakers organise le Salon du disque de Rouen, ce dimanche 21 d\u00e9cembre 2025, \u00e0 la Halle aux toiles.<\/p>\n<p>La grand messe annuelle du disque vinyle est de retour. Ce dimanche, la Halle aux toiles se transforme en festival de la galette, avec des dizaines d&rsquo;exposants venus poser des bacs pr\u00eats \u00e0 \u00eatre d\u00e9cortiqu\u00e9s.<\/p>\n<p>Comme d&rsquo;habitude, il y en aura pour tous les go\u00fbts, toutes les bourses et toutes les envies. C&rsquo;est aussi un tr\u00e8s bon plan pour un cadeau de No\u00ebl de derni\u00e8re minute.<\/p>\n<p>Les organisateurs ont affich\u00e9 quelques exemples de disques qui seront propos\u00e9s \u00e0 le vente ce dimanche : de Bob Marley and the Wailers \u00e0 David Bowie, en passant par The Cure ou Deftones, chacun y trouvera sa p\u00e9pite.<\/p>\n<p>Informations pratiquesSalon du disque<\/p>\n<p>Halle aux toiles<\/p>\n<p>Dimanche 21 d\u00e9cembre<\/p>\n<p>De 9h30 \u00e0 18h<\/p>\n<p>Tarif : 2\u20ac<\/p>\n<p>Plus d&rsquo;informations sur l<a href=\"https:\/\/www.facebook.com\/vinylshakersteam\" target=\"_blank\" class=\"elf-external elf-icon\" rel=\"noopener\">a page Facebook de Vinyl Shakers<\/a><\/p>\n","protected":false},"excerpt":{"rendered":"Publi\u00e9 le\u00a0:\u00a0 Vendredi 19 d\u00e9cembre 2025 &#8211; 07h00 Th\u00e8me d\u2019actualit\u00e9\u00a0:\u00a0 L&rsquo;association Vinyl Shakers organise le Salon du disque&hellip;\n","protected":false},"author":2,"featured_media":611473,"comment_status":"","ping_status":"","sticky":false,"template":"","format":"standard","meta":{"footnotes":""},"categories":[9587],"tags":[1111,11,1777,674,1011,27,12,5161,25,9590],"class_list":{"0":"post-611472","1":"post","2":"type-post","3":"status-publish","4":"format-standard","5":"has-post-thumbnail","7":"category-rouen","8":"tag-actu","9":"tag-actualites","10":"tag-eu","11":"tag-europe","12":"tag-fr","13":"tag-france","14":"tag-news","15":"tag-normandie","16":"tag-republique-francaise","17":"tag-rouen"},"share_on_mastodon":{"url":"https:\/\/pubeurope.com\/@fr\/115751297695465481","error":""},"_links":{"self":[{"href":"https:\/\/www.europesays.com\/fr\/wp-json\/wp\/v2\/posts\/611472","targetHints":{"allow":["GET"]}}],"collection":[{"href":"https:\/\/www.europesays.com\/fr\/wp-json\/wp\/v2\/posts"}],"about":[{"href":"https:\/\/www.europesays.com\/fr\/wp-json\/wp\/v2\/types\/post"}],"author":[{"embeddable":true,"href":"https:\/\/www.europesays.com\/fr\/wp-json\/wp\/v2\/users\/2"}],"replies":[{"embeddable":true,"href":"https:\/\/www.europesays.com\/fr\/wp-json\/wp\/v2\/comments?post=611472"}],"version-history":[{"count":0,"href":"https:\/\/www.europesays.com\/fr\/wp-json\/wp\/v2\/posts\/611472\/revisions"}],"wp:featuredmedia":[{"embeddable":true,"href":"https:\/\/www.europesays.com\/fr\/wp-json\/wp\/v2\/media\/611473"}],"wp:attachment":[{"href":"https:\/\/www.europesays.com\/fr\/wp-json\/wp\/v2\/media?parent=611472"}],"wp:term":[{"taxonomy":"category","embeddable":true,"href":"https:\/\/www.europesays.com\/fr\/wp-json\/wp\/v2\/categories?post=611472"},{"taxonomy":"post_tag","embeddable":true,"href":"https:\/\/www.europesays.com\/fr\/wp-json\/wp\/v2\/tags?post=611472"}],"curies":[{"name":"wp","href":"https:\/\/api.w.org\/{rel}","templated":true}]}}