{"id":611482,"date":"2025-12-20T10:01:31","date_gmt":"2025-12-20T10:01:31","guid":{"rendered":"https:\/\/www.europesays.com\/fr\/611482\/"},"modified":"2025-12-20T10:01:31","modified_gmt":"2025-12-20T10:01:31","slug":"bischwiller-sous-le-sapin-de-noel-de-strasbourg-des-decorations-realisees-par-des-personnes-en-situation-de-handicap","status":"publish","type":"post","link":"https:\/\/www.europesays.com\/fr\/611482\/","title":{"rendered":"Bischwiller. Sous le sapin de No\u00ebl de Strasbourg, des d\u00e9corations r\u00e9alis\u00e9es par des personnes en situation de handicap"},"content":{"rendered":"<p>C\u2019est une premi\u00e8re. Des travailleurs en situation de handicap des ateliers de la Fondation protestante du Sonnenhof, dont le si\u00e8ge se situe \u00e0 Bischwiller, ont r\u00e9alis\u00e9 une partie des d\u00e9corations plac\u00e9es sous le sapin de No\u00ebl de la place Kl\u00e9ber \u00e0 Strasbourg.<\/p>\n<p>Plus pr\u00e9cis\u00e9ment, ce sont trois employ\u00e9s de l\u2019Esat de Bischwiller et une personne de l\u2019entreprise adapt\u00e9e de Reichshoffen qui ont \u00e9t\u00e9 impliqu\u00e9es. \u00ab\u00a0On a travaill\u00e9 pour l\u2019entreprise Sigmatech, en charge de la d\u00e9coration du sapin, qui nous a demand\u00e9 de fabriquer des \u00e9l\u00e9ments principalement en bois\u00a0\u00bb, pr\u00e9sente Rapha\u00ebl Bostsarron, directeur du p\u00f4le travail adapt\u00e9 \u00e0 <a href=\"https:\/\/www.dna.fr\/economie\/2025\/09\/02\/un-nouvel-ime-pense-dans-les-moindres-details-pour-les-jeunes-autistes-en-2027\" target=\"_blank\" rel=\"noopener\">la Fondation<\/a>.<\/p>\n<p>Ils ont travaill\u00e9 sur 32 pales de moulin horizontales, 16 \u00e9toiles d\u00e9coratives accroch\u00e9es aux pales et des portes rouges avec moulures ont \u00e9t\u00e9 confectionn\u00e9es pour \u00eatre dispos\u00e9es autour du <a href=\"https:\/\/www.dna.fr\/culture-loisirs\/2025\/10\/24\/le-grand-sapin-de-noel-est-arrive-place-kleber-pour-son-installation\" target=\"_blank\" rel=\"noopener\">sapin de No\u00ebl de Strasbourg<\/a>, \u00e0 son pied. Une premi\u00e8re pour les ateliers de la Fondation et \u00ab\u00a0une super exp\u00e9rience\u00a0\u00bb.<\/p>\n<p>\u00ab\u00a0C\u2019est toujours plus int\u00e9ressant pour nos travailleurs de visualiser \u00e0 quoi \u00e7a va ressembler et \u00e0 quoi \u00e7a va servir. Souvent, on fait des objets qui sont des composants d\u2019autres choses\u00a0\u00bb, explique Rapha\u00ebl Bostsarron. Il souligne \u00ab\u00a0une grande fiert\u00e9 de participer \u00e0 cela et que leur savoir-faire soit reconnu\u00a0\u00bb.<\/p>\n","protected":false},"excerpt":{"rendered":"C\u2019est une premi\u00e8re. Des travailleurs en situation de handicap des ateliers de la Fondation protestante du Sonnenhof, dont&hellip;\n","protected":false},"author":2,"featured_media":611483,"comment_status":"","ping_status":"","sticky":false,"template":"","format":"standard","meta":{"footnotes":""},"categories":[2820],"tags":[1111,11,1477,72260,33,4877,1777,674,107,1011,27,775,1943,12,15830,25,6633,104,640,1631,216],"class_list":{"0":"post-611482","1":"post","2":"type-post","3":"status-publish","4":"format-standard","5":"has-post-thumbnail","7":"category-strasbourg","8":"tag-actu","9":"tag-actualites","10":"tag-artisanat","11":"tag-bischwiller","12":"tag-economie","13":"tag-edition-haguenau-wissembourg","14":"tag-eu","15":"tag-europe","16":"tag-fil-info","17":"tag-fr","18":"tag-france","19":"tag-grand-est","20":"tag-handicap","21":"tag-news","22":"tag-noel","23":"tag-republique-francaise","24":"tag-secteur-de-bischwiller","25":"tag-societe","26":"tag-strasbourg","27":"tag-vie-associative","28":"tag-vie-des-entreprises"},"share_on_mastodon":{"url":"https:\/\/pubeurope.com\/@fr\/115751321146412440","error":""},"_links":{"self":[{"href":"https:\/\/www.europesays.com\/fr\/wp-json\/wp\/v2\/posts\/611482","targetHints":{"allow":["GET"]}}],"collection":[{"href":"https:\/\/www.europesays.com\/fr\/wp-json\/wp\/v2\/posts"}],"about":[{"href":"https:\/\/www.europesays.com\/fr\/wp-json\/wp\/v2\/types\/post"}],"author":[{"embeddable":true,"href":"https:\/\/www.europesays.com\/fr\/wp-json\/wp\/v2\/users\/2"}],"replies":[{"embeddable":true,"href":"https:\/\/www.europesays.com\/fr\/wp-json\/wp\/v2\/comments?post=611482"}],"version-history":[{"count":0,"href":"https:\/\/www.europesays.com\/fr\/wp-json\/wp\/v2\/posts\/611482\/revisions"}],"wp:featuredmedia":[{"embeddable":true,"href":"https:\/\/www.europesays.com\/fr\/wp-json\/wp\/v2\/media\/611483"}],"wp:attachment":[{"href":"https:\/\/www.europesays.com\/fr\/wp-json\/wp\/v2\/media?parent=611482"}],"wp:term":[{"taxonomy":"category","embeddable":true,"href":"https:\/\/www.europesays.com\/fr\/wp-json\/wp\/v2\/categories?post=611482"},{"taxonomy":"post_tag","embeddable":true,"href":"https:\/\/www.europesays.com\/fr\/wp-json\/wp\/v2\/tags?post=611482"}],"curies":[{"name":"wp","href":"https:\/\/api.w.org\/{rel}","templated":true}]}}