{"id":611486,"date":"2025-12-20T10:03:12","date_gmt":"2025-12-20T10:03:12","guid":{"rendered":"https:\/\/www.europesays.com\/fr\/611486\/"},"modified":"2025-12-20T10:03:12","modified_gmt":"2025-12-20T10:03:12","slug":"un-reseau-structure-demantele-a-nice","status":"publish","type":"post","link":"https:\/\/www.europesays.com\/fr\/611486\/","title":{"rendered":"un r\u00e9seau structur\u00e9 d\u00e9mantel\u00e9 \u00e0 Nice"},"content":{"rendered":"<p class=\"fs-5 \">Dans le prolongement de renseignements faisant \u00e9tat d\u2019un trafic de produits stup\u00e9fiants op\u00e9rant sur la commune de Nice et ses alentours dans le cadre d\u2019un r\u00e9seau structur\u00e9 de type \u00ab narcolivraison \u00bb, une enqu\u00eate pr\u00e9liminaire suivie par le p\u00f4le sp\u00e9cialis\u00e9 du parquet de Nice a \u00e9t\u00e9 ouverte en septembre 2025 et confi\u00e9e au Service Local de Police Judiciaire.<\/p>\n<p class=\"fs-5 \">Les premi\u00e8res surveillances des enqu\u00eateurs ont permis de conforter les renseignements initiaux, mettant notamment en \u00e9vidence des arr\u00eats suspects de v\u00e9hicules ainsi que des \u00e9changes laissant supposer l\u2019existence de plusieurs appartements ou locaux utilis\u00e9s pour le trafic, \u00e0 diff\u00e9rentes adresses situ\u00e9es \u00e0 Nice, Saint-Laurent-du-Var et Cagnes-sur-Mer.<\/p>\n<p>        <img src=\"https:\/\/www.europesays.com\/fr\/wp-content\/uploads\/2025\/12\/da1052b_upload-from-url-1-5n3yewhbaqnr-data-art-16813466.jpg\"   loading=\"lazy\" decoding=\"async\" alt=\"photos camille dodet\" class=\"img-fluid position-absolute w-100 object-fit-cover rounded-2\" width=\"600\" height=\"400\"\/><\/p>\n<p>                                                                                Des livraisons \u00e0 domicile \u00e0 Nice, Saint-Laurent-duVar, Cagnes-sur-Mer et Carros<\/p>\n<p class=\"fs-5 \">Plusieurs v\u00e9hicules et individus ont alors \u00e9t\u00e9 identifi\u00e9s et plac\u00e9s sous surveillance, notamment au moyen de techniques sp\u00e9ciales d\u2019enqu\u00eate. Les investigations ont mis en lumi\u00e8re l\u2019existence d\u2019un r\u00e9seau de livraison de stup\u00e9fiants \u00e0 domicile, rayonnant sur Nice et ses environs, en particulier Carros et Cagnes-sur-Mer.<\/p>\n<p class=\"fs-5 \">Un garage situ\u00e9 rue des \u00c9toiles \u00e0 Nice, dans le quartier de la Madeleine, est apparu susceptible d\u2019\u00eatre utilis\u00e9 dans le cadre de ce trafic. La poursuite des investigations a \u00e9galement conduit \u00e0 l\u2019identification d\u2019un potentiel nouveau lieu de stockage, avenue Cyril-Besset \u00e0 Nice nord.<\/p>\n<p>                                                                                Plus de 5 kilos de drogues stock\u00e9es dans des garages \u00e0 Nice et 27 255 d\u2019argent liquide<\/p>\n<p class=\"fs-5 \">Des op\u00e9rations d\u2019interpellations et de perquisitions ont \u00e9t\u00e9 d\u00e9clench\u00e9es le 15 d\u00e9cembre dernier. Trois hommes, n\u00e9s en 1995, 2002 et 2003, dont deux d\u00e9j\u00e0 connus des services de police, notamment pour des faits de vol, ont \u00e9t\u00e9 interpell\u00e9s.<\/p>\n<p class=\"fs-5 \">Lors des perquisitions men\u00e9es aux adresses identifi\u00e9es, les enqu\u00eateurs ont d\u00e9couvert 4 kg de r\u00e9sine de cannabis, pr\u00e8s de 900 g d\u2019herbe de cannabis, 520 g de coca\u00efne ainsi que 27 255 euros d\u2019argent liquide. Du mat\u00e9riel de conditionnement, un v\u00e9hicule Volkswagen Polo ainsi que deux t\u00e9l\u00e9phones portables ont \u00e9galement \u00e9t\u00e9 saisis.<\/p>\n<p class=\"fs-5 \">Confront\u00e9s aux \u00e9l\u00e9ments recueillis, les trois mis en cause ont reconnu des r\u00f4les distincts au sein du r\u00e9seau, respectivement en qualit\u00e9 de g\u00e9rant, logisticien et livreur.<\/p>\n<p class=\"fs-5 \">Les trois hommes ont \u00e9t\u00e9 d\u00e9f\u00e9r\u00e9s ce vendredi 19 d\u00e9cembre au parquet. Dans le cadre d\u2019une proc\u00e9dure de comparution sur reconnaissance pr\u00e9alable de culpabilit\u00e9, deux d\u2019entre eux ont \u00e9t\u00e9 condamn\u00e9s \u00e0 30 mois d\u2019emprisonnement, dont six mois assortis d\u2019un sursis probatoire, avec incarc\u00e9ration imm\u00e9diate, ainsi qu\u2019\u00e0 des amendes et \u00e0 la confiscation des scell\u00e9s. Le troisi\u00e8me mis en cause devait compara\u00eetre devant le tribunal correctionnel dans le cadre d\u2019une proc\u00e9dure de comparution imm\u00e9diate.<\/p>\n","protected":false},"excerpt":{"rendered":"Dans le prolongement de renseignements faisant \u00e9tat d\u2019un trafic de produits stup\u00e9fiants op\u00e9rant sur la commune de Nice&hellip;\n","protected":false},"author":2,"featured_media":611487,"comment_status":"","ping_status":"","sticky":false,"template":"","format":"standard","meta":{"footnotes":""},"categories":[2819],"tags":[1111,11,1777,674,1011,27,12,2401,882,25],"class_list":{"0":"post-611486","1":"post","2":"type-post","3":"status-publish","4":"format-standard","5":"has-post-thumbnail","7":"category-nice","8":"tag-actu","9":"tag-actualites","10":"tag-eu","11":"tag-europe","12":"tag-fr","13":"tag-france","14":"tag-news","15":"tag-nice","16":"tag-provence-alpes-cote-dazur","17":"tag-republique-francaise"},"share_on_mastodon":{"url":"https:\/\/pubeurope.com\/@fr\/115751329314742663","error":""},"_links":{"self":[{"href":"https:\/\/www.europesays.com\/fr\/wp-json\/wp\/v2\/posts\/611486","targetHints":{"allow":["GET"]}}],"collection":[{"href":"https:\/\/www.europesays.com\/fr\/wp-json\/wp\/v2\/posts"}],"about":[{"href":"https:\/\/www.europesays.com\/fr\/wp-json\/wp\/v2\/types\/post"}],"author":[{"embeddable":true,"href":"https:\/\/www.europesays.com\/fr\/wp-json\/wp\/v2\/users\/2"}],"replies":[{"embeddable":true,"href":"https:\/\/www.europesays.com\/fr\/wp-json\/wp\/v2\/comments?post=611486"}],"version-history":[{"count":0,"href":"https:\/\/www.europesays.com\/fr\/wp-json\/wp\/v2\/posts\/611486\/revisions"}],"wp:featuredmedia":[{"embeddable":true,"href":"https:\/\/www.europesays.com\/fr\/wp-json\/wp\/v2\/media\/611487"}],"wp:attachment":[{"href":"https:\/\/www.europesays.com\/fr\/wp-json\/wp\/v2\/media?parent=611486"}],"wp:term":[{"taxonomy":"category","embeddable":true,"href":"https:\/\/www.europesays.com\/fr\/wp-json\/wp\/v2\/categories?post=611486"},{"taxonomy":"post_tag","embeddable":true,"href":"https:\/\/www.europesays.com\/fr\/wp-json\/wp\/v2\/tags?post=611486"}],"curies":[{"name":"wp","href":"https:\/\/api.w.org\/{rel}","templated":true}]}}