{"id":611488,"date":"2025-12-20T10:04:12","date_gmt":"2025-12-20T10:04:12","guid":{"rendered":"https:\/\/www.europesays.com\/fr\/611488\/"},"modified":"2025-12-20T10:04:12","modified_gmt":"2025-12-20T10:04:12","slug":"16-apres-son-depart-maurice-cohen-fait-son-retour-a-logc-nice","status":"publish","type":"post","link":"https:\/\/www.europesays.com\/fr\/611488\/","title":{"rendered":"16\u00a0apr\u00e8s son d\u00e9part, Maurice Cohen fait son retour \u00e0 l\u2019OGC Nice"},"content":{"rendered":"<p class=\"fs-5 \">Si quelqu\u2019un conna\u00eet parfaitement le club et son environnement, c\u2019est bien Maurice Cohen. Lui, le fervent supporter du Gym depuis l\u2019adolescence, n\u2019aurait jamais imagin\u00e9 en devenir un jour le patron. Il l\u2019a \u00e9t\u00e9 durant sept ann\u00e9es, entre 2002 et 2009.<\/p>\n<p class=\"fs-5 \">Mis en danger par la gestion de Robert Cassone, le club est au bord du d\u00e9p\u00f4t de bilan quand, \u00e0 47 ans, il s\u2019associe \u00e0 Gilbert Stellardo, Marcel Governatori, Jean Bessis et Louis Bacchialoni pour le sauver. Aid\u00e9 de l\u2019entra\u00eeneur Gernot Rohr, Cohen ira jusqu\u2019\u00e0 solliciter le CNOSF pour faire annuler la rel\u00e9gation sur tapis vert jusqu\u2019en National d\u00e9cid\u00e9e par la DNCG(1). \u00ab On a repris l\u2019OGC Nice en perdition, il n\u2019y avait plus rien : plus de ballon, les machines \u00e9taient obsol\u00e8tes dans la salle de musculation&#8230; Ce n\u2019\u00e9tait pas une affaire facile, on a pass\u00e9 des nuits \u00e0 travailler sur les budgets pour obtenir le maintien de l\u2019\u00e9quipe en Ligue 1. On est parti la t\u00eate baiss\u00e9e, on a fonc\u00e9. C\u2019\u00e9tait de la folie, mais on y est arriv\u00e9 \u00bb, confiait-il en 2022 dans nos colonnes.<\/p>\n<p>        <img src=\"https:\/\/www.europesays.com\/fr\/wp-content\/uploads\/2025\/12\/1766225052_479_d5577ed_upload-from-url-1-91nnzrihtn5x-data-art-16817086.jpg\"   loading=\"lazy\" decoding=\"async\" alt=\"Jean-Pierre Riv\u00e8re, engag\u00e9 aux c\u00f4t\u00e9s d\u2019Eric Ciotti dans la campagne des municipales \u00e0 Nice, l\u2019assure : \u00ab Cela ne change absolument rien \u00bb.  \" class=\"img-fluid position-absolute w-100 object-fit-cover rounded-2\" width=\"600\" height=\"400\"\/><\/p>\n<p>                                                                                Garant de l\u2019identit\u00e9 ni\u00e7oise<\/p>\n<p class=\"fs-5 \">Maurice Cohen ne permet pas seulement de redresser l\u2019institution, il la p\u00e9rennise. Il repr\u00e9sente l\u2019identit\u00e9 ni\u00e7oise, apporte une gestion saine et stable. Les supporters suivent. Se r\u00e9galent des exploits de Diawara ou d\u2019Everson, admirent le sens du combat d\u2019Abardonado et Cobos. Avec Rohr puis Antonetti, l\u2019OGC Nice s\u2019installe en milieu de tableau de L1. Et fait monter 25 000 Ni\u00e7ois \u00e0 Paris en 2006 pour une finale de Coupe de la Ligue qui malheureusement lui \u00e9chappe face \u00e0 Nancy.<\/p>\n<p class=\"fs-5 \">Sous sa gouvernance, il pousse aussi pour la construction d\u2019un grand stade \u00e0 Nice. C\u2019est finalement Jean-Pierre Riv\u00e8re qui ira quelques ann\u00e9es plus tard au bout de ce projet.<\/p>\n<p>                                                                                Il est rest\u00e9 proche du club<\/p>\n<p class=\"fs-5 \">Apr\u00e8s un faux d\u00e9part de trois jours en 2007, le pr\u00e9sident Cohen signe la fin de son aventure avec Nice au d\u00e9but de la saison 2009\/2010. Aux mauvais r\u00e9sultats sportifs, puisque l\u2019arriv\u00e9e de Didier Oll\u00e9-Nicolle est un \u00e9chec, s\u2019ajoutent des conflits qui l\u2019opposent aux actionnaires majoritaires du club, Gilbert Stellardo et Marcel Governatori. \u00ab \u00catre pr\u00e9sident d\u2019un club de foot, c\u2019est une histoire de fou ! \u00c7a ne s\u2019arr\u00eate jamais. Quand j\u2019ai d\u00e9missionn\u00e9, il m\u2019a fallu trois ans pour souffler, reprendre une vie normale \u00bb dira-t-il apr\u00e8s coup.<\/p>\n<p class=\"fs-5 \">Le football a peut-\u00eatre chang\u00e9, mais il ne s\u2019en est jamais \u00e9loign\u00e9. Le brillant homme d\u2019affaires de 70 ans, toujours \u00e0 la t\u00eate d\u2019une entreprise de communication solidement ancr\u00e9e \u00e0 Monaco, ne rate jamais un match du Gym. S\u2019il a toujours veill\u00e9 \u00e0 rester \u00e0 sa place, son influence n\u2019a pas faibli. C\u2019est lui qui dans l\u2019ombre avait notamment facilit\u00e9 la saison derni\u00e8re la signature avec le Cavigal Nice d\u2019un partenariat au point mort depuis plusieurs ann\u00e9es. C\u2019est d\u00e9sormais en premi\u00e8re ligne que Maurice Cohen va batailler pour le salut de l\u2019OGC Nice.<\/p>\n<p class=\"fs-5 \">1. Direction nationale de contr\u00f4le et de gestion des clubs<\/p>\n","protected":false},"excerpt":{"rendered":"Si quelqu\u2019un conna\u00eet parfaitement le club et son environnement, c\u2019est bien Maurice Cohen. Lui, le fervent supporter du&hellip;\n","protected":false},"author":2,"featured_media":611489,"comment_status":"","ping_status":"","sticky":false,"template":"","format":"standard","meta":{"footnotes":""},"categories":[2819],"tags":[1111,11,1777,674,1011,27,12,2401,54521,882,25],"class_list":{"0":"post-611488","1":"post","2":"type-post","3":"status-publish","4":"format-standard","5":"has-post-thumbnail","7":"category-nice","8":"tag-actu","9":"tag-actualites","10":"tag-eu","11":"tag-europe","12":"tag-fr","13":"tag-france","14":"tag-news","15":"tag-nice","16":"tag-ogcnice","17":"tag-provence-alpes-cote-dazur","18":"tag-republique-francaise"},"share_on_mastodon":{"url":"https:\/\/pubeurope.com\/@fr\/115751332510849737","error":""},"_links":{"self":[{"href":"https:\/\/www.europesays.com\/fr\/wp-json\/wp\/v2\/posts\/611488","targetHints":{"allow":["GET"]}}],"collection":[{"href":"https:\/\/www.europesays.com\/fr\/wp-json\/wp\/v2\/posts"}],"about":[{"href":"https:\/\/www.europesays.com\/fr\/wp-json\/wp\/v2\/types\/post"}],"author":[{"embeddable":true,"href":"https:\/\/www.europesays.com\/fr\/wp-json\/wp\/v2\/users\/2"}],"replies":[{"embeddable":true,"href":"https:\/\/www.europesays.com\/fr\/wp-json\/wp\/v2\/comments?post=611488"}],"version-history":[{"count":0,"href":"https:\/\/www.europesays.com\/fr\/wp-json\/wp\/v2\/posts\/611488\/revisions"}],"wp:featuredmedia":[{"embeddable":true,"href":"https:\/\/www.europesays.com\/fr\/wp-json\/wp\/v2\/media\/611489"}],"wp:attachment":[{"href":"https:\/\/www.europesays.com\/fr\/wp-json\/wp\/v2\/media?parent=611488"}],"wp:term":[{"taxonomy":"category","embeddable":true,"href":"https:\/\/www.europesays.com\/fr\/wp-json\/wp\/v2\/categories?post=611488"},{"taxonomy":"post_tag","embeddable":true,"href":"https:\/\/www.europesays.com\/fr\/wp-json\/wp\/v2\/tags?post=611488"}],"curies":[{"name":"wp","href":"https:\/\/api.w.org\/{rel}","templated":true}]}}