{"id":611492,"date":"2025-12-20T10:06:19","date_gmt":"2025-12-20T10:06:19","guid":{"rendered":"https:\/\/www.europesays.com\/fr\/611492\/"},"modified":"2025-12-20T10:06:19","modified_gmt":"2025-12-20T10:06:19","slug":"nantes-franchit-un-joli-sommet-dans-les-alpes","status":"publish","type":"post","link":"https:\/\/www.europesays.com\/fr\/611492\/","title":{"rendered":"Nantes franchit un joli sommet dans les Alpes\u00a0!"},"content":{"rendered":"<p><strong>Nouveau pr\u00e9cieux succ\u00e8s \u00e0 l\u2019ext\u00e9rieur pour le NBH (80\/89)<\/strong><\/p>\n<p>La troupe de<strong> R\u00e9my VALIN<\/strong> a r\u00e9alis\u00e9 ce soir une excellente op\u00e9ration en s\u2019imposant avec une grande s\u00e9r\u00e9nit\u00e9 face \u00e0 des savoyards d\u00e9termin\u00e9s \u00e0 faire plaisir aux 4000 supporters pr\u00e9sents au Phare\u00a0! Mais ce soir <strong>Lucas BOURHIS <\/strong>(12 Pts, 13 Passes, 25 d\u2019Evaluation) et ses partenaires \u00e9taient pr\u00eats \u00e0 livrer bataille aux montagnards\u00a0! Une bataille qu\u2019il a fallu livrer durant quarante minutes, avec \u00e0 la cl\u00e9 une belle r\u00e9compense avec cette victoire collective qui permet de bien s\u2019installer dans la partie haute du classement\u00a0!<\/p>\n<p>Les\u00a0\u00ab\u00a0Lumi\u00e8res du Phare de\u2026Chamb\u00e9ry\u00a0\u00bb brillaient de mille feux au moment d\u2019accueillir les acteurs de cette 15\u00e8me Journ\u00e9e d\u2019Elite2. Match de No\u00ebl jou\u00e9 \u00e0 guichets ferm\u00e9s, lancers de peluches sur le parquet\u2026Tout est r\u00e9uni pour cr\u00e9er une grosse ambiance ce jour et supporter l\u2019\u00e9quipe de l\u2019AMSB\u00a0! Sont appel\u00e9s pour d\u00e9buter la rencontre\u00a0: <strong>VITALE-BOITEUX, FALCOZ, AMMOUR, SMITH et PAVRETTE<\/strong> pour les savoyards. <strong>R\u00e9my VALIN<\/strong> \u00e0 lui fait confiance \u00e0 MANERLAX, MIENANDI, KANGUDIA, BOURHIS et VAN EYCK qui \u00e9tait incertain au d\u00e9part de Nantes. A noter l\u2019absence d\u2019<strong>EJ DAMBREVILLE<\/strong> rest\u00e9 \u00e0 Nantes suite \u00e0 sa sortie sur blessure contre Poitiers.<\/p>\n<p><strong>Q1<\/strong> \u2013 <strong>22<\/strong>\/21 Pas vraiment de round d\u2019observation entre les deux \u00e9quipes qui mettent de suite du rythme dans cette rencontre. Avec la r\u00e9plique imm\u00e9diate de <strong>FALCOZ<\/strong> au prim\u00e9 de <strong>VAN EYCK<\/strong> ce sont les locaux qui prennent un premier avantage au tableau d\u2019affichage (11\/7-5\u00e8me). Nantes r\u00e9agit vite et bien en inscrivant un 0\/5 gr\u00e2ce \u00e0 un 2+1 de <strong>BOURHIS<\/strong> et un panier sous le cercle de <strong>DOSSOU<\/strong>. A suivre <strong>ROSS<\/strong> y va d\u2019un coup de sa patte gauche derri\u00e8re l\u2019arc pour contrer l\u2019adresse de <strong>GRASSHOF <\/strong>aux lancers (5\/6 en deux minutes). S\u2019en suivra un chass\u00e9-crois\u00e9 jusqu\u2019en fin de premier quart temps qui sera cl\u00f4tur\u00e9 par un \u00ab\u00a0dunk\u00a0\u00bb de <strong>DOSSOU<\/strong>, mais ce sont les locaux qui basculent d\u2019un petit point en t\u00eate (22\/21-10\u00e8me).<\/p>\n<p><strong>Q2<\/strong> \u2013 21\/<strong>24 <\/strong>C\u2019est<strong> EDZATA <\/strong>qui d\u00e9clenche les hostilit\u00e9s avec un prim\u00e9 d\u00e8s la reprise (25\/21-11\u00e8me) mais le NBH est en vigilance\u2026 <strong>KANGUDIA<\/strong> et <strong>DOSSOU <\/strong>sont en contr\u00f4le (27\/26-14\u00e8me) et montrent l\u2019exemple \u00e0 leurs partenaires (27\/30-16\u00e8me). <strong>VAN EYCK<\/strong> fait montre de son talent et met ses partenaires en confiance\u00a0! En fin de p\u00e9riode <strong>DEMAHIS-BALLOU<\/strong> (9 Pts en 2\u201930\u2019\u2019) sonne la r\u00e9volte de l\u2019AMSB, mais deux missiles derri\u00e8re l\u2019arc de <strong>MIENANDI <\/strong>et <strong>ROSS<\/strong>, et un subtil flotteur de <strong>BOURHIS<\/strong> au \u00ab\u00a0buzzer\u00a0\u00bb donnent l\u2019avantage aux nantais au moment de rejoindre les vestiaires (43\/45-20\u00e8me).<\/p>\n<p><strong>Q3 \u2013 28<\/strong>\/19 La cord\u00e9e nantaise a d\u00e9viss\u00e9e dans les premi\u00e8res pentes de la troisi\u00e8me p\u00e9riode\u2026Un rapide 7\/0 orchestr\u00e9 par <strong>SMITH<\/strong>, <strong>PAVRETTE <\/strong>et un prim\u00e9 de <strong>FALCOZ <\/strong>(50\/45-23\u00e8me) auraient pu semer le doute chez les lig\u00e9riens\u00a0! Mais que nenni\u00a0! R\u00e9action instantan\u00e9e avec <strong>DOSSOU<\/strong> (2+1), suivi d\u2019un panier dans la raquette et du premier prim\u00e9 de <strong>KANGUDIA<\/strong> (50\/53-24\u00e8me). Cela a \u00e9t\u00e9 dit, ce soir il y aura bataille au Phare\u00a0! Les fl\u00e8ches prim\u00e9es d\u2019<strong>AMMOUR<\/strong> et de <strong>FALCOZ <\/strong>r\u00e9pliquent \u00e0 celles de KANGUDIA et <strong>BOURHIS <\/strong>laissant les deux \u00e9quipes au coude \u00e0 coude (64\/64-29\u00e8me). Mais le public savoyard donne de la voie et aide ses prot\u00e9g\u00e9s \u00e0 finir tr\u00e8s fort cette troisi\u00e8me p\u00e9riode\u2026Une nouvelle petite avalanche au tableau d\u2019affichage et un 7\/0 ass\u00e9n\u00e9 \u00e0 (71\/64-30\u00e8me).<\/p>\n<p><strong>Q4 <\/strong>\u2013 9\/<strong>25 <\/strong>Inqui\u00e9tudepersistante au retour sur le parquet malgr\u00e9 la r\u00e9ussite \u00e0 3 Pts de <strong>ROSS <\/strong>d\u00e8s la reprise. <strong>DEMAHIS-BALLOU<\/strong> et <strong>EDZATA <\/strong>sont aux affaires (74\/69-33\u00e8me), mais la justesse technique de <strong>VAN EYCK<\/strong> et la folle r\u00e9ussite de <strong>KANGUDIA <\/strong>(3 prim\u00e9s cons\u00e9cutifs) permettent aux gar\u00e7ons de <strong>VALIN<\/strong> de s\u2019offrir leur plus gros avantage (78\/82-37\u00e8me). A suivre un <strong>0\/5<\/strong> mis en \u0153uvre par le collectif tant d\u00e9fensif qu\u2019offensif viendra d\u00e9finitivement sceller cette victoire pr\u00e9cieuse \u00e0 l\u2019ext\u00e9rieur (80\/89-40\u00e8me).<\/p>\n<p>Ce soir,\u00a0 certes des individualit\u00e9s ont permis la concr\u00e9tisation de ce succ\u00e8s, mais une nouvelle fois, c\u2019est\u00a0 le collectif nantais qu\u2019il faut savoir saluer et mettre en avant. Des deux c\u00f4t\u00e9s du terrain les joueurs ont montr\u00e9 de la solidarit\u00e9, de la compl\u00e9mentarit\u00e9 et une farouche envie de prendre un match qui \u00e9tait loin d\u2019\u00eatre facile \u00e0 prendre\u00a0!<\/p>\n<p>F\u00e9licitations \u00e0 tous, bon retour et bonne r\u00e9cup\u00e9ration avant un nouveau d\u00e9placement compliqu\u00e9 d\u00e8s mardi soir\u00a0! Une 16\u00e8me Journ\u00e9e face \u00e0 <strong>DENAIN VOLTAIRE<\/strong>, actuel 3\u00e8me de la division (10V\/5D) et vainqueur \u00e0 <strong>VICHY<\/strong> ce vendredi (91\/97-AP).<\/p>\n<p><strong>\u00ab\u00a0A c\u0153ur vaillant rien d\u2019impossible\u00a0!\u00a0\u00bb<\/strong><\/p>\n<p><strong>Allez Nantes Basket Hermine\u00a0!<\/strong><\/p>\n<p><strong>Tcar<\/strong><\/p>\n<p><strong>LA MARQUE\u00a0:<\/strong><\/p>\n<p><strong>AIX-MAURIENNE<\/strong>\u00a0: DEMAHIS-BALLOU 16, GRASSHOF 9, SMITH 4, SANE 1, \u00a0VITALE-BOITEUX 10, FALCOZ 16, AMMOUR 7, EDZATA 9, PAVRETTE 8<\/p>\n<p><strong>NANTES<\/strong>\u00a0: BOURHIS 12, KANGUDIA 21, BOUM 5, VAN EYCK 13, MIENANDI 3, GASSAUD 10, DOSSOU 16, ROSS 9<\/p>\n<p><strong>LES AUTRES RESULTATS DE LA 15\u00e8me JOURNEE\u00a0:<\/strong><\/p>\n<ul class=\"wp-block-list\">\n<li><strong>Blois 82<\/strong> \u2013 Antibes 61<\/li>\n<li><strong>Poitiers 75<\/strong> \u2013 73 Challans<\/li>\n<li><strong>Orl\u00e9ans 91<\/strong> \u2013 \u00a0La Rochelle 61<\/li>\n<li><strong>Hy\u00e8res-Toulon 89<\/strong> \u2013 76 Caen<\/li>\n<li><strong>St-Chamond-Andr\u00e9zieux 106<\/strong> \u2013 84 Quimper<\/li>\n<li>Gries-Souffel 68 \u2013 <strong>Evreux 78<\/strong><\/li>\n<li>Vichy 91 \u2013 <strong>Denain 97<\/strong><\/li>\n<li><strong>Pau-Lacq-Orthez 86<\/strong> \u2013 72 Rouen<\/li>\n<li><strong>Ch\u00e2lons-Reims 84<\/strong>\/76 Roanne<\/li>\n<\/ul>\n<p><img loading=\"lazy\" decoding=\"async\" width=\"1024\" height=\"576\" src=\"https:\/\/www.europesays.com\/fr\/wp-content\/uploads\/2025\/12\/20251219_Aix_NBH-1024x576.jpg\" alt=\"20251219 Aix vs Nantes\" class=\"wp-image-25578\"  \/><\/p>\n","protected":false},"excerpt":{"rendered":"Nouveau pr\u00e9cieux succ\u00e8s \u00e0 l\u2019ext\u00e9rieur pour le NBH (80\/89) La troupe de R\u00e9my VALIN a r\u00e9alis\u00e9 ce soir&hellip;\n","protected":false},"author":2,"featured_media":611493,"comment_status":"","ping_status":"","sticky":false,"template":"","format":"standard","meta":{"footnotes":""},"categories":[2818],"tags":[1111,11,1465,34171,1777,674,1011,27,34172,3145,955,766,34173,12,2636,25],"class_list":{"0":"post-611492","1":"post","2":"type-post","3":"status-publish","4":"format-standard","5":"has-post-thumbnail","7":"category-nantes","8":"tag-actu","9":"tag-actualites","10":"tag-basket","11":"tag-elite2","12":"tag-eu","13":"tag-europe","14":"tag-fr","15":"tag-france","16":"tag-hermine","17":"tag-lnb","18":"tag-match","19":"tag-nantes","20":"tag-nbh","21":"tag-news","22":"tag-pays-de-la-loire","23":"tag-republique-francaise"},"share_on_mastodon":{"url":"https:\/\/pubeurope.com\/@fr\/115751341036283666","error":""},"_links":{"self":[{"href":"https:\/\/www.europesays.com\/fr\/wp-json\/wp\/v2\/posts\/611492","targetHints":{"allow":["GET"]}}],"collection":[{"href":"https:\/\/www.europesays.com\/fr\/wp-json\/wp\/v2\/posts"}],"about":[{"href":"https:\/\/www.europesays.com\/fr\/wp-json\/wp\/v2\/types\/post"}],"author":[{"embeddable":true,"href":"https:\/\/www.europesays.com\/fr\/wp-json\/wp\/v2\/users\/2"}],"replies":[{"embeddable":true,"href":"https:\/\/www.europesays.com\/fr\/wp-json\/wp\/v2\/comments?post=611492"}],"version-history":[{"count":0,"href":"https:\/\/www.europesays.com\/fr\/wp-json\/wp\/v2\/posts\/611492\/revisions"}],"wp:featuredmedia":[{"embeddable":true,"href":"https:\/\/www.europesays.com\/fr\/wp-json\/wp\/v2\/media\/611493"}],"wp:attachment":[{"href":"https:\/\/www.europesays.com\/fr\/wp-json\/wp\/v2\/media?parent=611492"}],"wp:term":[{"taxonomy":"category","embeddable":true,"href":"https:\/\/www.europesays.com\/fr\/wp-json\/wp\/v2\/categories?post=611492"},{"taxonomy":"post_tag","embeddable":true,"href":"https:\/\/www.europesays.com\/fr\/wp-json\/wp\/v2\/tags?post=611492"}],"curies":[{"name":"wp","href":"https:\/\/api.w.org\/{rel}","templated":true}]}}