{"id":611498,"date":"2025-12-20T10:09:18","date_gmt":"2025-12-20T10:09:18","guid":{"rendered":"https:\/\/www.europesays.com\/fr\/611498\/"},"modified":"2025-12-20T10:09:18","modified_gmt":"2025-12-20T10:09:18","slug":"visites-guidees-ateliers-et-pilotage-de-drones-des-vacances-de-noel-passionnantes-a-aeroscopia","status":"publish","type":"post","link":"https:\/\/www.europesays.com\/fr\/611498\/","title":{"rendered":"Visites guid\u00e9es, ateliers et pilotage de drones : des vacances de No\u00ebl passionnantes \u00e0 aeroscopia"},"content":{"rendered":"<p>Une <strong>id\u00e9e sortie <\/strong>pour <strong>occuper les enfants comme les adultes<\/strong> lors des<strong> vacances <\/strong>? Parce qu&rsquo;il n&rsquo;y a pas que les march\u00e9s de No\u00ebl et les illuminations, <strong>direction le mus\u00e9e aeroscopia <\/strong>qui f\u00eate son dixi\u00e8me anniversaire\u00a0afin de <strong>se divertir tout en se cultivant<\/strong>.\u00a0<strong>Animations, ateliers et visites guid\u00e9es th\u00e9matiques<\/strong> : <strong>l&rsquo;histoire de l&rsquo;a\u00e9ronautique prend de multiples formes<\/strong>, toutes ludiques et instructives !<\/p>\n<p>\u00a0<\/p>\n<p>Des escales th\u00e9matiques express<\/p>\n<p>Encore des cadeaux \u00e0 acheter ou des plats \u00e0 concocter\u2026 Pas de probl\u00e8me, le mus\u00e9e aeroscopia a imagin\u00e9 des<strong> \u00ab\u00a0escales th\u00e9matiques\u00a0\u00bb<\/strong>, soit des<strong> visites guid\u00e9es gratuites <\/strong>d&rsquo;une dur\u00e9e d&rsquo;<strong>une demi-heure<\/strong>, d\u00e8s 14h30. <strong>Les th\u00e8mes sont vari\u00e9s<\/strong> et permettront au public de d\u00e9couvrir <strong>l&rsquo;A380, l&rsquo;A300B, le Super Guppy <\/strong>ou encore<strong> le vol en Concorde<\/strong>. Le programme pr\u00e9cis des escales est \u00e0 retrouver sur <a href=\"https:\/\/www.aeroscopia.fr\/vacances-noel-musee\" target=\"_self\" rel=\"noopener\">le site internet<\/a>.<\/p>\n<p>\u00a0<\/p>\n<p>Des visites guid\u00e9es d\u00e9couverte, sp\u00e9cial Concorde, A400M&#8230;\u00a0<\/p>\n<p>Les visiteurs\u00a0disposant de plus de temps profiteront d&rsquo;<strong>une visite guid\u00e9e d&rsquo;une heure<\/strong>, afin d&rsquo;explorer\u00a0en profondeur l&rsquo;industrie a\u00e9ronautique <strong>(3,50\u20ac en plus du billet d&rsquo;entr\u00e9e)<\/strong>. La<strong> \u00ab\u00a0Visite d\u00e9couverte du mus\u00e9e\u00a0\u00bb<\/strong> est id\u00e9ale pour s&rsquo;immerger dans le monde d&rsquo;aeroscopia, notamment si c&rsquo;est la premi\u00e8re fois :<strong> collections phares, avions embl\u00e9matiques, fresque historique<\/strong>&#8230; (du 20 au 24 d\u00e9cembre, les 26, 29 et 31\u00a0d\u00e9cembre, le\u00a02 janvier, \u00e0 11h).\u00a0<\/p>\n<p>        <img decoding=\"async\" class=\"std-img__img responsive-img\" src=\"https:\/\/www.europesays.com\/fr\/wp-content\/uploads\/2025\/12\/1766225354_44_image.jpg\" alt=\"Le fameux Super Guppy, anc\u00eatre du B\u00e9luga.\"\/><\/p>\n<p>                Le fameux Super Guppy, anc\u00eatre du B\u00e9luga.<br \/>\n                                    \/ \u00a9 Vincent Bramary<\/p>\n<p>Une folle envie d&rsquo;<strong>embarquer \u00e0 bord de l&rsquo;A400M <\/strong>? <strong>L&rsquo;avion de transport militaire ouvre ses portes<\/strong> lors d&rsquo;une visite sp\u00e9ciale, qui sera suivie de l&rsquo;observation\u00a0<strong>du Concorde, de l&rsquo;A300B et du Super Guppy<\/strong>. Parfait pour les passionn\u00e9s d&rsquo;appareils ing\u00e9nieux et les r\u00eaveurs. (les 27 et 28 d\u00e9cembre, les 3 et 4 janvier, \u00e0 11h).<\/p>\n<blockquote>\n<p class=\"std-elt__inline\">\n        <strong>\u00c0 lire aussi :<\/strong><br \/>\n        <a href=\"https:\/\/www.toulouscope.fr\/2025\/12\/12\/a-2h30-de-toulouse-la-plus-grande-station-de-ski-despagne-va-accueillir-de-grands-evenements-cette-saison-13036537.php\" target=\"_blank\" rel=\"noopener\">\u00c0 2h30 de Toulouse, la plus grande station de ski d&rsquo;Espagne va accueillir de grands \u00e9v\u00e9nements cette saison<\/a>\n    <\/p>\n<p>\u00a0\n<\/p><\/blockquote>\n<p>Ateliers DIY : dessin, pliage&#8230;<\/p>\n<p>Une s\u00e9rie d&rsquo;<strong>activit\u00e9s gratuites <\/strong>sont offertes aux familles en cette p\u00e9riode de f\u00eates. La session <strong>\u00ab\u00a0Dessine-moi si tu peux !\u00a0\u00bb <\/strong>invite \u00e0 user de ses talents pour <strong>faire deviner hydravions, avions-cargos et autres appareils<\/strong>. (les 23 d\u00e9cembre et 26 d\u00e9cembre, le 2 janvier, \u00e0\u00a016h30).<\/p>\n<p>Les <strong>fans d&rsquo;origamis<\/strong> cr\u00e9eront leurs propres <strong>avions en papier<\/strong>, un peu plus subtils que le mod\u00e8le basique que l&rsquo;on conna\u00eet tous, lors d&rsquo;ateliers pliage les\u00a022\u00a0et\u00a031 d\u00e9cembre et\u00a0le 4 janvier, \u00e0 16h30.<\/p>\n<p>Enfin, les m\u00e9canos en herbe fabriqueront <strong>une pale d&rsquo;h\u00e9licopt\u00e8re<\/strong> lors d&rsquo;un atelier cr\u00e9atif (les 29 d\u00e9cembre et 3 janvier, \u00e0 16h30)\u00a0<\/p>\n<p>        <img decoding=\"async\" class=\"std-img__img responsive-img\" src=\"https:\/\/www.europesays.com\/fr\/wp-content\/uploads\/2025\/12\/1766225356_446_image.jpg\" alt=\"Entre patrimoine historique et derni\u00e8res innovations...\"\/><\/p>\n<p>                Entre patrimoine historique et derni\u00e8res innovations&#8230;<br \/>\n                                    \/ \u00a9 Vincent Bramary<\/p>\n<p>\u00a0<\/p>\n<p>S&rsquo;essayer au pilotage de\u00a0drones<\/p>\n<p>Le mus\u00e9e propose les dimanches 21 et 28 d\u00e9cembre \u00e0 15h30 de s&rsquo;essayer au<strong> pilotage de dr\u00f4ne ! Courses d&rsquo;obstacles, missions de sauvetage, prises de vue<\/strong>&#8230; Tout un univers exaltant attend <strong>les apprentis pilotes de drones d\u00e8s 7 ans<\/strong>, guid\u00e9s par le professeur\u00a0Mysther des <strong>Savants Fous<\/strong><\/p>\n<p>        <img decoding=\"async\" class=\"std-img__img responsive-img\" src=\"https:\/\/www.europesays.com\/fr\/wp-content\/uploads\/2025\/12\/1766225358_672_image.png\" alt=\"Visites guid\u00e9es, ateliers et pilotage de drones : des vacances de No\u00ebl passionnantes \u00e0 aeroscopia\"\/><\/p>\n<p>                Visites guid\u00e9es, ateliers et pilotage de drones : des vacances de No\u00ebl passionnantes \u00e0 aeroscopia<\/p>\n<p>\u00a0<\/p>\n<p>\u00ab\u00a0Toulouse, la ville et l&rsquo;avion\u00a0\u00bb : une nouvelle animation in\u00e9dite<\/p>\n<p>Pour ces vacances, le mus\u00e9e lance une nouvelle animation qui devrait passionner ceux qui\u00a0s&rsquo;interrogent sur la mani\u00e8re dont<strong> l&rsquo;a\u00e9ronautique a fa\u00e7onn\u00e9 la Ville Rose<\/strong>. Rendez-vous les 27 et 30 d\u00e9cembre, \u00e0 16h30 pour comprendre de mani\u00e8re ludique comment Toulouse s\u2019est transform\u00e9e gr\u00e2ce et avec l\u2019a\u00e9ronautique.<\/p>\n<p>\n            Horaires :<br \/>\n            Ouvert tous les jours de 9h30 \u00e0 19h (dernier dimanche des vacances, fermeture \u00e0 18h)\n        <\/p>\n<p>\n            Lieu :<br \/>\n            Mus\u00e9e aeroscopia\n        <\/p>\n<p>\n            Adresse :<br \/>\n            All\u00e9e Andr\u00e9 Turcat, 31700 Blagnac\n        <\/p>\n<p>\n            Tarif :<br \/>\n            16\u20ac plein, 13\u20ac r\u00e9duit, 80\u20ac famille (deux adultes et deux enfants), gratuit &#8211; de 6 ans\n        <\/p>\n<p>\n            Contact :<br \/>\n            05 34 39 42 00\n        <\/p>\n","protected":false},"excerpt":{"rendered":"Une id\u00e9e sortie pour occuper les enfants comme les adultes lors des vacances ? Parce qu&rsquo;il n&rsquo;y a&hellip;\n","protected":false},"author":2,"featured_media":611499,"comment_status":"","ping_status":"","sticky":false,"template":"","format":"standard","meta":{"footnotes":""},"categories":[2816],"tags":[1111,11,1777,674,1011,27,12,2680,25,4251,2312],"class_list":{"0":"post-611498","1":"post","2":"type-post","3":"status-publish","4":"format-standard","5":"has-post-thumbnail","7":"category-toulouse","8":"tag-actu","9":"tag-actualites","10":"tag-eu","11":"tag-europe","12":"tag-fr","13":"tag-france","14":"tag-news","15":"tag-occitanie","16":"tag-republique-francaise","17":"tag-sortir","18":"tag-toulouse"},"share_on_mastodon":{"url":"https:\/\/pubeurope.com\/@fr\/115751352254947144","error":""},"_links":{"self":[{"href":"https:\/\/www.europesays.com\/fr\/wp-json\/wp\/v2\/posts\/611498","targetHints":{"allow":["GET"]}}],"collection":[{"href":"https:\/\/www.europesays.com\/fr\/wp-json\/wp\/v2\/posts"}],"about":[{"href":"https:\/\/www.europesays.com\/fr\/wp-json\/wp\/v2\/types\/post"}],"author":[{"embeddable":true,"href":"https:\/\/www.europesays.com\/fr\/wp-json\/wp\/v2\/users\/2"}],"replies":[{"embeddable":true,"href":"https:\/\/www.europesays.com\/fr\/wp-json\/wp\/v2\/comments?post=611498"}],"version-history":[{"count":0,"href":"https:\/\/www.europesays.com\/fr\/wp-json\/wp\/v2\/posts\/611498\/revisions"}],"wp:featuredmedia":[{"embeddable":true,"href":"https:\/\/www.europesays.com\/fr\/wp-json\/wp\/v2\/media\/611499"}],"wp:attachment":[{"href":"https:\/\/www.europesays.com\/fr\/wp-json\/wp\/v2\/media?parent=611498"}],"wp:term":[{"taxonomy":"category","embeddable":true,"href":"https:\/\/www.europesays.com\/fr\/wp-json\/wp\/v2\/categories?post=611498"},{"taxonomy":"post_tag","embeddable":true,"href":"https:\/\/www.europesays.com\/fr\/wp-json\/wp\/v2\/tags?post=611498"}],"curies":[{"name":"wp","href":"https:\/\/api.w.org\/{rel}","templated":true}]}}