{"id":61150,"date":"2025-04-29T06:40:18","date_gmt":"2025-04-29T06:40:18","guid":{"rendered":"https:\/\/www.europesays.com\/fr\/61150\/"},"modified":"2025-04-29T06:40:18","modified_gmt":"2025-04-29T06:40:18","slug":"braquage-de-kim-kardashian-a-paris-le-proces-des-papys-braqueurs-souvre-neuf-ans-apres-les-faits-sans-la-star","status":"publish","type":"post","link":"https:\/\/www.europesays.com\/fr\/61150\/","title":{"rendered":"Braquage de Kim Kardashian \u00e0 Paris: le proc\u00e8s des \u00ab\u00a0papys braqueurs\u00a0\u00bb s&rsquo;ouvre neuf ans apr\u00e8s les faits sans la star"},"content":{"rendered":"<p>Le proc\u00e8s du spectaculaire braquage de Kim Kardashian en 2016 s&rsquo;est ouvert lundi \u00e0 Paris. L&rsquo;influenceuse am\u00e9ricaine, victime d&rsquo;un vol \u00e0 9 millions d&rsquo;euros, viendra t\u00e9moigner le 13 mai devant la cour d&rsquo;assises.<\/p>\n<p>&#13;<br \/>\n&#13;<\/p>\n<p>Le proc\u00e8s du braquage retentissant de Kim Kardashian, survenu dans la nuit du 2 au 3 octobre 2016 en pleine Fashion Week parisienne, s\u2019est ouvert ce lundi apr\u00e8s-midi \u00e0 Paris. Dans la salle d&rsquo;audience, les dix accus\u00e9s, dont neuf hommes et une femme,\u00a0comparaissent libres\u00a0sous la pr\u00e9sidence du magistrat David De Pas.<\/p>\n<p>\u00c2g\u00e9s en moyenne d&rsquo;une soixantaine d&rsquo;ann\u00e9es au moment des faits, les accus\u00e9s, surnomm\u00e9s les \u00ab\u00a0papys braqueurs\u00a0\u00bb, affichent aujourd&rsquo;hui cheveux grisonnants, cannes et appareils auditifs. Un dispositif sp\u00e9cifique a m\u00eame \u00e9t\u00e9 mis en place pour permettre \u00e0 l&rsquo;un d&rsquo;eux, malentendant, de suivre les d\u00e9bats gr\u00e2ce \u00e0 une retranscription st\u00e9notyp\u00e9e.<\/p>\n<p>&#13;<br \/>\n&#13;<\/p>\n<p>&#13;<br \/>\n&#13;<\/p>\n<p>Kim Kardashian, aujourd&rsquo;hui \u00e2g\u00e9e de 44 ans, est absente ce lundi. Ses avocats ont confirm\u00e9 sa venue pour son audition, pr\u00e9vue le 13 mai prochain. Dans la salle, seul le r\u00e9ceptionniste de l&rsquo;h\u00f4tel No Address, contraint d&rsquo;escorter les malfaiteurs vers la chambre de la star cette nuit-l\u00e0, \u00e9tait pr\u00e9sent.<\/p>\n<p>La bague de fian\u00e7ailles, cible des braqueurs<\/p>\n<p>Selon l&rsquo;enqu\u00eate, deux hommes encagoul\u00e9s avaient fait irruption dans la chambre de Kim Kardashian, alors en peignoir, lui r\u00e9clamant\u00a0sa bague de fian\u00e7ailles offerte par Kanye West, estim\u00e9e \u00e0 3,5 millions d&rsquo;euros. La star avait \u00e9t\u00e9 ligot\u00e9e et enferm\u00e9e dans la salle de bain, avant que les braqueurs ne disparaissent avec un butin total \u00e9valu\u00e9 \u00e0 neuf millions d&rsquo;euros, principalement compos\u00e9 de bijoux. Seul un collier perdu lors de leur fuite a \u00e9t\u00e9 retrouv\u00e9.<\/p>\n<p>Le principal suspect, Aomar A\u00eft Khedache, a reconnu avoir particip\u00e9 \u00e0 l&rsquo;op\u00e9ration, mais minimise son r\u00f4le, \u00e9voquant un \u00ab\u00a0coup facile\u00a0\u00bb mont\u00e9 gr\u00e2ce \u00e0 un informateur proche de la victime. Il affirme \u00e9galement qu&rsquo;un commanditaire, dont il refuse de donner le nom, l&rsquo;aurait approch\u00e9 pour r\u00e9aliser ce braquage.<\/p>\n<p>&#13;<br \/>\n&#13;<\/p>\n<p>&#13;<br \/>\n&#13;<br \/>\nUn braquage express, aux lourdes cons\u00e9quences<\/p>\n<p>Le vol n&rsquo;a dur\u00e9 qu&rsquo;une dizaine de minutes, mais a profond\u00e9ment marqu\u00e9 Kim Kardashian. Traumatis\u00e9e, elle avait cess\u00e9 d&rsquo;exposer sa vie en temps r\u00e9el sur les r\u00e9seaux sociaux et avait \u00e9vit\u00e9 Paris pendant plusieurs ann\u00e9es. \u00c0 l\u2019\u00e9poque, la star, d\u00e9j\u00e0 immense c\u00e9l\u00e9brit\u00e9 gr\u00e2ce \u00e0 l\u2019\u00e9mission \u00ab\u00a0L\u2019incroyable famille Kardashian\u00a0\u00bb, \u00e9tait suivie par 84 millions d&rsquo;abonn\u00e9s sur Instagram,\u00a0ils sont aujourd&rsquo;hui 357 millions.<\/p>\n<p>    \u00c0 lire aussi<\/p>\n<p>  <img decoding=\"async\" class=\"r-img\"  typeof=\"foaf:Image\" src=\"https:\/\/www.europesays.com\/fr\/wp-content\/uploads\/2025\/04\/kim-kardashian.jpg\" alt=\"kim-kardashian\"\/><br \/>\n      <a href=\"https:\/\/www.rtl.be\/actu\/monde\/france\/jai-sequestre-kim-kardashian-lun-des-braqueurs-yunice-abbas-balance-tout\/2025-04-27\/article\/747738\" class=\"r-stories--link\" rel=\"nofollow noopener\" target=\"_blank\">\u00ab\u00a0J&rsquo;ai s\u00e9questr\u00e9 Kim Kardashian\u00a0\u00bb: l&rsquo;un des braqueurs, Yunice Abbas, balance tout<\/a><\/p>\n<p>Les braqueurs eux-m\u00eames ignoraient l&rsquo;identit\u00e9 de leur cible pr\u00e9cise : au r\u00e9ceptionniste, ils avaient simplement demand\u00e9 \u00ab\u00a0la femme du rappeur\u00a0\u00bb, prenant conscience de l&rsquo;ampleur de leur acte seulement apr\u00e8s sa m\u00e9diatisation mondiale. L\u2019enqu\u00eate avait permis de saisir plusieurs centaines de milliers d\u2019euros, mais une large partie du butin aurait \u00e9t\u00e9 \u00e9coul\u00e9e en Belgique, apr\u00e8s avoir \u00e9t\u00e9 fondue.<\/p>\n<p>Un proc\u00e8s tardif<\/p>\n<p>Neuf ans apr\u00e8s les faits, ce proc\u00e8s se tient sans d\u00e9tenus, expliquant en partie les d\u00e9lais de proc\u00e9dure. Environ 400 journalistes, dont de nombreux m\u00e9dias \u00e9trangers, avaient \u00e9t\u00e9 accr\u00e9dit\u00e9s, m\u00eame si l&rsquo;absence de Kim Kardashian lors de cette premi\u00e8re journ\u00e9e a l\u00e9g\u00e8rement r\u00e9duit l&rsquo;effervescence autour du palais de justice de l&rsquo;\u00eele de la Cit\u00e9.<\/p>\n<p>Le verdict est attendu le 23 mai prochain.<\/p>\n<p>&#13;<br \/>\n&#13;<\/p>\n<p>&#13;<br \/>\n&#13;<\/p>\n<p><a class=\"r-btn r-btn--tag\" href=\"https:\/\/www.rtl.be\/5549\/free-tags\/proces\" title=\"proc\u00e8s\" rel=\"nofollow noopener\" target=\"_blank\">proc\u00e8s<\/a><br \/>\n<a class=\"r-btn r-btn--tag\" href=\"https:\/\/www.rtl.be\/5775\/free-tags\/vol\" title=\"vol\" rel=\"nofollow noopener\" target=\"_blank\">vol<\/a><br \/>\n<a class=\"r-btn r-btn--tag\" href=\"https:\/\/www.rtl.be\/5453\/free-tags\/kim-kardashian\" title=\"Kim Kardashian\" rel=\"nofollow noopener\" target=\"_blank\">Kim Kardashian<\/a><\/p>\n","protected":false},"excerpt":{"rendered":"Le proc\u00e8s du spectaculaire braquage de Kim Kardashian en 2016 s&rsquo;est ouvert lundi \u00e0 Paris. L&rsquo;influenceuse am\u00e9ricaine, victime&hellip;\n","protected":false},"author":2,"featured_media":61151,"comment_status":"","ping_status":"","sticky":false,"template":"","format":"standard","meta":{"footnotes":""},"categories":[1888],"tags":[1111,1928,11,1927,1777,674,1011,27,8932,12,1926,626,1925,5927,25,1175],"class_list":{"0":"post-61150","1":"post","2":"type-post","3":"status-publish","4":"format-standard","5":"has-post-thumbnail","7":"category-paris","8":"tag-actu","9":"tag-actu-paris","10":"tag-actualites","11":"tag-actualites-paris","12":"tag-eu","13":"tag-europe","14":"tag-fr","15":"tag-france","16":"tag-kim-kardashian","17":"tag-news","18":"tag-news-paris","19":"tag-paris","20":"tag-paris-news","21":"tag-procu00e8s","22":"tag-republique-francaise","23":"tag-vol"},"share_on_mastodon":{"url":"https:\/\/pubeurope.com\/@fr\/114419887440593570","error":""},"_links":{"self":[{"href":"https:\/\/www.europesays.com\/fr\/wp-json\/wp\/v2\/posts\/61150","targetHints":{"allow":["GET"]}}],"collection":[{"href":"https:\/\/www.europesays.com\/fr\/wp-json\/wp\/v2\/posts"}],"about":[{"href":"https:\/\/www.europesays.com\/fr\/wp-json\/wp\/v2\/types\/post"}],"author":[{"embeddable":true,"href":"https:\/\/www.europesays.com\/fr\/wp-json\/wp\/v2\/users\/2"}],"replies":[{"embeddable":true,"href":"https:\/\/www.europesays.com\/fr\/wp-json\/wp\/v2\/comments?post=61150"}],"version-history":[{"count":0,"href":"https:\/\/www.europesays.com\/fr\/wp-json\/wp\/v2\/posts\/61150\/revisions"}],"wp:featuredmedia":[{"embeddable":true,"href":"https:\/\/www.europesays.com\/fr\/wp-json\/wp\/v2\/media\/61151"}],"wp:attachment":[{"href":"https:\/\/www.europesays.com\/fr\/wp-json\/wp\/v2\/media?parent=61150"}],"wp:term":[{"taxonomy":"category","embeddable":true,"href":"https:\/\/www.europesays.com\/fr\/wp-json\/wp\/v2\/categories?post=61150"},{"taxonomy":"post_tag","embeddable":true,"href":"https:\/\/www.europesays.com\/fr\/wp-json\/wp\/v2\/tags?post=61150"}],"curies":[{"name":"wp","href":"https:\/\/api.w.org\/{rel}","templated":true}]}}