{"id":611504,"date":"2025-12-20T10:12:49","date_gmt":"2025-12-20T10:12:49","guid":{"rendered":"https:\/\/www.europesays.com\/fr\/611504\/"},"modified":"2025-12-20T10:12:49","modified_gmt":"2025-12-20T10:12:49","slug":"previsions-du-vendredi-19-decembre-2025-4","status":"publish","type":"post","link":"https:\/\/www.europesays.com\/fr\/611504\/","title":{"rendered":"pr\u00e9visions du vendredi 19 d\u00e9cembre 2025"},"content":{"rendered":"<p>Aujourd&rsquo;hui, le vent va peu \u00e0 peu chasser les nuages \u00e0 Lille. Il fera 9\u00b0C en moyenne. D&rsquo;un autre c\u00f4t\u00e9, le matin, des nuages ne voudront pas c\u00e9der leur place au soleil. Les temp\u00e9ratures seront comprises entre 9\u00b0C et 10\u00b0C. Un l\u00e9ger vent d&rsquo;ouest soufflera. La grisaille ne se dissipe toujours pas, il y aura encore des nuages l&rsquo;apr\u00e8s-midi. Les valeurs iront de 8 \u00e0 10\u00b0C. Le temps devrait s&rsquo;am\u00e9liorer pendant la soir\u00e9e. Les temp\u00e9ratures seront de 7\u00b0C au plus bas et de 8\u00b0C au plus haut. Une nuit claire vous attendra entre vendredi et samedi.<\/p>\n<p>Demain, \u00e0 Lille, on sera sous un ciel bien maussade, couvert de nuages. Une baisse des temp\u00e9ratures est \u00e0 pr\u00e9voir. On anticipe des valeurs d&rsquo;environ 6\u00b0C. Un vent de sud-est rafra\u00eechira l\u00e9g\u00e8rement l&rsquo;atmosph\u00e8re. En revanche, petits et grands pourront appr\u00e9cier leur matin\u00e9e sous un ciel l\u00e9g\u00e8rement nuageux. Les maximales atteindront les 7\u00b0C alors que les minimales seront de 5\u00b0C. La m\u00e9t\u00e9o va progressivement se couvrir durant l&rsquo;apr\u00e8s-midi avec la venue de nuages. Les temp\u00e9ratures afficheront entre 6 et 7\u00b0C. Encore de la grisaille demain soir. Les nuages vont stationner. Les valeurs s&rsquo;\u00e9chelonneront entre 6 et 7\u00b0C.<\/p>\n<p>On s&rsquo;attend \u00e0 une am\u00e9lioration lundi, apr\u00e8s une journ\u00e9e nuageuse dimanche.<\/p>\n<p>La circulation va \u00eatre perturb\u00e9e par les intemp\u00e9ries. Il est tr\u00e8s important d&rsquo;\u00eatre vigilant, la visibilit\u00e9 et l&rsquo;adh\u00e9rence des pneus \u00e0 la route \u00e9tant diminu\u00e9es.<\/p>\n","protected":false},"excerpt":{"rendered":"Aujourd&rsquo;hui, le vent va peu \u00e0 peu chasser les nuages \u00e0 Lille. Il fera 9\u00b0C en moyenne. D&rsquo;un&hellip;\n","protected":false},"author":2,"featured_media":611505,"comment_status":"","ping_status":"","sticky":false,"template":"","format":"standard","meta":{"footnotes":""},"categories":[2815],"tags":[1111,11,1777,674,1011,27,811,1307,12,2119,25],"class_list":{"0":"post-611504","1":"post","2":"type-post","3":"status-publish","4":"format-standard","5":"has-post-thumbnail","7":"category-lille","8":"tag-actu","9":"tag-actualites","10":"tag-eu","11":"tag-europe","12":"tag-fr","13":"tag-france","14":"tag-hauts-de-france","15":"tag-lille","16":"tag-news","17":"tag-previsions-meteo","18":"tag-republique-francaise"},"share_on_mastodon":{"url":"https:\/\/pubeurope.com\/@fr\/115751367704995973","error":""},"_links":{"self":[{"href":"https:\/\/www.europesays.com\/fr\/wp-json\/wp\/v2\/posts\/611504","targetHints":{"allow":["GET"]}}],"collection":[{"href":"https:\/\/www.europesays.com\/fr\/wp-json\/wp\/v2\/posts"}],"about":[{"href":"https:\/\/www.europesays.com\/fr\/wp-json\/wp\/v2\/types\/post"}],"author":[{"embeddable":true,"href":"https:\/\/www.europesays.com\/fr\/wp-json\/wp\/v2\/users\/2"}],"replies":[{"embeddable":true,"href":"https:\/\/www.europesays.com\/fr\/wp-json\/wp\/v2\/comments?post=611504"}],"version-history":[{"count":0,"href":"https:\/\/www.europesays.com\/fr\/wp-json\/wp\/v2\/posts\/611504\/revisions"}],"wp:featuredmedia":[{"embeddable":true,"href":"https:\/\/www.europesays.com\/fr\/wp-json\/wp\/v2\/media\/611505"}],"wp:attachment":[{"href":"https:\/\/www.europesays.com\/fr\/wp-json\/wp\/v2\/media?parent=611504"}],"wp:term":[{"taxonomy":"category","embeddable":true,"href":"https:\/\/www.europesays.com\/fr\/wp-json\/wp\/v2\/categories?post=611504"},{"taxonomy":"post_tag","embeddable":true,"href":"https:\/\/www.europesays.com\/fr\/wp-json\/wp\/v2\/tags?post=611504"}],"curies":[{"name":"wp","href":"https:\/\/api.w.org\/{rel}","templated":true}]}}