{"id":611509,"date":"2025-12-20T10:16:18","date_gmt":"2025-12-20T10:16:18","guid":{"rendered":"https:\/\/www.europesays.com\/fr\/611509\/"},"modified":"2025-12-20T10:16:18","modified_gmt":"2025-12-20T10:16:18","slug":"lidl-va-ouvrir-des-nouveaux-magasins-dans-ces-quartiers-a-la-place-dauchan-les-dates-douverture","status":"publish","type":"post","link":"https:\/\/www.europesays.com\/fr\/611509\/","title":{"rendered":"Lidl va ouvrir des nouveaux magasins dans ces quartiers \u00e0 la place d&rsquo;Auchan, les dates d&rsquo;ouverture"},"content":{"rendered":"<p>                    Par<br \/>\n        <strong><br \/>\n            <a href=\"https:\/\/actu.fr\/auteur\/nicolas-zaugra\" title=\"Consulter tous les articles de Nicolas Zaugra\" target=\"_blank\" rel=\"noopener\">Nicolas Zaugra<\/a><br \/>\n                    <\/strong><\/p>\n<p>        Publi\u00e9 le<\/p>\n<p>            20 d\u00e9c. 2025 \u00e0 6h46        <\/p>\n<p>Le groupe allemand <a href=\"https:\/\/actu.fr\/tag\/lidl\" target=\"_blank\" rel=\"noopener\">Lidl<\/a> continue d\u2019\u00e9tendre son influence \u00e0 <a href=\"https:\/\/actu.fr\/auvergne-rhone-alpes\/lyon_69123\" target=\"_blank\" rel=\"noopener\">Lyon<\/a> et dans la m\u00e9tropole. En plus de l\u2019ouverture de nouveaux magasins attendus l\u2019ann\u00e9e prochaine, le distributeur a aussi rachet\u00e9 deux points de vente <a href=\"https:\/\/actu.fr\/tag\/auchan\" target=\"_blank\" rel=\"noopener\">Auchan<\/a> qu\u2019il va transformer et renommer ces prochains mois. En juillet dernier, on apprenait que <a href=\"https:\/\/actu.fr\/auvergne-rhone-alpes\/lyon_69123\/lyon-ces-deux-grands-supermarches-auchan-vont-etre-vendus-a-lidl-voici-lesquels_62921590.html\" target=\"_blank\" rel=\"noopener\">Lidl reprenait 19 magasins du fran\u00e7ais Auchan<\/a> qui a d\u00e9cid\u00e9 d\u2019arr\u00eater d\u2019exploiter des petits points de vente.\u00a0<\/p>\n<p>Deux ouvertures en 2026 \u00e0 Lyon<\/p>\n<p class=\" wall-content\">A Lyon, deux magasins vont changer d\u2019enseigne et devenir des Lidl. Celui du quartier des Etats-Unis dans le 8e arrondissement et de La Duch\u00e8re dans le 9e arrondissement. Deux quartiers populaires. Les dates d\u2019ouverture sont d\u00e9sormais connus, les Auchan vont devenir des Lidl en 2026.<\/p>\n<ul class=\" wall-content\">\n<li>Lyon Etats-Unis, le 11 juin 2026<\/li>\n<li>Lyon Duch\u00e8re, le 18 juin 2026<\/li>\n<\/ul>\n<p class=\" wall-content\">Lidl pr\u00e9voit aussi deux autres ouvertures dans Lyon : l\u2019un dans le <a href=\"https:\/\/actu.fr\/auvergne-rhone-alpes\/lyon_69123\/lyon-lidl-va-ouvrir-un-magasin-dans-ce-quartier-tres-dynamique-l-adresse-confirmee_62237013.html\" target=\"_blank\" rel=\"noopener\">quartier de Gerland<\/a> dans le quartier des Girondins. Le plus attendu est celui qui prend place dans l\u2019<a href=\"https:\/\/actu.fr\/auvergne-rhone-alpes\/lyon_69123\/lyon-lidl-va-ouvrir-un-immense-magasin-dans-le-celebre-garage-citroen_60277359.html\" target=\"_blank\" rel=\"noopener\">ancien garage historique Citro\u00ebn de la Guilloti\u00e8re<\/a> dans le 7e arrondissement.\u00a0<\/p>\n<p class=\" wall-content\">Personnalisez votre actualit\u00e9 en ajoutant vos villes et m\u00e9dias en favori avec <a href=\"https:\/\/moncompte.actu.fr\" title=\"D\u00e9couvez Mon Actu\" rel=\"nofollow noopener\" data-trk=\"{&quot;cta&quot;:{&quot;action&quot;:&quot;https:\\\/\\\/moncompte.actu.fr&quot;,&quot;category&quot;:&quot;mon compte&quot;,&quot;from&quot;:&quot;article footer&quot;,&quot;name&quot;:&quot;Mon actu&quot;,&quot;type&quot;:&quot;cta&quot;}}\" target=\"_blank\">Mon Actu<\/a>.<\/p>\n","protected":false},"excerpt":{"rendered":"Par Nicolas Zaugra Publi\u00e9 le 20 d\u00e9c. 2025 \u00e0 6h46 Le groupe allemand Lidl continue d\u2019\u00e9tendre son influence&hellip;\n","protected":false},"author":2,"featured_media":611510,"comment_status":"","ping_status":"","sticky":false,"template":"","format":"standard","meta":{"footnotes":""},"categories":[1889],"tags":[1111,11,14474,2430,215,33,1777,674,1011,27,18542,2428,12,25],"class_list":{"0":"post-611509","1":"post","2":"type-post","3":"status-publish","4":"format-standard","5":"has-post-thumbnail","7":"category-lyon","8":"tag-actu","9":"tag-actualites","10":"tag-auchan","11":"tag-auvergne-rhone-alpes","12":"tag-commerce","13":"tag-economie","14":"tag-eu","15":"tag-europe","16":"tag-fr","17":"tag-france","18":"tag-lidl","19":"tag-lyon","20":"tag-news","21":"tag-republique-francaise"},"share_on_mastodon":{"url":"https:\/\/pubeurope.com\/@fr\/115751379599264574","error":""},"_links":{"self":[{"href":"https:\/\/www.europesays.com\/fr\/wp-json\/wp\/v2\/posts\/611509","targetHints":{"allow":["GET"]}}],"collection":[{"href":"https:\/\/www.europesays.com\/fr\/wp-json\/wp\/v2\/posts"}],"about":[{"href":"https:\/\/www.europesays.com\/fr\/wp-json\/wp\/v2\/types\/post"}],"author":[{"embeddable":true,"href":"https:\/\/www.europesays.com\/fr\/wp-json\/wp\/v2\/users\/2"}],"replies":[{"embeddable":true,"href":"https:\/\/www.europesays.com\/fr\/wp-json\/wp\/v2\/comments?post=611509"}],"version-history":[{"count":0,"href":"https:\/\/www.europesays.com\/fr\/wp-json\/wp\/v2\/posts\/611509\/revisions"}],"wp:featuredmedia":[{"embeddable":true,"href":"https:\/\/www.europesays.com\/fr\/wp-json\/wp\/v2\/media\/611510"}],"wp:attachment":[{"href":"https:\/\/www.europesays.com\/fr\/wp-json\/wp\/v2\/media?parent=611509"}],"wp:term":[{"taxonomy":"category","embeddable":true,"href":"https:\/\/www.europesays.com\/fr\/wp-json\/wp\/v2\/categories?post=611509"},{"taxonomy":"post_tag","embeddable":true,"href":"https:\/\/www.europesays.com\/fr\/wp-json\/wp\/v2\/tags?post=611509"}],"curies":[{"name":"wp","href":"https:\/\/api.w.org\/{rel}","templated":true}]}}