{"id":611511,"date":"2025-12-20T10:17:30","date_gmt":"2025-12-20T10:17:30","guid":{"rendered":"https:\/\/www.europesays.com\/fr\/611511\/"},"modified":"2025-12-20T10:17:30","modified_gmt":"2025-12-20T10:17:30","slug":"toulouse-mola-fait-un-choix-ose-pour-dupont-chaine-compos","status":"publish","type":"post","link":"https:\/\/www.europesays.com\/fr\/611511\/","title":{"rendered":"Toulouse\u00a0: Mola fait un choix os\u00e9 pour Dupont&#8230; cha\u00eene, compos"},"content":{"rendered":"<p class=\"app_entry_lead\">\n<p>                    <a title=\"\u00a0\u00a9\u00a0Fred Schreiber\/AP\/SIPA (publi\u00e9e le 19\/12\/2025)\" href=\"https:\/\/www.europesays.com\/fr\/wp-content\/uploads\/2025\/12\/83991395.jpg\" class=\"fancy\"><\/p>\n<p>                            <img loading=\"lazy\" decoding=\"async\" src=\"https:\/\/www.europesays.com\/fr\/wp-content\/uploads\/2025\/12\/83991395.jpg\" alt=\"Lyon - Toulouse\u00a0: Mola fait un choix os\u00e9 pour Dupont... cha\u00eene, compos\" width=\"1500\" height=\"1080\"\/><\/p>\n<p>                    <\/a><\/p>\n<p>                                    Dans le cadre de la 12e journ\u00e9e de Top 14, Lyon re\u00e7oit, en ce samedi 20\u00a0d\u00e9cembre, Toulouse au Matmut Stadium.\n                            <\/p>\n<p>                Je m&rsquo;abonne \u00e0 la newsletter Bons Plans<\/p>\n<p>\u00c0 l&rsquo;approche de la p\u00e9riode de No\u00ebl, il n&rsquo;y a pas de tr\u00eave pour les braves rugbymen. Dans un Top 14 plus resserr\u00e9 que jamais, et apr\u00e8s deux semaines de joutes continentales en Champions Cup et Challenge Cup, Lyon et Toulouse retrouve leur pain quotidien. Pour les Rhodaniens, d&rsquo;abord, il y a urgence. La bande \u00e0 Baptiste Couilloud est juste au-dessus de la zone rouge (12e, 23 points). Si l&rsquo;avance est confortable sur Montauban (13e, 7 points), les Gones visaient, en d\u00e9but d&rsquo;exercice, une qualification en phase finale. Pour l&rsquo;heure, ils demeurent \u00e0 six points de Bordeaux-B\u00e8gles (6es, 29 points).<\/p>\n<p>Face \u00e0 la presse, le manager Karim Ghezal a mis sous pression les siens \u00e0 l&rsquo;aube de ce Lyon &#8211; Toulouse : \u00ab\u00a0C&rsquo;est un bloc de trois matchs capital qui nous attend et qui peut faire basculer.\u00a0Notre objectif, c&rsquo;est de batailler pour le top 6. On doit rester coll\u00e9s. Pour rester dans la course, il nous faut deux victoires.\u00a0\u00bb N\u00e9anmoins, le centre Th\u00e9o Millet a bien conscience du d\u00e9fi face \u00e0 l&rsquo;armada toulousaine : \u00ab\u00a0On sait tout le talent qu&rsquo;ils ont, des grands joueurs il y en a \u00e0 tous les postes. On reste concentr\u00e9 sur nous.\u00a0\u00bb\u00a0<\/p>\n<p>En face, Toulouse sort d&rsquo;une contre-performance majeure \u00e0 Glasgow (28-21), apr\u00e8s avoir largement men\u00e9 (0-21). \u00ab\u00a0Il y a de la frustration, a avou\u00e9 Joel Merkler. Quand tu m\u00e8nes 21-0\u00a0en \u00c9cosse contre une \u00e9quipe d&rsquo;internationaux \u00e9cossais, tu te dis qu&rsquo;on est en train de faire le boulot. Et en quinze minutes, tu prends trois essais. Forc\u00e9ment, quelque chose n&rsquo;a pas march\u00e9. Ce n&rsquo;est pas notre niveau, ni l&rsquo;image qu&rsquo;on veut renvoyer. C&rsquo;est pour \u00e7a qu&rsquo;on veut se rattraper, montrer qu&rsquo;on n&rsquo;est pas une \u00e9quipe qui se laisse abattre facilement.\u00a0\u00bb Pour l&rsquo;international espagnol, la r\u00e9action est obligatoire : \u00ab\u00a0Il faut gagner. On sait que plus t\u00f4t on gagne, mieux on est plac\u00e9s pour la fin de saison. Le match de ce week-end est une tr\u00e8s bonne opportunit\u00e9 pour nous de nous rattraper, m\u00eame si ce sera difficile, car Lyon fait des matchs tr\u00e8s s\u00e9rieux, notamment \u00e0 domicile. On va essayer de relever la t\u00eate et de montrer une image diff\u00e9rente par rapport au week-end dernier. Ce sera un gros d\u00e9fi pour nous.\u00a0\u00bb Au coup d&rsquo;envoi de ce choc, <a href=\"https:\/\/www.linternaute.com\/sport\/competitions\/2591503-antoine-dupont-aux-jo-2024-champion-olympique-peut-il-rester-sur-le-rugby-a-7-et-abandonner-le-15\/\" title=\"Antoine Dupont\" target=\"_blank\" rel=\"noopener\">Antoine Dupont<\/a> a \u00e9t\u00e9 plac\u00e9 sur le banc des rempla\u00e7ants par Ugo Mola. Le manager toulousain lui a pr\u00e9f\u00e9r\u00e9 Paul Graou.\u00a0<\/p>\n<p>Dans le cadre de\u00a0cette 12e journ\u00e9e de championnat, le Top 14\u00a0offre une affiche 100% Rouge et Noir : Lyon &#8211; Toulouse. Le coup d&rsquo;envoi de cette partie sera donn\u00e9 \u00e0 21h05.<\/p>\n<p>Comme c\u2019est le cas pour toutes les affiches du <a href=\"https:\/\/www.linternaute.com\/sport\/competitions\/2595371-top-14-le-stade-toulousain-en-mode-rouleau-compresseur-le-classement\/\" title=\"Top 14\" target=\"_blank\" rel=\"noopener\">Top\u00a014<\/a>, vous aurez un seul et unique choix pour voir ce Lyon &#8211; Toulouse . Cette rencontre sera diffus\u00e9e\u00a0par Canal. Vous devrez donc vous brancher sur Canal +.\u00a0\u00a0<\/p>\n<p>Pour suivre Lyon &#8211; Toulouse en streaming sur votre smartphone, ordinateur ou tablette vous aurez un seul choix. Celui de souscrire \u00e0 un abonnement 100% digital \u00e0 MyCanal ce qui vous permettra de rejoindre\u00a0Canal +.\u00a0<\/p>\n<ul>\n<li>Le XV de d\u00e9part\u00a0des Rhodaniens pour ce Lyon &#8211; Toulouse :\u00a015. Meliande ; 14. Wainuqolo, 13. Maraku, 12. Millet 11. Dumortier ; 10. Berdeu, 9. Couilloud (cap.) ; 7. Allen, 8. S. Simmonds, 6. Cretin ; 5. Geraci, 4. William ; 3. Aptsiauri, 2. Chat, 1. Moukoro.<\/li>\n<li>Le XV de d\u00e9part des Haut-Garonnais pour ce\u00a0Lyon &#8211; Toulouse :\u00a015. Ramos ; 14. Pouzelgues, 13. Costes, 12. Chocobares, 11. Delibes ; 10. Kinghorn, 9. Graou ; 7. Castro-Ferreira, 8. Roumat, 6. Willis ; 5. Verg\u00e9, 4. Brennan ; 3. Merkler, 2. Marchand (cap.), 1. Bertrand.<\/li>\n<\/ul>\n<ul>\n<li>Winamax : Lyon (3.00) &#8211; Nul (20.00) &#8211; Toulouse (1.36).<\/li>\n<li>Betclic\u00a0: Lyon (2.97) &#8211; Nul (19.75) &#8211; Toulouse (1.36).<\/li>\n<li>Unibet : Lyon (2.95) &#8211; Nul (20.00) &#8211; Toulouse (1.35).<\/li>\n<\/ul>\n","protected":false},"excerpt":{"rendered":"Dans le cadre de la 12e journ\u00e9e de Top 14, Lyon re\u00e7oit, en ce samedi 20\u00a0d\u00e9cembre, Toulouse au&hellip;\n","protected":false},"author":2,"featured_media":611512,"comment_status":"","ping_status":"","sticky":false,"template":"","format":"standard","meta":{"footnotes":""},"categories":[1889],"tags":[1111,11,2430,72263,51761,1777,674,51763,1011,27,2428,12,51767,25,479,478],"class_list":{"0":"post-611511","1":"post","2":"type-post","3":"status-publish","4":"format-standard","5":"has-post-thumbnail","7":"category-lyon","8":"tag-actu","9":"tag-actualites","10":"tag-auvergne-rhone-alpes","11":"tag-cms-linternaute-9473042","12":"tag-controller-content","13":"tag-eu","14":"tag-europe","15":"tag-format-papier","16":"tag-fr","17":"tag-france","18":"tag-lyon","19":"tag-news","20":"tag-parallaxeinfeed","21":"tag-republique-francaise","22":"tag-rugby","23":"tag-top-14"},"share_on_mastodon":{"url":"https:\/\/pubeurope.com\/@fr\/115751384177821588","error":""},"_links":{"self":[{"href":"https:\/\/www.europesays.com\/fr\/wp-json\/wp\/v2\/posts\/611511","targetHints":{"allow":["GET"]}}],"collection":[{"href":"https:\/\/www.europesays.com\/fr\/wp-json\/wp\/v2\/posts"}],"about":[{"href":"https:\/\/www.europesays.com\/fr\/wp-json\/wp\/v2\/types\/post"}],"author":[{"embeddable":true,"href":"https:\/\/www.europesays.com\/fr\/wp-json\/wp\/v2\/users\/2"}],"replies":[{"embeddable":true,"href":"https:\/\/www.europesays.com\/fr\/wp-json\/wp\/v2\/comments?post=611511"}],"version-history":[{"count":0,"href":"https:\/\/www.europesays.com\/fr\/wp-json\/wp\/v2\/posts\/611511\/revisions"}],"wp:featuredmedia":[{"embeddable":true,"href":"https:\/\/www.europesays.com\/fr\/wp-json\/wp\/v2\/media\/611512"}],"wp:attachment":[{"href":"https:\/\/www.europesays.com\/fr\/wp-json\/wp\/v2\/media?parent=611511"}],"wp:term":[{"taxonomy":"category","embeddable":true,"href":"https:\/\/www.europesays.com\/fr\/wp-json\/wp\/v2\/categories?post=611511"},{"taxonomy":"post_tag","embeddable":true,"href":"https:\/\/www.europesays.com\/fr\/wp-json\/wp\/v2\/tags?post=611511"}],"curies":[{"name":"wp","href":"https:\/\/api.w.org\/{rel}","templated":true}]}}