{"id":611515,"date":"2025-12-20T10:20:18","date_gmt":"2025-12-20T10:20:18","guid":{"rendered":"https:\/\/www.europesays.com\/fr\/611515\/"},"modified":"2025-12-20T10:20:18","modified_gmt":"2025-12-20T10:20:18","slug":"la-date-enfin-connue-avant-le-debut-des-travaux","status":"publish","type":"post","link":"https:\/\/www.europesays.com\/fr\/611515\/","title":{"rendered":"la date enfin connue avant le d\u00e9but des travaux"},"content":{"rendered":"<p>                    Par<br \/>\n        <strong><br \/>\n            <a href=\"https:\/\/actu.fr\/auteur\/antoine-grotteria02\" title=\"Consulter tous les articles de Antoine Grotteria\" target=\"_blank\" rel=\"noopener\">Antoine Grotteria<\/a><br \/>\n                    <\/strong><\/p>\n<p>        Publi\u00e9 le<\/p>\n<p>            20 d\u00e9c. 2025 \u00e0 10h32        <\/p>\n<p>L\u2019\u00e9ch\u00e9ance restait la seule particule d\u2019un brouillard qui se dissipe. Selon une information r\u00e9v\u00e9l\u00e9e par <a href=\"https:\/\/immobilier.lefigaro.fr\/article\/apres-des-annees-de-blocages-la-tour-montparnasse-fermera-ses-portes-pour-travaux-le-31-mars-2026-20251219\" target=\"_blank\" rel=\"noopener\">Le Figaro<\/a>, ce vendredi 19\u00a0d\u00e9cembre 2025, les copropri\u00e9taires de la <a href=\"https:\/\/actu.fr\/tag\/montparnasse\" target=\"_blank\" rel=\"noopener\">tour Montparnasse<\/a>, le plus haut gratte-ciel de <a href=\"https:\/\/actu.fr\/paris\/\" target=\"_blank\" rel=\"noopener\">Paris<\/a>, ont vot\u00e9 pour la <a href=\"https:\/\/actu.fr\/ile-de-france\/paris_75056\/paris-amiante-normes-incendie-la-securite-de-la-tour-montparnasse-inquiete-les-autorites-vont-la-fermer_63542169.html\" target=\"_blank\" rel=\"noopener\">fermeture<\/a> du b\u00e2timent le <strong>31\u00a0mars 2026<\/strong>.<\/p>\n<p>Un chantier d\u2019envergure<\/p>\n<p class=\" wall-content\">R\u00e9unis lors d\u2019une assembl\u00e9e g\u00e9n\u00e9rale extraordinaire, les copropri\u00e9taires se sont pli\u00e9s aux injonctions de la<a href=\"https:\/\/actu.fr\/tag\/prefecture-de-police-de-paris\" target=\"_blank\" rel=\"noopener\"> pr\u00e9fecture de Police de Paris<\/a> et de la pr\u00e9fecture d\u2019\u00cele-de-France. Dans un courrier r\u00e9v\u00e9l\u00e9 par Cfnews, les autorit\u00e9s les avaient enjoints \u00e0 se pr\u00e9parer \u00e0 l\u2019\u00e9vacuation et \u00e0 la s\u00e9curisation de l\u2019\u00e9difice construit dans les ann\u00e9es 1970. En cause, des dysfonctionnements de l\u2019alarme incendie caus\u00e9s par la r\u00e9currence des <strong>poussi\u00e8res d\u2019amiante<\/strong>.<\/p>\n<p class=\" wall-content\">Pourtant, les copropri\u00e9taires n\u2019auraient pas accueilli cet avertissement avec am\u00e9nit\u00e9, rapporte Le Figaro. Car selon eux le site fait d\u00e9j\u00e0 l\u2019objet d\u2019un investissement important en mati\u00e8re de d\u00e9samiantage et ferait partie des \u00e9difices <strong>les mieux contr\u00f4l\u00e9s<\/strong> de la capitale. Qu\u2019importent leurs arguments, la fermeture avait d\u00e9j\u00e0 \u00e9t\u00e9 act\u00e9e.<\/p>\n<p class=\" wall-content\">Encore occup\u00e9e par plusieurs centaines de travailleurs, la <a href=\"https:\/\/actu.fr\/ile-de-france\/paris_75056\/reportage-50-ans-de-la-tour-montparnasse-on-travaille-avec-la-plus-belle-vue-de-paris_59734977.html\" target=\"_blank\" rel=\"noopener\">tour<\/a> haute de 209\u00a0m\u00e8tres devra \u00eatre \u00e9vacu\u00e9e d\u00e9but 2026 avant d\u2019\u00eatre totalement verrouill\u00e9e. Puis, ce sera le temps de sa m\u00e9tamorphose. Aucune date de d\u00e9but des travaux n\u2019a \u00e9t\u00e9 fix\u00e9e. Pour Philippe Goujon, maire du 15e arrondissement, interrog\u00e9 par actu Paris, il pourrait s\u2019agir de \u00ab\u2009juin\u2009\u00bb.<\/p>\n<p class=\" wall-content\">Le syndic de copropri\u00e9t\u00e9 a bien l\u2019intention de d\u00e9marrer le chantier le plus vite possible, \u00e9tant donn\u00e9 les sommes en jeu. Son co\u00fbt repr\u00e9senterait <strong>624\u00a0millions d\u2019euros<\/strong>. Il inclut l\u2019installation d\u2019une serre agricole au sommet, un agrandissement de 12\u00a0m\u00e8tres, ou encore un ravalement de fa\u00e7ade.<\/p>\n<p class=\" wall-content\">Personnalisez votre actualit\u00e9 en ajoutant vos villes et m\u00e9dias en favori avec <a href=\"https:\/\/moncompte.actu.fr\" title=\"D\u00e9couvez Mon Actu\" rel=\"nofollow noopener\" data-trk=\"{&quot;cta&quot;:{&quot;action&quot;:&quot;https:\\\/\\\/moncompte.actu.fr&quot;,&quot;category&quot;:&quot;mon compte&quot;,&quot;from&quot;:&quot;article footer&quot;,&quot;name&quot;:&quot;Mon actu&quot;,&quot;type&quot;:&quot;cta&quot;}}\" target=\"_blank\">Mon Actu<\/a>.<\/p>\n","protected":false},"excerpt":{"rendered":"Par Antoine Grotteria Publi\u00e9 le 20 d\u00e9c. 2025 \u00e0 10h32 L\u2019\u00e9ch\u00e9ance restait la seule particule d\u2019un brouillard qui&hellip;\n","protected":false},"author":2,"featured_media":611516,"comment_status":"","ping_status":"","sticky":false,"template":"","format":"standard","meta":{"footnotes":""},"categories":[1888],"tags":[1111,1928,11,1927,1777,674,1011,27,11674,12,1926,626,1925,25,104,2086],"class_list":{"0":"post-611515","1":"post","2":"type-post","3":"status-publish","4":"format-standard","5":"has-post-thumbnail","7":"category-paris","8":"tag-actu","9":"tag-actu-paris","10":"tag-actualites","11":"tag-actualites-paris","12":"tag-eu","13":"tag-europe","14":"tag-fr","15":"tag-france","16":"tag-montparnasse","17":"tag-news","18":"tag-news-paris","19":"tag-paris","20":"tag-paris-news","21":"tag-republique-francaise","22":"tag-societe","23":"tag-travaux"},"share_on_mastodon":{"url":"https:\/\/pubeurope.com\/@fr\/115751395870896146","error":""},"_links":{"self":[{"href":"https:\/\/www.europesays.com\/fr\/wp-json\/wp\/v2\/posts\/611515","targetHints":{"allow":["GET"]}}],"collection":[{"href":"https:\/\/www.europesays.com\/fr\/wp-json\/wp\/v2\/posts"}],"about":[{"href":"https:\/\/www.europesays.com\/fr\/wp-json\/wp\/v2\/types\/post"}],"author":[{"embeddable":true,"href":"https:\/\/www.europesays.com\/fr\/wp-json\/wp\/v2\/users\/2"}],"replies":[{"embeddable":true,"href":"https:\/\/www.europesays.com\/fr\/wp-json\/wp\/v2\/comments?post=611515"}],"version-history":[{"count":0,"href":"https:\/\/www.europesays.com\/fr\/wp-json\/wp\/v2\/posts\/611515\/revisions"}],"wp:featuredmedia":[{"embeddable":true,"href":"https:\/\/www.europesays.com\/fr\/wp-json\/wp\/v2\/media\/611516"}],"wp:attachment":[{"href":"https:\/\/www.europesays.com\/fr\/wp-json\/wp\/v2\/media?parent=611515"}],"wp:term":[{"taxonomy":"category","embeddable":true,"href":"https:\/\/www.europesays.com\/fr\/wp-json\/wp\/v2\/categories?post=611515"},{"taxonomy":"post_tag","embeddable":true,"href":"https:\/\/www.europesays.com\/fr\/wp-json\/wp\/v2\/tags?post=611515"}],"curies":[{"name":"wp","href":"https:\/\/api.w.org\/{rel}","templated":true}]}}