{"id":611517,"date":"2025-12-20T10:21:17","date_gmt":"2025-12-20T10:21:17","guid":{"rendered":"https:\/\/www.europesays.com\/fr\/611517\/"},"modified":"2025-12-20T10:21:17","modified_gmt":"2025-12-20T10:21:17","slug":"valentino-choisi-rome-plutot-que-paris-pour-presenter-sa-saison-automne-hiver-2026-2027","status":"publish","type":"post","link":"https:\/\/www.europesays.com\/fr\/611517\/","title":{"rendered":"Valentino choisi Rome plut\u00f4t que Paris pour pr\u00e9senter sa saison automne-hiver 2026-2027"},"content":{"rendered":"<p>\n                                    <b>Publi\u00e9 le<\/b><br \/>\n                                    <\/p>\n<p>                                        20 d\u00e9cembre 2025<\/p>\n<p class=\"article-content col-md-8 offset-md-1\">\n                                Pour la pr\u00e9sentation de sa collection automne-hiver 2026\/27, <a class=\"fnwAddLinks\" href=\"https:\/\/lu.fashionnetwork.com\/tags-valentino\" title=\"Valentino\" target=\"_blank\" rel=\"noopener\">Valentino<\/a> rentre \u00e0 la maison. En effet, la Maison de couture fond\u00e9e \u00e0 Rome en 1960 par <a class=\"fnwAddLinks\" href=\"https:\/\/lu.fashionnetwork.com\/tags-valentino-garavani\" title=\"Valentino Garavani\" target=\"_blank\" rel=\"noopener\">Valentino Garavani<\/a> et Giancarlo Giammetti a annonc\u00e9, le 19 d\u00e9cembre, que le d\u00e9fil\u00e9 de sa prochaine collection hivernale se tiendra en mars dans la capitale italienne, dans un lieu qui sera communiqu\u00e9 ult\u00e9rieurement.<\/p>\n<p><img decoding=\"async\" class=\"news-image\" style=\"width:100%;max-width:725px;\" src=\"https:\/\/www.europesays.com\/fr\/wp-content\/uploads\/2025\/12\/e385.jpg\" alt=\"\" loading=\"lazy\"\/> DR<\/p>\n<p class=\"col-md-8 offset-md-1 article-content--texte\">\u00ab\u00a0Rome fait partie int\u00e9grante de l&rsquo;histoire de la Maison et ce retour constitue l&rsquo;hommage du Directeur de la Cr\u00e9ation, <a class=\"fnwAddLinks\" href=\"https:\/\/lu.fashionnetwork.com\/tags-alessandro-michele\" title=\"Alessandro Michele\" target=\"_blank\" rel=\"noopener\">Alessandro Michele<\/a>, aux origines et \u00e0 l&rsquo;h\u00e9ritage de Maison Valentino\u00a0\u00bb, indique la br\u00e8ve note de presse diffus\u00e9e.<\/p>\n<p class=\"col-md-8 offset-md-1 article-content--texte\">Pour une saison, la griffe quittera donc les podiums parisiens, mais annonce d&rsquo;ores et d\u00e9j\u00e0 qu&rsquo;elle r\u00e9int\u00e9grera le calendrier de la <a class=\"fnwAddLinks\" href=\"https:\/\/lu.fashionnetwork.com\/tags-paris-fashion-week\" title=\"Paris Fashion Week\" target=\"_blank\" rel=\"noopener\">Paris Fashion Week<\/a> d\u00e8s le d\u00e9fil\u00e9 suivant.\n                            <\/p>\n<p>\n                                Cet article est une traduction automatique.<br \/>\n                                    <a href=\"https:\/\/it.fashionnetwork.com\/news\/Valentino-sfilera-a-roma-per-l-ai-2026-27,1793513.html\" target=\"_blank\" rel=\"noopener\">Cliquez ici<\/a> pour consulter l&rsquo;article d&rsquo;origine.\n                            <\/p>\n<p>\n                                Tous droits de reproduction et de repr\u00e9sentation r\u00e9serv\u00e9s.<br \/>\u00a9 2025 FashionNetwork.com\n                            <\/p>\n","protected":false},"excerpt":{"rendered":"Publi\u00e9 le 20 d\u00e9cembre 2025 Pour la pr\u00e9sentation de sa collection automne-hiver 2026\/27, Valentino rentre \u00e0 la maison.&hellip;\n","protected":false},"author":2,"featured_media":611518,"comment_status":"","ping_status":"","sticky":false,"template":"","format":"standard","meta":{"footnotes":""},"categories":[1888],"tags":[1111,1928,11,1927,56826,2424,537,2423,1777,674,1011,27,2425,985,12,1926,2298,626,24449,1925,2426,2427,25,2421,2422,34711,72264],"class_list":{"0":"post-611517","1":"post","2":"type-post","3":"status-publish","4":"format-standard","5":"has-post-thumbnail","7":"category-paris","8":"tag-actu","9":"tag-actu-paris","10":"tag-actualites","11":"tag-actualites-paris","12":"tag-alessandro-michele","13":"tag-beaute","14":"tag-contact","15":"tag-cosmetiques","16":"tag-eu","17":"tag-europe","18":"tag-fr","19":"tag-france","20":"tag-luxe","21":"tag-mode","22":"tag-news","23":"tag-news-paris","24":"tag-parfum","25":"tag-paris","26":"tag-paris-fashion-week","27":"tag-paris-news","28":"tag-professionnel","29":"tag-professionnels","30":"tag-republique-francaise","31":"tag-reseau","32":"tag-textile","33":"tag-valentino","34":"tag-valentino-garavani"},"share_on_mastodon":{"url":"https:\/\/pubeurope.com\/@fr\/115751400068444284","error":""},"_links":{"self":[{"href":"https:\/\/www.europesays.com\/fr\/wp-json\/wp\/v2\/posts\/611517","targetHints":{"allow":["GET"]}}],"collection":[{"href":"https:\/\/www.europesays.com\/fr\/wp-json\/wp\/v2\/posts"}],"about":[{"href":"https:\/\/www.europesays.com\/fr\/wp-json\/wp\/v2\/types\/post"}],"author":[{"embeddable":true,"href":"https:\/\/www.europesays.com\/fr\/wp-json\/wp\/v2\/users\/2"}],"replies":[{"embeddable":true,"href":"https:\/\/www.europesays.com\/fr\/wp-json\/wp\/v2\/comments?post=611517"}],"version-history":[{"count":0,"href":"https:\/\/www.europesays.com\/fr\/wp-json\/wp\/v2\/posts\/611517\/revisions"}],"wp:featuredmedia":[{"embeddable":true,"href":"https:\/\/www.europesays.com\/fr\/wp-json\/wp\/v2\/media\/611518"}],"wp:attachment":[{"href":"https:\/\/www.europesays.com\/fr\/wp-json\/wp\/v2\/media?parent=611517"}],"wp:term":[{"taxonomy":"category","embeddable":true,"href":"https:\/\/www.europesays.com\/fr\/wp-json\/wp\/v2\/categories?post=611517"},{"taxonomy":"post_tag","embeddable":true,"href":"https:\/\/www.europesays.com\/fr\/wp-json\/wp\/v2\/tags?post=611517"}],"curies":[{"name":"wp","href":"https:\/\/api.w.org\/{rel}","templated":true}]}}