{"id":611519,"date":"2025-12-20T10:22:11","date_gmt":"2025-12-20T10:22:11","guid":{"rendered":"https:\/\/www.europesays.com\/fr\/611519\/"},"modified":"2025-12-20T10:22:11","modified_gmt":"2025-12-20T10:22:11","slug":"un-accord-trouve-a-paris-entre-le-moulin-rouge-et-les-heritiers-de-prevert","status":"publish","type":"post","link":"https:\/\/www.europesays.com\/fr\/611519\/","title":{"rendered":"un accord trouv\u00e9 \u00e0 Paris entre le Moulin Rouge et les h\u00e9ritiers de Pr\u00e9vert"},"content":{"rendered":"<p>                    Par<br \/>\n        <strong><br \/>\n            <a href=\"https:\/\/actu.fr\/auteur\/thomas-martin\" title=\"Consulter tous les articles de Thomas Martin\" target=\"_blank\" rel=\"noopener\">Thomas Martin<\/a><br \/>\n                    <\/strong><\/p>\n<p>        Publi\u00e9 le<\/p>\n<p>            20 d\u00e9c. 2025 \u00e0 8h46        <\/p>\n<p>Une bonne nouvelle avant No\u00ebl pour les h\u00e9ritiers de Jacques Pr\u00e9vert. Un accord a \u00e9t\u00e9 trouv\u00e9 dans la soir\u00e9e du vendredi 19 d\u00e9cembre 2025 avec le <a href=\"https:\/\/actu.fr\/tag\/moulin-rouge\" target=\"_blank\" rel=\"noopener\">Moulin Rouge<\/a> pour pr\u00e9server <a href=\"https:\/\/actu.fr\/ile-de-france\/paris_75056\/prevert-detrone-par-mistinguett-a-paris-le-moulin-rouge-lorgne-sur-l-appartement-du-poete-a-montmartre_63474754.html\" target=\"_blank\" rel=\"noopener\">l\u2019appartement du po\u00e8te fran\u00e7ais<\/a> qui \u00e9tait menac\u00e9 par un projet d\u2019expansion du c\u00e9l\u00e8bre cabaret parisien, au c\u0153ur de l\u2019embl\u00e9matique quartier de Montmartre.<\/p>\n<p>Jacques Pr\u00e9vert a v\u00e9cu plus de 20 ans Cit\u00e9 V\u00e9ron<\/p>\n<p class=\" wall-content\">\u00ab\u00a0Je suis satisfaite. L\u2019appartement sera sauv\u00e9, c\u2019est un tr\u00e8s grand pas\u00a0\u00bb, a d\u00e9clar\u00e9 Eug\u00e9nie Bachelot-Pr\u00e9vert, la petite-fille du po\u00e8te et sc\u00e9nariste, \u00e0 l\u2019AFP, apr\u00e8s une r\u00e9union avec la direction du Moulin Rouge. Le cabaret a pour sa part annonc\u00e9 dans un communiqu\u00e9 qu\u2019il avait \u00e9t\u00e9 \u00ab\u00a0d\u00e9cid\u00e9 de co-construire ensemble une solution autour de deux projets\u00a0\u00bb.<\/p>\n<p class=\" wall-content\">Jacques Pr\u00e9vert, dont l\u2019\u0153uvre a \u00e9t\u00e9 traduite en plusieurs langues et continue \u00e0 \u00eatre \u00e9tudi\u00e9e en cours de fran\u00e7ais dans de nombreux pays, v\u00e9cut plus de 20 ans Cit\u00e9 V\u00e9ron, une \u00e9troite impasse bord\u00e9e de vignes situ\u00e9e derri\u00e8re les ailes du c\u00e9l\u00e8bre cabaret, avant de s\u2019installer en Normandie (nord-ouest) peu avant sa mort en 1977 \u00e0 l\u2019\u00e2ge de 77 ans.<\/p>\n<p class=\" wall-content\">La pol\u00e9mique n\u2019avait cess\u00e9 d\u2019enfler ces derni\u00e8res semaines autour du projet d\u2019expansion du Moulin Rouge destin\u00e9 \u00e0 ressusciter la sc\u00e8ne de la l\u00e9gendaire Mistinguett des ann\u00e9es folles.<br \/>Pour le mener \u00e0 bien, le cabaret avait d\u00e9cid\u00e9 en septembre de ne pas renouveler les baux des appartements de Jacques Pr\u00e9vert et de l\u2019\u00e9crivain Boris Vian, dont il est propri\u00e9taire depuis 2009, et que la salle Mistinguett englobait.<\/p>\n<p>\u00ab\u00a0Valoriser toute l\u2019histoire du Moulin Rouge\u00a0\u00bb<\/p>\n<p class=\" wall-content\">\u00ab\u00a0L\u2019ensemble des parties prenantes se r\u00e9unira r\u00e9guli\u00e8rement afin d\u2019\u00e9tudier les modalit\u00e9s d\u2019int\u00e9gration des h\u00e9ritages de Pr\u00e9vert et de Boris Vian au projet Mistinguett, dans le but de valoriser toute l\u2019histoire du Moulin Rouge\u00a0\u00bb, a ajout\u00e9 le cabaret dans son communiqu\u00e9.<\/p>\n<p class=\" wall-content\">Mme Bachelot-Pr\u00e9vert s\u2019est f\u00e9licit\u00e9e que \u00ab\u00a0les pressions\u00a0\u00bb aient \u00ab\u00a0fait reculer\u00a0\u00bb le Moulin Rouge, en citant les impacts d\u2019une p\u00e9tition, d\u2019une lettre ouverte et de l\u2019engagement de responsables du monde culturel et politique, dont celui de la mairie de Paris, \u00ab\u00a0bien relay\u00e9es par les m\u00e9dias\u00a0\u00bb.<\/p>\n<p class=\" wall-content\">Le Moulin Rouge a affirm\u00e9 pour sa part qu\u2019il n\u2019avait \u00ab\u00a0jamais \u00e9t\u00e9 envisag\u00e9 de d\u00e9truire les appartements\u00a0\u00bb, t\u00e9moins de l\u2019histoire culturelle et litt\u00e9raire de la capitale fran\u00e7aise, contrairement \u00e0 certaines \u00ab\u00a0informations erron\u00e9es\u00a0\u00bb.<\/p>\n<p>Votre r\u00e9gion, votre actu !<\/p>\n<p>Recevez chaque jour les infos qui comptent pour vous.<\/p>\n<p>\t<a href=\"https:\/\/actu.fr\/newsletter\" class=\"ac-btn ac-btn--corner ac-btn--medium ac-btn--blue800\" target=\"_blank\" rel=\"noopener\">S&rsquo;incrire<\/a><\/p>\n<p class=\" wall-content\">Une r\u00e9union devrait se tenir en janvier entre la direction du cabaret et les repr\u00e9sentants des ayants droits de Boris Vian.<\/p>\n<p class=\" wall-content\">L\u2019h\u00e9riti\u00e8re de Pr\u00e9vert projette de transformer en mus\u00e9e l\u2019appartement qui contient le bureau de l\u2019\u00e9crivain, son vieux t\u00e9l\u00e9phone, sa salle \u00e0 manger et ses petites toiles. \u00ab\u00a0Toute la m\u00e9moire de mon grand-p\u00e8re est l\u00e0\u00a0\u00bb, a r\u00e9sum\u00e9 Eug\u00e9nie Bachelot-Pr\u00e9vert.<\/p>\n<p class=\" wall-content\">Personnalisez votre actualit\u00e9 en ajoutant vos villes et m\u00e9dias en favori avec <a href=\"https:\/\/moncompte.actu.fr\" title=\"D\u00e9couvez Mon Actu\" rel=\"nofollow noopener\" data-trk=\"{&quot;cta&quot;:{&quot;action&quot;:&quot;https:\\\/\\\/moncompte.actu.fr&quot;,&quot;category&quot;:&quot;mon compte&quot;,&quot;from&quot;:&quot;article footer&quot;,&quot;name&quot;:&quot;Mon actu&quot;,&quot;type&quot;:&quot;cta&quot;}}\" target=\"_blank\">Mon Actu<\/a>.<\/p>\n","protected":false},"excerpt":{"rendered":"Par Thomas Martin Publi\u00e9 le 20 d\u00e9c. 2025 \u00e0 8h46 Une bonne nouvelle avant No\u00ebl pour les h\u00e9ritiers&hellip;\n","protected":false},"author":2,"featured_media":611520,"comment_status":"","ping_status":"","sticky":false,"template":"","format":"standard","meta":{"footnotes":""},"categories":[1888],"tags":[11,1777,674,1011,27,7661,38389,12,626,2551,25,104],"class_list":{"0":"post-611519","1":"post","2":"type-post","3":"status-publish","4":"format-standard","5":"has-post-thumbnail","7":"category-paris","8":"tag-actualites","9":"tag-eu","10":"tag-europe","11":"tag-fr","12":"tag-france","13":"tag-montmartre","14":"tag-moulin-rouge","15":"tag-news","16":"tag-paris","17":"tag-patrimoine","18":"tag-republique-francaise","19":"tag-societe"},"share_on_mastodon":{"url":"https:\/\/pubeurope.com\/@fr\/115751403216351762","error":""},"_links":{"self":[{"href":"https:\/\/www.europesays.com\/fr\/wp-json\/wp\/v2\/posts\/611519","targetHints":{"allow":["GET"]}}],"collection":[{"href":"https:\/\/www.europesays.com\/fr\/wp-json\/wp\/v2\/posts"}],"about":[{"href":"https:\/\/www.europesays.com\/fr\/wp-json\/wp\/v2\/types\/post"}],"author":[{"embeddable":true,"href":"https:\/\/www.europesays.com\/fr\/wp-json\/wp\/v2\/users\/2"}],"replies":[{"embeddable":true,"href":"https:\/\/www.europesays.com\/fr\/wp-json\/wp\/v2\/comments?post=611519"}],"version-history":[{"count":0,"href":"https:\/\/www.europesays.com\/fr\/wp-json\/wp\/v2\/posts\/611519\/revisions"}],"wp:featuredmedia":[{"embeddable":true,"href":"https:\/\/www.europesays.com\/fr\/wp-json\/wp\/v2\/media\/611520"}],"wp:attachment":[{"href":"https:\/\/www.europesays.com\/fr\/wp-json\/wp\/v2\/media?parent=611519"}],"wp:term":[{"taxonomy":"category","embeddable":true,"href":"https:\/\/www.europesays.com\/fr\/wp-json\/wp\/v2\/categories?post=611519"},{"taxonomy":"post_tag","embeddable":true,"href":"https:\/\/www.europesays.com\/fr\/wp-json\/wp\/v2\/tags?post=611519"}],"curies":[{"name":"wp","href":"https:\/\/api.w.org\/{rel}","templated":true}]}}