{"id":611521,"date":"2025-12-20T10:23:20","date_gmt":"2025-12-20T10:23:20","guid":{"rendered":"https:\/\/www.europesays.com\/fr\/611521\/"},"modified":"2025-12-20T10:23:20","modified_gmt":"2025-12-20T10:23:20","slug":"le-groupe-galeries-lafayette-negocie-pour-vendre-les-murs-a-un-acteur-anglo-saxon","status":"publish","type":"post","link":"https:\/\/www.europesays.com\/fr\/611521\/","title":{"rendered":"le groupe Galeries Lafayette n\u00e9gocie pour vendre les murs \u00e0 un \u00abacteur anglo-saxon\u00bb"},"content":{"rendered":"<p>                    Par<br \/>\n        <strong><br \/>\n            <a href=\"https:\/\/actu.fr\/auteur\/thomas-martin\" title=\"Consulter tous les articles de Thomas Martin\" target=\"_blank\" rel=\"noopener\">Thomas Martin<\/a><br \/>\n                    <\/strong><\/p>\n<p>        Publi\u00e9 le<\/p>\n<p>            20 d\u00e9c. 2025 \u00e0 10h55        <\/p>\n<p>Le groupe <a href=\"https:\/\/actu.fr\/tag\/galeries-lafayette\" target=\"_blank\" rel=\"noopener\">Galeries Lafayette<\/a> a annonc\u00e9 samedi 20 d\u00e9cembre \u00eatre \u00ab\u00a0entr\u00e9 en n\u00e9gociations exclusives avec un acteur anglo-saxon\u00a0\u00bb, en vue de lui c\u00e9der les murs du b\u00e2timent <a href=\"https:\/\/actu.fr\/tag\/bhv\" target=\"_blank\" rel=\"noopener\">BHV<\/a> \u00ab\u00a0d\u00e8s le mois de janvier\u00a0\u00bb, \u00ab\u00a0aux conditions initialement pr\u00e9vues avec le groupe SGM\u00a0\u00bb. L\u2019identit\u00e9 de l\u2019acheteur potentiel n\u2019a pas \u00e9t\u00e9 r\u00e9v\u00e9l\u00e9.<\/p>\n<p>L\u2019int\u00e9r\u00eat de la mairie de Paris<\/p>\n<p class=\" wall-content\">Le groupe SGM, cofond\u00e9 par Fr\u00e9d\u00e9ric Merlin, qui assure l\u2019exploitation du magasin BHV dans la tourmente depuis l\u2019annonce de son alliance d\u00e9but octobre avec le g\u00e9ant du commerce en ligne Shein, \u00e9tait li\u00e9 aux Galeries Lafayette par une promesse de vente.<\/p>\n<p class=\" wall-content\">La mairie de Paris avait manifest\u00e9 mardi <a href=\"https:\/\/actu.fr\/ile-de-france\/paris_75056\/paris-anne-hidalgo-envisage-le-futur-du-bhv-marais-et-veut-y-installer-des-logements-sociaux_63581963.html\" target=\"_blank\" rel=\"noopener\">son int\u00e9r\u00eat<\/a> pour les murs du grand magasin, augmentant la pression sur son patron, emp\u00eatr\u00e9 dans la temp\u00eate Shein, tout comme \u00ab\u00a0l\u2019incertitude\u00a0\u00bb des salari\u00e9s sur leur avenir.<\/p>\n<p class=\" wall-content\">\u00ab\u00a0Alors que la situation du BHV suscite aujourd\u2019hui de tr\u00e8s fortes inqui\u00e9tudes pour l\u2019emploi et pour l\u2019avenir du centre de Paris, j\u2019ai souhait\u00e9 que la ville se donne les moyens d\u2019agir pr\u00e9ventivement\u00a0\u00bb, a d\u00e9clar\u00e9 la maire socialiste Anne Hidalgo lors du Conseil de Paris qui doit adopter un v\u0153u en ce sens.<\/p>\n<p class=\" wall-content\">Si le propri\u00e9taire du BHV venait \u00e0 en \u00ab\u00a0quitter les murs\u00a0\u00bb, la ville \u00ab\u00a0\u00e9tudiera toutes les possibilit\u00e9s afin de se mettre en position d\u2019acqu\u00e9rir le b\u00e2timent pour garantir la p\u00e9rennit\u00e9 de l\u2019activit\u00e9 commerciale et de l\u2019emploi, tout en permettant le d\u00e9veloppement d\u2019un programme mixte incluant \u00e9galement du logement social et abordable\u00a0\u00bb, d\u00e9taille le v\u0153u de l\u2019ex\u00e9cutif.<\/p>\n<p class=\" wall-content\">Propri\u00e9taire du fonds de commerce du Bazar de l\u2019H\u00f4tel de ville (BHV) depuis 2023, la Soci\u00e9t\u00e9 des grands magasins (SGM) souhaite \u00e9galement en racheter les murs aupr\u00e8s du groupe Galeries Lafayette, les deux parties \u00e9tant li\u00e9es par une promesse de vente qui arrive \u00e0 \u00e9ch\u00e9ance vendredi.<\/p>\n<p class=\" wall-content\"><strong>Avec AFP<\/strong><\/p>\n<p class=\" wall-content\">Personnalisez votre actualit\u00e9 en ajoutant vos villes et m\u00e9dias en favori avec <a href=\"https:\/\/moncompte.actu.fr\" title=\"D\u00e9couvez Mon Actu\" rel=\"nofollow noopener\" data-trk=\"{&quot;cta&quot;:{&quot;action&quot;:&quot;https:\\\/\\\/moncompte.actu.fr&quot;,&quot;category&quot;:&quot;mon compte&quot;,&quot;from&quot;:&quot;article footer&quot;,&quot;name&quot;:&quot;Mon actu&quot;,&quot;type&quot;:&quot;cta&quot;}}\" target=\"_blank\">Mon Actu<\/a>.<\/p>\n","protected":false},"excerpt":{"rendered":"Par Thomas Martin Publi\u00e9 le 20 d\u00e9c. 2025 \u00e0 10h55 Le groupe Galeries Lafayette a annonc\u00e9 samedi 20&hellip;\n","protected":false},"author":2,"featured_media":611522,"comment_status":"","ping_status":"","sticky":false,"template":"","format":"standard","meta":{"footnotes":""},"categories":[1888],"tags":[11,4753,215,33,1777,674,1011,27,4238,12,626,25],"class_list":{"0":"post-611521","1":"post","2":"type-post","3":"status-publish","4":"format-standard","5":"has-post-thumbnail","7":"category-paris","8":"tag-actualites","9":"tag-bhv","10":"tag-commerce","11":"tag-economie","12":"tag-eu","13":"tag-europe","14":"tag-fr","15":"tag-france","16":"tag-galeries-lafayette","17":"tag-news","18":"tag-paris","19":"tag-republique-francaise"},"share_on_mastodon":{"url":"https:\/\/pubeurope.com\/@fr\/115751407165590107","error":""},"_links":{"self":[{"href":"https:\/\/www.europesays.com\/fr\/wp-json\/wp\/v2\/posts\/611521","targetHints":{"allow":["GET"]}}],"collection":[{"href":"https:\/\/www.europesays.com\/fr\/wp-json\/wp\/v2\/posts"}],"about":[{"href":"https:\/\/www.europesays.com\/fr\/wp-json\/wp\/v2\/types\/post"}],"author":[{"embeddable":true,"href":"https:\/\/www.europesays.com\/fr\/wp-json\/wp\/v2\/users\/2"}],"replies":[{"embeddable":true,"href":"https:\/\/www.europesays.com\/fr\/wp-json\/wp\/v2\/comments?post=611521"}],"version-history":[{"count":0,"href":"https:\/\/www.europesays.com\/fr\/wp-json\/wp\/v2\/posts\/611521\/revisions"}],"wp:featuredmedia":[{"embeddable":true,"href":"https:\/\/www.europesays.com\/fr\/wp-json\/wp\/v2\/media\/611522"}],"wp:attachment":[{"href":"https:\/\/www.europesays.com\/fr\/wp-json\/wp\/v2\/media?parent=611521"}],"wp:term":[{"taxonomy":"category","embeddable":true,"href":"https:\/\/www.europesays.com\/fr\/wp-json\/wp\/v2\/categories?post=611521"},{"taxonomy":"post_tag","embeddable":true,"href":"https:\/\/www.europesays.com\/fr\/wp-json\/wp\/v2\/tags?post=611521"}],"curies":[{"name":"wp","href":"https:\/\/api.w.org\/{rel}","templated":true}]}}