{"id":611523,"date":"2025-12-20T10:24:20","date_gmt":"2025-12-20T10:24:20","guid":{"rendered":"https:\/\/www.europesays.com\/fr\/611523\/"},"modified":"2025-12-20T10:24:20","modified_gmt":"2025-12-20T10:24:20","slug":"legypte-accueille-une-conference-ministerielle-entre-la-russie-et-les-pays-africains","status":"publish","type":"post","link":"https:\/\/www.europesays.com\/fr\/611523\/","title":{"rendered":"L\u2019\u00c9gypte accueille une conf\u00e9rence minist\u00e9rielle entre la Russie et les pays africains"},"content":{"rendered":"<p class=\"mb-4 text-lg md:leading-8 break-words\">Avec\u00a0notre correspondante au Caire,<strong> Justine Babin<\/strong><\/p>\n<p class=\"mb-4 text-lg md:leading-8 break-words\">C\u2019est en personne et parfois m\u00eame en russe que Sergue\u00ef Lavrov a accueilli vendredi pr\u00e8s du Caire ses homologues africains\u00a0: parmi eux figurent les ministres des Affaires \u00e9trang\u00e8res de la <strong><a href=\"https:\/\/www.rfi.fr\/fr\/tag\/guin\u00e9e-\u00e9quatoriale\/\" class=\"link \" rel=\"nofollow noopener\" target=\"_blank\" data-ylk=\"slk:Guin\u00e9e \u00e9quatoriale;elm:context_link;itc:0;sec:content-canvas\">Guin\u00e9e \u00e9quatoriale<\/a><\/strong>, du Burundi ou encore de la <a href=\"https:\/\/www.rfi.fr\/fr\/tag\/congo-brazzaville\/\" rel=\"nofollow noopener\" target=\"_blank\" data-ylk=\"slk:R\u00e9publique du Congo;elm:context_link;itc:0;sec:content-canvas\" class=\"link \"><strong>R\u00e9publique du Congo<\/strong><\/a>.<\/p>\n<p class=\"mb-4 text-lg md:leading-8 break-words\">Apr\u00e8s des entretiens bilat\u00e9raux vendredi, une conf\u00e9rence multipartite se tient samedi.\u00a0Les relations diplomatiques, s\u00e9curitaires et surtout \u00e9conomiques de Moscou avec le continent seront au menu des discussions. Car sur ce dernier volet, la <strong><a href=\"https:\/\/www.rfi.fr\/fr\/tag\/russie\/\" class=\"link \" rel=\"nofollow noopener\" target=\"_blank\" data-ylk=\"slk:Russie;elm:context_link;itc:0;sec:content-canvas\">Russie<\/a><\/strong> reste tr\u00e8s en retrait par rapport \u00e0 d\u2019autres puissances r\u00e9gionales comme la Chine ou l\u2019Inde.\u00a0Les \u00e9changes commerciaux avec le continent ont peu progress\u00e9 ces derni\u00e8res ann\u00e9es et beaucoup d\u2019accords \u00e9conomiques annonc\u00e9s ne se sont pas concr\u00e9tis\u00e9s.<\/p>\n<p>Publicit\u00e9<\/p>\n<p>Publicit\u00e9<\/p>\n<p>Publicit\u00e9<\/p>\n<p>Publicit\u00e9<\/p>\n<p class=\"mb-4 text-lg md:leading-8 break-words\">Autre objectif de la conf\u00e9rence pour Moscou\u00a0: remobiliser ses partenaires africains avant un sommet entre chefs d\u2019\u00c9tat en 2026.\u00a0Le premier s\u2019\u00e9tait tenu \u00e0 Sotchi en 2019, suivi d\u2019un <strong><a href=\"https:\/\/www.rfi.fr\/fr\/afrique\/20230727-sommet-russie-afrique-poutine-pr\u00eat-\u00e0-fournir-gratuitement-des-c\u00e9r\u00e9ales-\u00e0-six-pays-africains\" rel=\"nofollow noopener\" target=\"_blank\" data-ylk=\"slk:deuxi\u00e8me \u00e0 Saint-P\u00e9tersbourg en 2023;elm:context_link;itc:0;sec:content-canvas\" class=\"link \">deuxi\u00e8me \u00e0 Saint-P\u00e9tersbourg en 2023<\/a><\/strong>.\u00a0Seulement 17 dirigeants africains avaient fait le d\u00e9placement \u00e0 Saint-P\u00e9tersbourg, contre <a href=\"https:\/\/www.rfi.fr\/fr\/europe\/20191023-sommet-sotchi-offensive-russe-afrique-poutine-commerce-echanges\" rel=\"nofollow noopener\" target=\"_blank\" data-ylk=\"slk:43 lors du premier sommet;elm:context_link;itc:0;sec:content-canvas\" class=\"link \"><strong>43 lors du premier sommet<\/strong><\/a>.<\/p>\n<p class=\"mb-4 text-lg md:leading-8 break-words\"><strong><a href=\"https:\/\/www.rfi.fr\/fr\/tag\/sergue\u00ef-lavrov\/\" class=\"link \" rel=\"nofollow noopener\" target=\"_blank\" data-ylk=\"slk:Sergue\u00ef Lavrov;elm:context_link;itc:0;sec:content-canvas\">Sergue\u00ef Lavrov<\/a><\/strong> a attribu\u00e9 vendredi ces difficult\u00e9s \u00e0 \u00ab\u00a0l\u2019Occident\u00a0\u00bb qui \u00ab\u00a0cherche \u00e0 emp\u00eacher les pays du Sud global de collaborer avec la Russie \u00bb. Selon le chef de la diplomatie russe, les pays des Brics &#8211;\u00a0dont font partie l\u2019Afrique du Sud, mais aussi depuis peu, l\u2019\u00c9gypte et l\u2019\u00c9thiopie &#8211;\u00a0ont \u00ab\u00a0le droit de choisir leurs partenaires\u00a0\u00bb.<\/p>\n<p class=\"mb-4 text-lg md:leading-8 break-words\">\u00c0 lire aussi<a href=\"https:\/\/fr.news.yahoo.com\/nouvelles-m%C3%A9thodes-dinfluence-russes-afrique-212326010.html\" class=\"link  yahoo-link\" data-ylk=\"slk:Les nouvelles m\u00e9thodes d&#039;influence russes en Afrique post-Wagner;elm:context_link;itc:0;sec:content-canvas;outcm:mb_qualified_link;_E:mb_qualified_link;ct:story;\" target=\"_blank\" rel=\"noopener\">Les nouvelles m\u00e9thodes d&rsquo;influence russes en Afrique post-Wagner<\/a><\/p>\n","protected":false},"excerpt":{"rendered":"Avec\u00a0notre correspondante au Caire, Justine Babin C\u2019est en personne et parfois m\u00eame en russe que Sergue\u00ef Lavrov a&hellip;\n","protected":false},"author":2,"featured_media":611524,"comment_status":"","ping_status":"","sticky":false,"template":"","format":"standard","meta":{"footnotes":""},"categories":[1591],"tags":[11,24813,1887,72266,2288,12,72265,1885,1886,132,25684],"class_list":{"0":"post-611523","1":"post","2":"type-post","3":"status-publish","4":"format-standard","5":"has-post-thumbnail","7":"category-russie","8":"tag-actualites","9":"tag-caire","10":"tag-federation-de-russie","11":"tag-justine-babin","12":"tag-ministres-des-affaires-etrangeres","13":"tag-news","14":"tag-republique-du-congo","15":"tag-russia","16":"tag-russian-federation","17":"tag-russie","18":"tag-saint-petersbourg"},"share_on_mastodon":{"url":"https:\/\/pubeurope.com\/@fr\/115751411005638965","error":""},"_links":{"self":[{"href":"https:\/\/www.europesays.com\/fr\/wp-json\/wp\/v2\/posts\/611523","targetHints":{"allow":["GET"]}}],"collection":[{"href":"https:\/\/www.europesays.com\/fr\/wp-json\/wp\/v2\/posts"}],"about":[{"href":"https:\/\/www.europesays.com\/fr\/wp-json\/wp\/v2\/types\/post"}],"author":[{"embeddable":true,"href":"https:\/\/www.europesays.com\/fr\/wp-json\/wp\/v2\/users\/2"}],"replies":[{"embeddable":true,"href":"https:\/\/www.europesays.com\/fr\/wp-json\/wp\/v2\/comments?post=611523"}],"version-history":[{"count":0,"href":"https:\/\/www.europesays.com\/fr\/wp-json\/wp\/v2\/posts\/611523\/revisions"}],"wp:featuredmedia":[{"embeddable":true,"href":"https:\/\/www.europesays.com\/fr\/wp-json\/wp\/v2\/media\/611524"}],"wp:attachment":[{"href":"https:\/\/www.europesays.com\/fr\/wp-json\/wp\/v2\/media?parent=611523"}],"wp:term":[{"taxonomy":"category","embeddable":true,"href":"https:\/\/www.europesays.com\/fr\/wp-json\/wp\/v2\/categories?post=611523"},{"taxonomy":"post_tag","embeddable":true,"href":"https:\/\/www.europesays.com\/fr\/wp-json\/wp\/v2\/tags?post=611523"}],"curies":[{"name":"wp","href":"https:\/\/api.w.org\/{rel}","templated":true}]}}