{"id":611527,"date":"2025-12-20T10:26:18","date_gmt":"2025-12-20T10:26:18","guid":{"rendered":"https:\/\/www.europesays.com\/fr\/611527\/"},"modified":"2025-12-20T10:26:18","modified_gmt":"2025-12-20T10:26:18","slug":"usa-a-lapproche-des-elections-de-mi-mandat-trump-espere-faire-de-leconomie-un-theme-gagnant-20-12-2025-a-0705","status":"publish","type":"post","link":"https:\/\/www.europesays.com\/fr\/611527\/","title":{"rendered":"USA-A l&rsquo;approche des \u00e9lections de mi-mandat, Trump esp\u00e8re faire de l&rsquo;\u00e9conomie un th\u00e8me gagnant &#8211; 20\/12\/2025 \u00e0 07:05"},"content":{"rendered":"<p>\n par Steve Holland et Trevor Hunnicutt\n<\/p>\n<p>\n ROCKY MOUNT, Caroline du Nord, 19 d\u00e9cembre (Reuters) &#8211;<br \/>\nL e pr\u00e9sident am\u00e9ricain Donald Trump s&rsquo;est rendu en Caroline du<br \/>\nNord vendredi, o\u00f9 il a prononc\u00e9 un discours visant \u00e0 convaincre<br \/>\nles Am\u00e9ricains que l&rsquo;\u00e9conomie est en bonne sant\u00e9 alors que son<br \/>\nParti r\u00e9publicain se pr\u00e9pare \u00e0 une campagne tendue en vue des<br \/>\n\u00e9lections de mi-mandat au Congr\u00e8s (\u00ab\u00a0midterms\u00a0\u00bb).\n<\/p>\n<p>\n Malgr\u00e9 la morosit\u00e9 des consommateurs et la baisse de sa c\u00f4te<br \/>\nde popularit\u00e9 dans les sondages d&rsquo;opinion, Donald Trump a vant\u00e9<br \/>\nses accomplissements.\n<\/p>\n<p>\n \u00ab\u00a0A lui seul, ce r\u00e9sultat devrait nous permettre de remporter<br \/>\nles \u00e9lections de mi-mandat\u00a0\u00bb, a d\u00e9clar\u00e9 le locataire de la Maison<br \/>\nblanche alors qu&rsquo;il \u00e9voquait la signature d&rsquo;accords visant \u00e0<br \/>\nr\u00e9duire les prix de leurs m\u00e9dicaments.\n<\/p>\n<p>\n Il a \u00e9galement abord\u00e9 les donn\u00e9es sur l&rsquo;inflation aux<br \/>\nEtats-Unis, plus faibles que pr\u00e9vu, publi\u00e9es jeudi par le<br \/>\nd\u00e9partement du Travail. \u00ab\u00a0Je vous l&rsquo;avais dit ! \u00ab\u00a0Je vous l&rsquo;avais<br \/>\ndit !\u00a0\u00bb, s&rsquo;est-il exclam\u00e9.\n<\/p>\n<p>\n Dans un discours de 90 minutes, pr\u00e9sent\u00e9 comme un discours<br \/>\nportant sur l&rsquo;\u00e9conomie, Donald Trump a \u00e9voqu\u00e9 ses tests<br \/>\ncognitifs, l&rsquo;intelligence de l&rsquo;ancienne candidate d\u00e9mocrate \u00e0 la<br \/>\npr\u00e9sidence Hillary Clinton, et le fait que les forces de l&rsquo;ordre<br \/>\nauraient fouill\u00e9 dans les sous-v\u00eatements de son \u00e9pouse Melania.\n<\/p>\n<p>\n Il n&rsquo;a pas abord\u00e9 la publication vendredi de milliers de<br \/>\ndocuments, largement expurg\u00e9s, li\u00e9s \u00e0 Jeffrey Epstein, financier<br \/>\nam\u00e9ricain qui s&rsquo;est suicid\u00e9 en 2019 alors qu&rsquo;il \u00e9tait en<br \/>\nd\u00e9tention aux Etats-Unis avant son proc\u00e8s pour trafic sexuel de<br \/>\nmineures.\n<\/p>\n<p>\n L&rsquo;\u00c9CONOMIE AU COEUR DE LA CAMPAGNE\n<\/p>\n<p>\n Bien qu&rsquo;il vante ses accomplissements en mati\u00e8re d&rsquo;\u00e9conomie,<br \/>\nDonald Trump pourrait avoir fort \u00e0 faire pour convaincre les<br \/>\n\u00e9lecteurs de voter pour les candidats de son parti lors des<br \/>\n\u00e9lections de mi-mandat.\n<\/p>\n<p>\n Un sondage Reuters\/Ipsos publi\u00e9 mardi montre que seulement<br \/>\n33% des adultes am\u00e9ricains approuvent la mani\u00e8re dont Donald<br \/>\nTrump g\u00e8re l&rsquo;\u00e9conomie.\n<\/p>\n<p>\n Le pr\u00e9sident am\u00e9ricain a affirm\u00e9 que l&rsquo;\u00e9conomie \u00e9tait pr\u00eate<br \/>\n\u00e0 conna\u00eetre un rebond gr\u00e2ce \u00e0 ses politiques et que les<br \/>\nprobl\u00e8mes rencontr\u00e9s par la population \u00e9taient dus aux<br \/>\nD\u00e9mocrates.\n<\/p>\n<p>\n Majoritaires depuis janvier dernier au S\u00e9nat et \u00e0 la Chambre<br \/>\ndes repr\u00e9sentants, les r\u00e9publicains entendent renforcer lors des<br \/>\n\u00ab\u00a0midterms\u00a0\u00bb de novembre 2026 leur contr\u00f4le sur les deux chambres<br \/>\ndu Congr\u00e8s.\n<\/p>\n<p>\n Les d\u00e9mocrates, qui ont enregistr\u00e9 le mois dernier des<br \/>\nsucc\u00e8s locaux lors des premi\u00e8res \u00e9lections organis\u00e9es depuis le<br \/>\nd\u00e9but du second mandat de Donald Trump, ont mis l&rsquo;accent sur la<br \/>\nhausse du co\u00fbt de la vie et cherchent \u00e0 se d\u00e9marquer des<br \/>\nr\u00e9publicains sur la question des remboursements des soins de<br \/>\nsant\u00e9, qui inqui\u00e8te des millions d&rsquo;Am\u00e9ricains.\n<\/p>\n<p>\n Donald Trump a prononc\u00e9 son discours depuis Rocky Mount, en<br \/>\nCaroline du Nord, un Etat souvent consid\u00e9r\u00e9 comme \u00ab\u00a0pivots\u00a0\u00bb<br \/>\n(\u00ab\u00a0Swing States\u00a0\u00bb) o\u00f9 il a remport\u00e9 le scrutin pr\u00e9sidentiel en<br \/>\n2016, 2020 et 2024.\n<\/p>\n<p>\n (version fran\u00e7aise Camille Raynaud)<\/p>\n","protected":false},"excerpt":{"rendered":"par Steve Holland et Trevor Hunnicutt ROCKY MOUNT, Caroline du Nord, 19 d\u00e9cembre (Reuters) &#8211; L e pr\u00e9sident&hellip;\n","protected":false},"author":2,"featured_media":2486,"comment_status":"","ping_status":"","sticky":false,"template":"","format":"standard","meta":{"footnotes":""},"categories":[1589],"tags":[400,11,398,408,405,73,1866,403,402,399,404,12,401,406,1864,1865,1863,308,407],"class_list":{"0":"post-611527","1":"post","2":"type-post","3":"status-publish","4":"format-standard","5":"has-post-thumbnail","7":"category-etats-unis","8":"tag-action-cac-40","9":"tag-actualites","10":"tag-bourse-de-paris","11":"tag-boursorama","12":"tag-cotations","13":"tag-etats-unis","14":"tag-etats-unis-damerique","15":"tag-indices-devises","16":"tag-investir","17":"tag-investissement","18":"tag-marche-boursier","19":"tag-news","20":"tag-sicav","21":"tag-trackers","22":"tag-united-states","23":"tag-united-states-of-america","24":"tag-us","25":"tag-usa","26":"tag-warrants"},"share_on_mastodon":{"url":"https:\/\/pubeurope.com\/@fr\/115751419004766354","error":""},"_links":{"self":[{"href":"https:\/\/www.europesays.com\/fr\/wp-json\/wp\/v2\/posts\/611527","targetHints":{"allow":["GET"]}}],"collection":[{"href":"https:\/\/www.europesays.com\/fr\/wp-json\/wp\/v2\/posts"}],"about":[{"href":"https:\/\/www.europesays.com\/fr\/wp-json\/wp\/v2\/types\/post"}],"author":[{"embeddable":true,"href":"https:\/\/www.europesays.com\/fr\/wp-json\/wp\/v2\/users\/2"}],"replies":[{"embeddable":true,"href":"https:\/\/www.europesays.com\/fr\/wp-json\/wp\/v2\/comments?post=611527"}],"version-history":[{"count":0,"href":"https:\/\/www.europesays.com\/fr\/wp-json\/wp\/v2\/posts\/611527\/revisions"}],"wp:featuredmedia":[{"embeddable":true,"href":"https:\/\/www.europesays.com\/fr\/wp-json\/wp\/v2\/media\/2486"}],"wp:attachment":[{"href":"https:\/\/www.europesays.com\/fr\/wp-json\/wp\/v2\/media?parent=611527"}],"wp:term":[{"taxonomy":"category","embeddable":true,"href":"https:\/\/www.europesays.com\/fr\/wp-json\/wp\/v2\/categories?post=611527"},{"taxonomy":"post_tag","embeddable":true,"href":"https:\/\/www.europesays.com\/fr\/wp-json\/wp\/v2\/tags?post=611527"}],"curies":[{"name":"wp","href":"https:\/\/api.w.org\/{rel}","templated":true}]}}