{"id":611532,"date":"2025-12-20T10:29:18","date_gmt":"2025-12-20T10:29:18","guid":{"rendered":"https:\/\/www.europesays.com\/fr\/611532\/"},"modified":"2025-12-20T10:29:18","modified_gmt":"2025-12-20T10:29:18","slug":"coleopteres-mousses-champignons-en-norvege-le-plus-grand-gisement-deurope-de-terres-rares-suspendu-au-sort-despeces-en-voie-de-disparition","status":"publish","type":"post","link":"https:\/\/www.europesays.com\/fr\/611532\/","title":{"rendered":"Col\u00e9opt\u00e8res, mousses, champignons&#8230; en Norv\u00e8ge, le plus grand gisement d&rsquo;Europe de terres rares suspendu au sort d\u2019esp\u00e8ces en voie de disparition"},"content":{"rendered":"<p>\n    \u00c0 Ulefoss, le calendrier d\u2019exploitation de 8,8 millions de tonnes de terres rares a \u00e9t\u00e9 repouss\u00e9, car des expertises ont recens\u00e9 sur le site 78 esp\u00e8ces animales et v\u00e9g\u00e9tales menac\u00e9es de disparition.<\/p>\n<p class=\"fig-paragraph\">\u00c0 l&rsquo;heure o\u00f9 l&rsquo;Europe cherche d\u00e9sesp\u00e9r\u00e9ment \u00e0 accro\u00eetre son autonomie strat\u00e9gique, les plans de d\u00e9veloppement du plus grand gisement de<a href=\"http:\/\/www.lefigaro.fr\/conjoncture\/8-8-millions-de-tonnes-de-terres-rares-un-groupe-minier-dit-avoir-decouvert-en-norvege-le-plus-grand-gisement-d-europe-20240606\" data-fig-type=\"NewsFlash\" data-gtm-custom-categorie=\"navigation\" data-gtm-custom-action=\"crossclick\" data-gtm-custom-label=\"Contextuel\" data-gtm-event=\"customEventSPE\" data-fig-domain=\"LEFIGARO\" target=\"_blank\" rel=\"noopener\">\u00a0terres rares<\/a>\u00a0du continent se heurtent aux craintes suscit\u00e9es par l&rsquo;impact sur des col\u00e9opt\u00e8res, mousses, champignons et autres esp\u00e8ces menac\u00e9es.<\/p>\n<p class=\"fig-paragraph\">\u00c0 deux heures de route au sud-ouest d&rsquo;Oslo, Ulefoss, ancienne bourgade mini\u00e8re de quelque 2000 habitants, repose sur un tr\u00e9sor, le Fensfeltet\u00a0: 8,8 millions de tonnes de terres rares, des m\u00e9taux indispensables \u00e0 la transition \u00e9nerg\u00e9tique et num\u00e9rique, et d\u00e9finis comme critiques par l&rsquo;Union europ\u00e9enne. \u00abVous avez des terres rares dans la poche quand vous avez un smartphone sur vous. Vous roulez avec des terres rares quand vous \u00eates au volant d&rsquo;un v\u00e9hicule \u00e9lectrique, et vous avez besoin de terres rares pour fabriquer du mat\u00e9riel de d\u00e9fense comme les avions F-35\u00bb, explique Tor Espen Simonsen, responsable local de Rare Earths Norway, l&rsquo;entreprise qui dispose des droits d&rsquo;extraction.<\/p>\n<p>                                            <a class=\"fig-a11y-skip\" href=\"#fig-a11y-skip-main-inarticle\" data-module=\"a11y-skip\" data-context=\"was @visible\"><br \/>\n    Passer la publicit\u00e9<br \/>\n<\/a>            <\/p>\n<p class=\"fig-paragraph\">\u00abAujourd&rsquo;hui, l&rsquo;industrie europ\u00e9enne importe presque la totalit\u00e9, 98%, des terres rares dont elle a besoin depuis un seul pays: la Chine. Nous sommes donc dans une situation o\u00f9 l&rsquo;Europe doit se procurer davantage de ces mati\u00e8res premi\u00e8res par elle-m\u00eame\u00bb, ajoute-t-il. Dans son r\u00e8glement sur les mati\u00e8res premi\u00e8res critiques (CRMA), destin\u00e9 \u00e0 s\u00e9curiser ses approvisionnements, l&rsquo;UE s&rsquo;est fix\u00e9 l&rsquo;objectif de subvenir \u00e0 au moins 10% de ses besoins \u00e0 l&rsquo;horizon 2030. Or, aucun gisement de terres rares n&rsquo;est aujourd&rsquo;hui en exploitation sur le continent.<\/p>\n<p>                                            \u00abSe h\u00e2ter lentement\u00bb<\/p>\n<p class=\"fig-paragraph\">Rare Earths Norway a d\u00e9j\u00e0 d\u00fb repousser son calendrier et envisage d\u00e9sormais d&rsquo;entamer l&rsquo;extraction dans la premi\u00e8re moiti\u00e9 de la d\u00e9cennie 2030 en raison de pr\u00e9occupations environnementales. Si son projet dit de \u00abmine invisible\u00bb limite son empreinte \u00e9cologique en pr\u00e9voyant une extraction et un concassage sous terre &#8211; par opposition \u00e0 une mine \u00e0 ciel ouvert &#8211; ainsi que la r\u00e9injection sous le sol d&rsquo;une grande partie des r\u00e9sidus miniers, l&#8217;emplacement privil\u00e9gi\u00e9 pour son parc minier pose probl\u00e8me.<\/p>\n<p class=\"fig-paragraph\">L&rsquo;entreprise souhaiterait faire remonter ses minerais derri\u00e8re une colline, dans une zone \u00e0 l&rsquo;abri des regards et essentiellement recouverte de for\u00eats naturelles anciennes, riches en biodiversit\u00e9. Des expertises y ont recens\u00e9 78 esp\u00e8ces animales et v\u00e9g\u00e9tales plac\u00e9es sur la liste rouge, c&rsquo;est-\u00e0-dire menac\u00e9es &#8211; \u00e0 des degr\u00e9s divers &#8211; de disparition: diff\u00e9rents col\u00e9opt\u00e8res saproxyliques (li\u00e9s au bois mort), des ormes de montagne, des fr\u00eanes communs, une quarantaine de types de champignons, des mousses&#8230;<\/p>\n<p class=\"fig-paragraph\">\u00c0 tel point que le pr\u00e9fet, lors du cycle de consultations, s&rsquo;est dit formellement oppos\u00e9 \u00e0 cet emplacement. D&rsquo;autant que la d\u00e9charge de st\u00e9riles (roches sans valeur commerciale) dans la zone aurait aussi des cons\u00e9quences extr\u00eamement n\u00e9gatives pour les syst\u00e8mes aquatiques. \u00abNous devons exploiter le plus rapidement possible pour pouvoir nous passer des cha\u00eenes de valeur polluantes en provenance de Chine\u00bb, souligne Martin Molvaer, conseiller de Bellona, une ONG environnementale technophile norv\u00e9gienne. \u00abMais cela ne doit pas aller si vite que nous d\u00e9truisions une grande partie de la nature au passage: il faut donc se h\u00e2ter lentement\u00bb, dit-il.<\/p>\n<p>                                            \u00abPeste et chol\u00e9ra\u00bb<\/p>\n<p class=\"fig-paragraph\">Face \u00e0 ces objections, la municipalit\u00e9 a \u00e9t\u00e9 contrainte de revoir sa copie et d&rsquo;examiner plus attentivement des emplacements alternatifs pour les futures installations en surface de la mine. Une autre zone, \u00e9cologiquement moins sensible, existe bien, mais elle n&rsquo;a les faveurs ni des promoteurs miniers ni de la population locale. \u00abNous reconnaissons que nous devrons sacrifier une partie importante de notre nature\u00bb, confie la maire Linda Thorstensen, \u00abc&rsquo;est un peu comme devoir choisir entre la peste et le chol\u00e9ra\u00bb.<\/p>\n<p>                                            <a class=\"fig-a11y-skip\" href=\"#fig-a11y-skip-main-inarticle_mtf\" data-module=\"a11y-skip\" data-context=\"was @visible\"><br \/>\n    Passer la publicit\u00e9<br \/>\n<\/a>            <\/p>\n<p class=\"fig-paragraph\">Mais dans une bourgade qui perd ses emplois et ses jeunes depuis des d\u00e9cennies, l&rsquo;\u00e9dile reste tr\u00e8s favorable au projet, y voyant \u00abune nouvelle aventure\u00bb. \u00abBeaucoup de personnes vivent en marge du march\u00e9 du travail, nombreuses sont celles qui per\u00e7oivent une aide sociale ou une pension d&rsquo;invalidit\u00e9. Nous avons donc besoin d&#8217;emplois et de perspectives\u00bb, dit-elle.<\/p>\n<p class=\"fig-paragraph\">Dans les rues clairsem\u00e9es d&rsquo;Ulefoss, la population est aussi prudemment positive. \u00abNous voulons une dynamique qui nous permette de nous enrichir, que la commune en retire quelque chose. Nous avons besoin d&rsquo;argent et de davantage d&rsquo;habitants\u00bb, t\u00e9moigne Inger Norendal, enseignante \u00e0 la retraite de 70 ans. \u00abMais l&rsquo;exploitation mini\u00e8re a aussi \u00e9videmment le revers de sa m\u00e9daille.\u00bb<\/p>\n","protected":false},"excerpt":{"rendered":"\u00c0 Ulefoss, le calendrier d\u2019exploitation de 8,8 millions de tonnes de terres rares a \u00e9t\u00e9 repouss\u00e9, car des&hellip;\n","protected":false},"author":2,"featured_media":611533,"comment_status":"","ping_status":"","sticky":false,"template":"","format":"standard","meta":{"footnotes":""},"categories":[1586],"tags":[1111,47,11,1117,1109,1112,636,341,257,1777,674,632,1108,107,1106,1107,1119,1011,27,1116,1110,1114,500,12,1113,1118,25,137,401,1115],"class_list":{"0":"post-611532","1":"post","2":"type-post","3":"status-publish","4":"format-standard","5":"has-post-thumbnail","7":"category-europe","8":"tag-actu","9":"tag-actualite","10":"tag-actualites","11":"tag-assurance","12":"tag-breves","13":"tag-depeches","14":"tag-devises","15":"tag-emploi","16":"tag-entreprise","17":"tag-eu","18":"tag-europe","19":"tag-fcp","20":"tag-fil","21":"tag-fil-info","22":"tag-flash","23":"tag-flash-actu","24":"tag-formation","25":"tag-fr","26":"tag-france","27":"tag-immobilier","28":"tag-informations","29":"tag-infos","30":"tag-medias","31":"tag-news","32":"tag-nouvelles","33":"tag-placement","34":"tag-republique-francaise","35":"tag-retraite","36":"tag-sicav","37":"tag-taux"},"share_on_mastodon":{"url":"https:\/\/pubeurope.com\/@fr\/115751431233069485","error":""},"_links":{"self":[{"href":"https:\/\/www.europesays.com\/fr\/wp-json\/wp\/v2\/posts\/611532","targetHints":{"allow":["GET"]}}],"collection":[{"href":"https:\/\/www.europesays.com\/fr\/wp-json\/wp\/v2\/posts"}],"about":[{"href":"https:\/\/www.europesays.com\/fr\/wp-json\/wp\/v2\/types\/post"}],"author":[{"embeddable":true,"href":"https:\/\/www.europesays.com\/fr\/wp-json\/wp\/v2\/users\/2"}],"replies":[{"embeddable":true,"href":"https:\/\/www.europesays.com\/fr\/wp-json\/wp\/v2\/comments?post=611532"}],"version-history":[{"count":0,"href":"https:\/\/www.europesays.com\/fr\/wp-json\/wp\/v2\/posts\/611532\/revisions"}],"wp:featuredmedia":[{"embeddable":true,"href":"https:\/\/www.europesays.com\/fr\/wp-json\/wp\/v2\/media\/611533"}],"wp:attachment":[{"href":"https:\/\/www.europesays.com\/fr\/wp-json\/wp\/v2\/media?parent=611532"}],"wp:term":[{"taxonomy":"category","embeddable":true,"href":"https:\/\/www.europesays.com\/fr\/wp-json\/wp\/v2\/categories?post=611532"},{"taxonomy":"post_tag","embeddable":true,"href":"https:\/\/www.europesays.com\/fr\/wp-json\/wp\/v2\/tags?post=611532"}],"curies":[{"name":"wp","href":"https:\/\/api.w.org\/{rel}","templated":true}]}}