{"id":611544,"date":"2025-12-20T10:48:12","date_gmt":"2025-12-20T10:48:12","guid":{"rendered":"https:\/\/www.europesays.com\/fr\/611544\/"},"modified":"2025-12-20T10:48:12","modified_gmt":"2025-12-20T10:48:12","slug":"videos-atp-djokovic-est-deja-en-forme-ca-se-sent","status":"publish","type":"post","link":"https:\/\/www.europesays.com\/fr\/611544\/","title":{"rendered":"Vid\u00e9os, ATP > Djokovic est d\u00e9j\u00e0 en forme, \u00e7a se sent !"},"content":{"rendered":"<p>Il semble bien que Nole ait pris le temps de bien analyser la situa\u00adtion pour se convaincre qu\u2019il pouvait encore jouer les premiers r\u00f4les.\u00a0<\/p>\n<p>Que cela ne passait pas par une \u00e9volu\u00adtion tech\u00adnique de son jeu mais qu\u2019il fallait qu\u2019il retrouve une condi\u00adtion physique parfaite. Il a donc recrut\u00e9 un docteur de renom et il s\u2019est mis au travail.\u00a0<\/p>\n<blockquote class=\"twitter-tweet\">\n<p lang=\"en\" dir=\"ltr\">\ud83d\udea8 Novak Djokovic has arrived in Dubai for the next phase of his Australian Open prepa\u00adra\u00adtion.<\/p>\n<p>He has comple\u00adtely revamped his body and trai\u00adning to have a huge 2026 season.<a href=\"https:\/\/t.co\/pkI6fcOhPC\" data-wpel-link=\"external\" target=\"_blank\" rel=\"nofollow external noopener\">pic.twitter.com\/pkI6fcOhPC<\/a><\/p>\n<p>\u2014 Danny (@DjokovicFan_) <a href=\"https:\/\/twitter.com\/DjokovicFan_\/status\/2002075050296668521?ref_src=twsrc%5Etfw\" data-wpel-link=\"external\" target=\"_blank\" rel=\"nofollow external noopener\">December 19,\u00a02025<\/a><\/p><\/blockquote>\n<p>A Duba\u00ef en ce moment, on voit bien sur ces images qu\u2019il est rapide, alerte, pr\u00e9cis.<\/p>\n<p>Si Nole a retrouv\u00e9 du gaz et de l\u2019en\u00addu\u00adrance, il est \u00e9vident qu\u2019il peut esp\u00e9rer accro\u00adcher ce fameux 25\u00e8me titre \u00e0 son palmar\u00e8s.\u00a0<\/p>\n<p class=\"post-published-date\" style=\"color: silver; font-size: 75%; text-align: left;\">Publi\u00e9 le samedi 20 d\u00e9cembre 2025 \u00e0 09:55<\/p>\n<p>  <script async src=\"https:\/\/platform.twitter.com\/widgets.js\" charset=\"utf-8\"><\/script><\/p>\n","protected":false},"excerpt":{"rendered":"Il semble bien que Nole ait pris le temps de bien analyser la situa\u00adtion pour se convaincre qu\u2019il&hellip;\n","protected":false},"author":2,"featured_media":611545,"comment_status":"","ping_status":"","sticky":false,"template":"","format":"standard","meta":{"footnotes":""},"categories":[1415],"tags":[105,1011,27,60,1467],"class_list":{"0":"post-611544","1":"post","2":"type-post","3":"status-publish","4":"format-standard","5":"has-post-thumbnail","7":"category-tennis","8":"tag-djokovic","9":"tag-fr","10":"tag-france","11":"tag-sports","12":"tag-tennis"},"share_on_mastodon":{"url":"https:\/\/pubeurope.com\/@fr\/115751505326030774","error":""},"_links":{"self":[{"href":"https:\/\/www.europesays.com\/fr\/wp-json\/wp\/v2\/posts\/611544","targetHints":{"allow":["GET"]}}],"collection":[{"href":"https:\/\/www.europesays.com\/fr\/wp-json\/wp\/v2\/posts"}],"about":[{"href":"https:\/\/www.europesays.com\/fr\/wp-json\/wp\/v2\/types\/post"}],"author":[{"embeddable":true,"href":"https:\/\/www.europesays.com\/fr\/wp-json\/wp\/v2\/users\/2"}],"replies":[{"embeddable":true,"href":"https:\/\/www.europesays.com\/fr\/wp-json\/wp\/v2\/comments?post=611544"}],"version-history":[{"count":0,"href":"https:\/\/www.europesays.com\/fr\/wp-json\/wp\/v2\/posts\/611544\/revisions"}],"wp:featuredmedia":[{"embeddable":true,"href":"https:\/\/www.europesays.com\/fr\/wp-json\/wp\/v2\/media\/611545"}],"wp:attachment":[{"href":"https:\/\/www.europesays.com\/fr\/wp-json\/wp\/v2\/media?parent=611544"}],"wp:term":[{"taxonomy":"category","embeddable":true,"href":"https:\/\/www.europesays.com\/fr\/wp-json\/wp\/v2\/categories?post=611544"},{"taxonomy":"post_tag","embeddable":true,"href":"https:\/\/www.europesays.com\/fr\/wp-json\/wp\/v2\/tags?post=611544"}],"curies":[{"name":"wp","href":"https:\/\/api.w.org\/{rel}","templated":true}]}}